{"id":1727,"date":"2023-11-07T12:45:00","date_gmt":"2023-11-07T11:45:00","guid":{"rendered":"\/blog\/?p=1727"},"modified":"2023-11-07T17:13:45","modified_gmt":"2023-11-07T16:13:45","slug":"advent-advent-drei-ideen-fuer-deinen-adventskalender","status":"publish","type":"post","link":"https:\/\/www.smartphoto.ch\/blog\/advent-advent-drei-ideen-fuer-deinen-adventskalender","title":{"rendered":"Kreative Ideen f\u00fcr personalisierte Adventskalender"},"content":{"rendered":"<div id=\"bsf_rt_marker\"><\/div><p><span style=\"font-weight: 400\">&nbsp;Ob Gross oder Klein- wir freuen uns alle wie die Schneek\u00f6nige \u00fcber einen Adventskalender, der uns die Vorweihnachtszeit vers\u00fcsst. Es gibt zahlreiche tolle Ideen, einen Adventskalender selbst zu gestalten. In diesem Beitrag m\u00f6chten wir ich Dir unterschiedliche Varianten vorstellen.<br \/>\n<\/span><\/p>\n<p><img loading=\"lazy\" decoding=\"async\" class=\"alignnone wp-image-4971 size-full\" src=\"https:\/\/storage.googleapis.com\/smartphoto-express-production-wp-blogs-com\/16\/2017\/11\/DIY-Adventskalender-Blog-1-1.png\" alt=\"\" width=\"720\" height=\"480\" srcset=\"https:\/\/storage.googleapis.com\/smartphoto-express-production-wp-blogs-com\/16\/2017\/11\/DIY-Adventskalender-Blog-1-1.png 720w, https:\/\/storage.googleapis.com\/smartphoto-express-production-wp-blogs-com\/16\/2017\/11\/DIY-Adventskalender-Blog-1-1-300x200.png 300w\" sizes=\"auto, (max-width: 720px) 100vw, 720px\" \/><\/p>\n<h2><strong>Eulenkalender<\/strong><\/h2>\n<p>In diesem Jahr haben es uns kleine Eulen besonders angetan und wir m\u00f6chten diese Idee gerne mit Euch teilen.<\/p>\n<p>Zum Basteln werden folgende Materialen ben\u00f6tigt:<\/p>\n<ul>\n<li>24 Papiert\u00fcten (mit Kreuzboden)<\/li>\n<li>24 W\u00e4scheklammern<\/li>\n<li>24 Nummern (<a href=\"https:\/\/www.smartphoto.ch\/de\/fotogeschenke\/sticker-mit-foto\" target=\"_blank\" rel=\"noopener noreferrer\">Sticker<\/a> mit Zahlen)<\/li>\n<li>Papier f\u00fcr die B\u00e4uche und Augen<\/li>\n<li>Schere und Leim\/Klebstoff<\/li>\n<\/ul>\n<p><a href=\"https:\/\/storage.googleapis.com\/smartphoto-express-production-wp-blogs-com\/16\/2017\/11\/Bastelmaterial_Eulen.jpeg\" target=\"_blank\" rel=\"noopener\"><img loading=\"lazy\" decoding=\"async\" class=\"col-2 col-2-1 alignnone wp-image-1763 size-full\" src=\"https:\/\/storage.googleapis.com\/smartphoto-express-production-wp-blogs-com\/16\/2017\/11\/Bastelmaterial_Eulen.jpeg\" alt=\"adventskalender-eulen-papiert\u00fcten-sticker-los-gehts-smartphoto\" width=\"360\" height=\"360\" srcset=\"https:\/\/storage.googleapis.com\/smartphoto-express-production-wp-blogs-com\/16\/2017\/11\/Bastelmaterial_Eulen.jpeg 360w, https:\/\/storage.googleapis.com\/smartphoto-express-production-wp-blogs-com\/16\/2017\/11\/Bastelmaterial_Eulen-150x150.jpeg 150w, https:\/\/storage.googleapis.com\/smartphoto-express-production-wp-blogs-com\/16\/2017\/11\/Bastelmaterial_Eulen-300x300.jpeg 300w\" sizes=\"auto, (max-width: 360px) 100vw, 360px\" \/><\/a><a href=\"https:\/\/storage.googleapis.com\/smartphoto-express-production-wp-blogs-com\/16\/2017\/11\/Fotosticker_DIY_smartphoto_Adventskalender.jpeg\" target=\"_blank\" rel=\"noopener\"><img loading=\"lazy\" decoding=\"async\" class=\"col-2 col-2-2 alignnone wp-image-1769 size-full\" src=\"https:\/\/storage.googleapis.com\/smartphoto-express-production-wp-blogs-com\/16\/2017\/11\/Fotosticker_DIY_smartphoto_Adventskalender.jpeg\" alt=\"adventskalender-sticker-smartphoto\" width=\"360\" height=\"360\" srcset=\"https:\/\/storage.googleapis.com\/smartphoto-express-production-wp-blogs-com\/16\/2017\/11\/Fotosticker_DIY_smartphoto_Adventskalender.jpeg 360w, https:\/\/storage.googleapis.com\/smartphoto-express-production-wp-blogs-com\/16\/2017\/11\/Fotosticker_DIY_smartphoto_Adventskalender-150x150.jpeg 150w, https:\/\/storage.googleapis.com\/smartphoto-express-production-wp-blogs-com\/16\/2017\/11\/Fotosticker_DIY_smartphoto_Adventskalender-300x300.jpeg 300w\" sizes=\"auto, (max-width: 360px) 100vw, 360px\" \/><\/a><\/p>\n<p>Am besten legst Du die T\u00fcten mit dem Kreuzboden nach vorne vor Dir auf den Tisch. Danach faltest Du die Ecken nach vorne und den Kreuzboden nach hinten.<\/p>\n<p><a href=\"https:\/\/storage.googleapis.com\/smartphoto-express-production-wp-blogs-com\/16\/2017\/11\/Bastelmaterial_Sticker_DIY_smartphoto.jpeg\" target=\"_blank\" rel=\"noopener\"><img loading=\"lazy\" decoding=\"async\" class=\"col-2 col-2-1 alignnone wp-image-1764 size-full\" src=\"https:\/\/storage.googleapis.com\/smartphoto-express-production-wp-blogs-com\/16\/2017\/11\/Bastelmaterial_Sticker_DIY_smartphoto.jpeg\" alt=\"adventskalender-eule-t\u00fcte-packpapier-schere-sticker-smartphoto\" width=\"360\" height=\"360\" srcset=\"https:\/\/storage.googleapis.com\/smartphoto-express-production-wp-blogs-com\/16\/2017\/11\/Bastelmaterial_Sticker_DIY_smartphoto.jpeg 360w, https:\/\/storage.googleapis.com\/smartphoto-express-production-wp-blogs-com\/16\/2017\/11\/Bastelmaterial_Sticker_DIY_smartphoto-150x150.jpeg 150w, https:\/\/storage.googleapis.com\/smartphoto-express-production-wp-blogs-com\/16\/2017\/11\/Bastelmaterial_Sticker_DIY_smartphoto-300x300.jpeg 300w\" sizes=\"auto, (max-width: 360px) 100vw, 360px\" \/><\/a><a href=\"https:\/\/storage.googleapis.com\/smartphoto-express-production-wp-blogs-com\/16\/2017\/11\/Papiert\u00fcte_falten_DIY_Adventskalender_smartphoto.jpeg\" target=\"_blank\" rel=\"noopener\"><img loading=\"lazy\" decoding=\"async\" class=\"col-2 col-2-2 alignnone wp-image-1770 size-full\" src=\"https:\/\/storage.googleapis.com\/smartphoto-express-production-wp-blogs-com\/16\/2017\/11\/Papiert\u00fcte_falten_DIY_Adventskalender_smartphoto.jpeg\" alt=\"adventskalender-eulen-t\u00fcte-packpaier-falten-smartphoto\" width=\"360\" height=\"360\" srcset=\"https:\/\/storage.googleapis.com\/smartphoto-express-production-wp-blogs-com\/16\/2017\/11\/Papiert\u00fcte_falten_DIY_Adventskalender_smartphoto.jpeg 360w, https:\/\/storage.googleapis.com\/smartphoto-express-production-wp-blogs-com\/16\/2017\/11\/Papiert\u00fcte_falten_DIY_Adventskalender_smartphoto-150x150.jpeg 150w, https:\/\/storage.googleapis.com\/smartphoto-express-production-wp-blogs-com\/16\/2017\/11\/Papiert\u00fcte_falten_DIY_Adventskalender_smartphoto-300x300.jpeg 300w\" sizes=\"auto, (max-width: 360px) 100vw, 360px\" \/><\/a><\/p>\n<p>Als n\u00e4chstes schneidest Du aus farbigem Papier die Eulen-B\u00e4uche aus und klebst diese, b\u00fcndig mit der unteren Kante, auf die Papiert\u00fcten.<\/p>\n<p><a href=\"https:\/\/storage.googleapis.com\/smartphoto-express-production-wp-blogs-com\/16\/2017\/11\/Adventskalender_Eule_Bauch_DIY_smartphoto.jpeg\" target=\"_blank\" rel=\"noopener\"><img loading=\"lazy\" decoding=\"async\" class=\"col-2 col-2-1 alignnone wp-image-1758 size-full\" src=\"https:\/\/storage.googleapis.com\/smartphoto-express-production-wp-blogs-com\/16\/2017\/11\/Adventskalender_Eule_Bauch_DIY_smartphoto.jpeg\" alt=\"adventskalender-eulen-eulenbauch-aufzeichnen-smartphoto\" width=\"360\" height=\"360\" srcset=\"https:\/\/storage.googleapis.com\/smartphoto-express-production-wp-blogs-com\/16\/2017\/11\/Adventskalender_Eule_Bauch_DIY_smartphoto.jpeg 360w, https:\/\/storage.googleapis.com\/smartphoto-express-production-wp-blogs-com\/16\/2017\/11\/Adventskalender_Eule_Bauch_DIY_smartphoto-150x150.jpeg 150w, https:\/\/storage.googleapis.com\/smartphoto-express-production-wp-blogs-com\/16\/2017\/11\/Adventskalender_Eule_Bauch_DIY_smartphoto-300x300.jpeg 300w\" sizes=\"auto, (max-width: 360px) 100vw, 360px\" \/><\/a><a href=\"https:\/\/storage.googleapis.com\/smartphoto-express-production-wp-blogs-com\/16\/2017\/11\/Adventskalender_selbermachen_DIY_smartphoto.jpeg\" target=\"_blank\" rel=\"noopener\"><img loading=\"lazy\" decoding=\"async\" class=\"col-2 col-2-2 alignnone wp-image-1762 size-full\" src=\"https:\/\/storage.googleapis.com\/smartphoto-express-production-wp-blogs-com\/16\/2017\/11\/Adventskalender_selbermachen_DIY_smartphoto.jpeg\" alt=\"adventskalender-eulen-eulenbauch-aufkleben-t\u00fcte-smartphoto\" width=\"360\" height=\"360\" srcset=\"https:\/\/storage.googleapis.com\/smartphoto-express-production-wp-blogs-com\/16\/2017\/11\/Adventskalender_selbermachen_DIY_smartphoto.jpeg 360w, https:\/\/storage.googleapis.com\/smartphoto-express-production-wp-blogs-com\/16\/2017\/11\/Adventskalender_selbermachen_DIY_smartphoto-150x150.jpeg 150w, https:\/\/storage.googleapis.com\/smartphoto-express-production-wp-blogs-com\/16\/2017\/11\/Adventskalender_selbermachen_DIY_smartphoto-300x300.jpeg 300w\" sizes=\"auto, (max-width: 360px) 100vw, 360px\" \/><\/a><\/p>\n<p>Nach dem Bef\u00fcllen klappst Du den Schnabel nach unten, befestigst die Augen und die Zahl und verschliesst die Eule mit einer W\u00e4scheklammer. Sollte diese nicht ausreichend sein, kannst Du von der Innenseite am Schnabel noch etwas doppelseitigen Klebestreifen anbringen.<\/p>\n<p><a href=\"https:\/\/storage.googleapis.com\/smartphoto-express-production-wp-blogs-com\/16\/2017\/11\/Adventskalender_Eulen_selbermachen_DIY_smartphoto.jpeg\" target=\"_blank\" rel=\"noopener\"><img loading=\"lazy\" decoding=\"async\" class=\"col-2 col-2-1 alignnone wp-image-1759 size-full\" src=\"https:\/\/storage.googleapis.com\/smartphoto-express-production-wp-blogs-com\/16\/2017\/11\/Adventskalender_Eulen_selbermachen_DIY_smartphoto.jpeg\" alt=\"adventskalender-eulen-eulenaugen-w\u00e4scheklammer-smartphoto\" width=\"360\" height=\"360\" srcset=\"https:\/\/storage.googleapis.com\/smartphoto-express-production-wp-blogs-com\/16\/2017\/11\/Adventskalender_Eulen_selbermachen_DIY_smartphoto.jpeg 360w, https:\/\/storage.googleapis.com\/smartphoto-express-production-wp-blogs-com\/16\/2017\/11\/Adventskalender_Eulen_selbermachen_DIY_smartphoto-150x150.jpeg 150w, https:\/\/storage.googleapis.com\/smartphoto-express-production-wp-blogs-com\/16\/2017\/11\/Adventskalender_Eulen_selbermachen_DIY_smartphoto-300x300.jpeg 300w\" sizes=\"auto, (max-width: 360px) 100vw, 360px\" \/><\/a><a href=\"https:\/\/storage.googleapis.com\/smartphoto-express-production-wp-blogs-com\/16\/2017\/11\/Eulen_Papiert\u00fcten_Adventskalender_selbermachen_DIY_smartphoto.jpeg\" target=\"_blank\" rel=\"noopener\"><img loading=\"lazy\" decoding=\"async\" class=\"col-2 col-2-2 alignnone wp-image-1766 size-full\" src=\"https:\/\/storage.googleapis.com\/smartphoto-express-production-wp-blogs-com\/16\/2017\/11\/Eulen_Papiert\u00fcten_Adventskalender_selbermachen_DIY_smartphoto.jpeg\" alt=\"adventskalender-eulen-sticker-bereit-smartphoto\" width=\"360\" height=\"360\" srcset=\"https:\/\/storage.googleapis.com\/smartphoto-express-production-wp-blogs-com\/16\/2017\/11\/Eulen_Papiert\u00fcten_Adventskalender_selbermachen_DIY_smartphoto.jpeg 360w, https:\/\/storage.googleapis.com\/smartphoto-express-production-wp-blogs-com\/16\/2017\/11\/Eulen_Papiert\u00fcten_Adventskalender_selbermachen_DIY_smartphoto-150x150.jpeg 150w, https:\/\/storage.googleapis.com\/smartphoto-express-production-wp-blogs-com\/16\/2017\/11\/Eulen_Papiert\u00fcten_Adventskalender_selbermachen_DIY_smartphoto-300x300.jpeg 300w\" sizes=\"auto, (max-width: 360px) 100vw, 360px\" \/><\/a><\/p>\n<p>Hier ein paar kleine Ideen f\u00fcr den Inhalt der P\u00e4ckchen:<\/p>\n<ul>\n<li><strong>F\u00fcr M\u00e4nner:<\/strong> Alkoholische Getr\u00e4nke, Socken, USB-Ladekabel, Lippenbalsam, N\u00fcsse, S\u00fcssigkeiten<\/li>\n<li><strong>F\u00fcr Frauen:&nbsp;<\/strong>Schminke, Schokolade, Parf\u00fcm, Seife, Badezusatz, Tee, Handcreme<\/li>\n<li><strong>F\u00fcr Kinder:<\/strong> Stempel, Stempelkissen, Haarspangen, Haargummis, B\u00fcchlein, Lego\/Playmobil, Spielzeug, Schokolade<\/li>\n<\/ul>\n<p>Eine Vorlage f\u00fcr die Sticker findest Du <a href=\"https:\/\/smartphoto-media.com\/designs\/sticker_adventskalender.zip\" target=\"_blank\" rel=\"noopener noreferrer\">hier.<\/a><\/p>\n<h2>DIY Adventskalender am Ast<\/h2>\n<p>Was du brauchst:<\/p>\n<ul>\n<li>Personalisierte <a href=\"https:\/\/www.smartphoto.ch\/de\/fotokalender-fotoagenden\/adventskalender\/diy-adventskalender-set\">DIY-T\u00fcten oder Boxen<\/a><\/li>\n<li><a href=\"https:\/\/www.smartphoto.ch\/de\/fotogeschenke\/weihnachtskugel\">Weihnachtskugeln<\/a><\/li>\n<li>Tannenzweige<\/li>\n<li>Ast<\/li>\n<li>Schnur<\/li>\n<li>Schere<\/li>\n<li>Tacker<\/li>\n<\/ul>\n<p><img loading=\"lazy\" decoding=\"async\" class=\"alignnone size-full wp-image-7824\" src=\"https:\/\/storage.googleapis.com\/smartphoto-express-production-wp-blogs-com\/16\/2022\/11\/diy.png\" alt=\"\" width=\"1007\" height=\"675\" srcset=\"https:\/\/storage.googleapis.com\/smartphoto-express-production-wp-blogs-com\/16\/2022\/11\/diy.png 1007w, https:\/\/storage.googleapis.com\/smartphoto-express-production-wp-blogs-com\/16\/2022\/11\/diy-300x201.png 300w, https:\/\/storage.googleapis.com\/smartphoto-express-production-wp-blogs-com\/16\/2022\/11\/diy-768x515.png 768w\" sizes=\"auto, (max-width: 1007px) 100vw, 1007px\" \/><\/p>\n<p>So geht`s:<\/p>\n<p>Zun\u00e4chst werden alle T\u00fctchen mittig gelocht, mit einem Faden versehen und die jeweiligen Daten von 1 bis 24 mit den Klammern angebracht. Anschliessend werden die T\u00fcten an dem Ast montiert und mit Dekoration (Zweige, Kugeln) geschm\u00fcckt. Zu guter Letzt wird das fertige Arrangement an einem St\u00fcck Seil oder Schnur befestigt und an einem Haken oder Nagel an einer beliebigen Stelle in der Wohnung aufgeh\u00e4ngt.<\/p>\n<h2><strong>Einfach und schnell<\/strong><\/h2>\n<p>Eine einfache und schnelle Idee ist ein Geschenk mit 24 Flaschen, das sich super f\u00fcr den Mann, Freund, Papa oder Opa eignet.<\/p>\n<p>F\u00fcr diese Variante ben\u00f6tigst Du 24 S\u00e4ckchen f\u00fcr Flaschen, <a href=\"https:\/\/www.smartphoto.ch\/de\/fotogeschenke\/flaschenetiketten\">Flaschen-Etiketten<\/a> oder z.B. <a href=\"https:\/\/www.smartphoto.ch\/de\/fotogeschenke\/foto-wein-box\" target=\"_blank\" rel=\"noopener noreferrer\">Foto-Wein-Boxen<\/a>. Danach bef\u00fcllst Du die S\u00e4ckchen oder Boxen mit den Lieblingsgetr\u00e4nken des Beschenkten. Von Wein \u00fcber Bier, Gin, Whiskey, Schnaps, Softgetr\u00e4nke, Mineralwasser und so weiter und so fort. Der Auswahl sind keine Grenzen gesetzt.<\/p>\n<div id=\"attachment_4848\" style=\"width: 690px\" class=\"wp-caption alignnone\"><a href=\"https:\/\/www.smartphoto.ch\/de\/fotogeschenke\/flaschenetiketten\"><img loading=\"lazy\" decoding=\"async\" aria-describedby=\"caption-attachment-4848\" class=\"wp-image-4848 size-large\" src=\"https:\/\/storage.googleapis.com\/smartphoto-express-production-wp-blogs-com\/16\/2017\/11\/BottleLabels_Shoot_Lifestyle28-min-1024x684.jpg\" alt=\"\" width=\"680\" height=\"454\" srcset=\"https:\/\/storage.googleapis.com\/smartphoto-express-production-wp-blogs-com\/16\/2017\/11\/BottleLabels_Shoot_Lifestyle28-min-1024x684.jpg 1024w, https:\/\/storage.googleapis.com\/smartphoto-express-production-wp-blogs-com\/16\/2017\/11\/BottleLabels_Shoot_Lifestyle28-min-300x200.jpg 300w, https:\/\/storage.googleapis.com\/smartphoto-express-production-wp-blogs-com\/16\/2017\/11\/BottleLabels_Shoot_Lifestyle28-min-768x513.jpg 768w, https:\/\/storage.googleapis.com\/smartphoto-express-production-wp-blogs-com\/16\/2017\/11\/BottleLabels_Shoot_Lifestyle28-min-1536x1025.jpg 1536w, https:\/\/storage.googleapis.com\/smartphoto-express-production-wp-blogs-com\/16\/2017\/11\/BottleLabels_Shoot_Lifestyle28-min-2048x1367.jpg 2048w\" sizes=\"auto, (max-width: 680px) 100vw, 680px\" \/><\/a><p id=\"caption-attachment-4848\" class=\"wp-caption-text\"><a href=\"https:\/\/www.smartphoto.ch\/de\/fotogeschenke\/flaschenetiketten\">Flaschenetiketten<\/a> mit pers\u00f6nlicher Note<\/p><\/div>\n<p>Wenn der\/die Beschenkte gerne kocht, eignen sich ebenfalls \u00d6le und Essig als Geschenkideen.<\/p>\n<p>Du kannst auch verschieden grosse Boxen nehmen und zwischendurch eine Knabberei wie Pistazien, Bretzel, etc. in die Boxen f\u00fcllen. So ist auch bereits f\u00fcr den n\u00e4chsten Ap\u00e9ro vorgesorgt. <span style=\"font-weight: 400\">Falls Du es eher klein und fein magst- wie w\u00e4re es mit kleinen <a href=\"https:\/\/www.smartphoto.ch\/de\/fotokalender-fotoagenden\/diy-adventskalender-set\">personalisierbaren<\/a> Boxen?&nbsp;<\/span><\/p>\n<p><a href=\"https:\/\/www.smartphoto.ch\/de\/whitepaper-xmas\"><img loading=\"lazy\" decoding=\"async\" class=\"alignnone wp-image-6990\" src=\"https:\/\/storage.googleapis.com\/smartphoto-express-production-wp-blogs-com\/16\/2022\/11\/1-4-2.png\" alt=\"\" width=\"805\" height=\"313\" srcset=\"https:\/\/storage.googleapis.com\/smartphoto-express-production-wp-blogs-com\/16\/2022\/11\/1-4-2.png 720w, https:\/\/storage.googleapis.com\/smartphoto-express-production-wp-blogs-com\/16\/2022\/11\/1-4-2-300x117.png 300w\" sizes=\"auto, (max-width: 805px) 100vw, 805px\" \/><\/a><\/p>\n<h2><strong>4. Fotos oder k\u00f6stliche Schokolade&nbsp;<\/strong><\/h2>\n<p>Wer kennt sie nicht- die klassischen Adventskalender mit Schokolade? Eine ganz pers\u00f6nliche Note bekommt das Vorweihnachts-Geschenk jedoch erst mit eigenen <a href=\"https:\/\/www.smartphoto.ch\/de\/fotokalender-fotoagenden\/adventskalender-mit-schokolade\">Fotos<\/a>, die als Schokoladentafel verzehrt werden k\u00f6nnen.<\/p>\n<p><img loading=\"lazy\" decoding=\"async\" class=\"alignnone size-full wp-image-7818\" src=\"https:\/\/storage.googleapis.com\/smartphoto-express-production-wp-blogs-com\/16\/2022\/11\/Blau-Einbeziehen-Grundlagen-Blog-Banner-720-\u00d7-480-px-9-1.png\" alt=\"\" width=\"720\" height=\"480\" srcset=\"https:\/\/storage.googleapis.com\/smartphoto-express-production-wp-blogs-com\/16\/2022\/11\/Blau-Einbeziehen-Grundlagen-Blog-Banner-720-\u00d7-480-px-9-1.png 720w, https:\/\/storage.googleapis.com\/smartphoto-express-production-wp-blogs-com\/16\/2022\/11\/Blau-Einbeziehen-Grundlagen-Blog-Banner-720-\u00d7-480-px-9-1-300x200.png 300w\" sizes=\"auto, (max-width: 720px) 100vw, 720px\" \/><\/p>\n<p>Als Alternative gibt es f\u00fcr Freunde oder Familienmitglieder, die auf die Linie achten auch eine Version ohne S\u00fcssigkeiten mit <a href=\"https:\/\/www.smartphoto.ch\/de\/fotokalender-fotoagenden\/foto-adventskalender\">Fotos<\/a> hinter den 24 T\u00fcrchen.<\/p>\n<p><img loading=\"lazy\" decoding=\"async\" class=\"alignnone size-full wp-image-7817\" src=\"https:\/\/storage.googleapis.com\/smartphoto-express-production-wp-blogs-com\/16\/2022\/11\/Blau-Einbeziehen-Grundlagen-Blog-Banner-720-\u00d7-480-px-6-1.png\" alt=\"\" width=\"720\" height=\"480\" srcset=\"https:\/\/storage.googleapis.com\/smartphoto-express-production-wp-blogs-com\/16\/2022\/11\/Blau-Einbeziehen-Grundlagen-Blog-Banner-720-\u00d7-480-px-6-1.png 720w, https:\/\/storage.googleapis.com\/smartphoto-express-production-wp-blogs-com\/16\/2022\/11\/Blau-Einbeziehen-Grundlagen-Blog-Banner-720-\u00d7-480-px-6-1-300x200.png 300w\" sizes=\"auto, (max-width: 720px) 100vw, 720px\" \/><\/p>\n<p>Viel Freude mit unseren Bastelideen!<\/p>\n","protected":false},"excerpt":{"rendered":"<p>&nbsp;Ob Gross oder Klein- wir freuen uns alle wie die Schneek\u00f6nige \u00fcber einen Adventskalender, der uns die Vorweihnachtszeit vers\u00fcsst. Es gibt zahlreiche tolle Ideen, einen Adventskalender selbst zu gestalten. In diesem Beitrag m\u00f6chten wir ich Dir unterschiedliche Varianten vorstellen. Eulenkalender In diesem Jahr haben es uns kleine Eulen besonders angetan und wir m\u00f6chten diese Idee gerne mit Euch teilen. Zum Basteln werden folgende Materialen ben\u00f6tigt: 24 Papiert\u00fcten (mit Kreuzboden) 24 W\u00e4scheklammern 24 Nummern (Sticker mit Zahlen) Papier f\u00fcr die B\u00e4uche und Augen Schere und Leim\/Klebstoff Am besten legst Du die T\u00fcten mit dem Kreuzboden nach vorne vor Dir auf den<\/p>\n","protected":false},"author":68,"featured_media":4971,"comment_status":"open","ping_status":"open","sticky":false,"template":"","format":"standard","meta":{"om_disable_all_campaigns":false,"_monsterinsights_skip_tracking":false,"_monsterinsights_sitenote_active":false,"_monsterinsights_sitenote_note":"","_monsterinsights_sitenote_category":0,"footnotes":""},"categories":[69],"tags":[87,366,835,27,116,1110,202,29,368,42,108,101,122,72],"class_list":["post-1727","post","type-post","status-publish","format-standard","has-post-thumbnail","hentry","category-weihnachten","tag-advent","tag-adventskalender","tag-adventskalender-basteln","tag-basteln","tag-diy","tag-diy-adventskalender","tag-etiketten","tag-foto","tag-foto-wein-box","tag-fotogeschenke","tag-fotoleinwand","tag-geschenke","tag-sticker","tag-weihnachten"],"yoast_head":"<!-- This site is optimized with the Yoast SEO plugin v23.8 - https:\/\/yoast.com\/wordpress\/plugins\/seo\/ -->\n<title>Personalisierbare Adventskalender und DIY - smartphoto<\/title>\n<meta name=\"description\" content=\"M\u00f6chtest Du Deinen Adventskalender selber basteln? Hier findest Du Ideen, um Deine Liebsten mit einem Adventskalender zu beschenken.\" \/>\n<meta name=\"robots\" content=\"index, follow, max-snippet:-1, max-image-preview:large, max-video-preview:-1\" \/>\n<link rel=\"canonical\" href=\"https:\/\/www.smartphoto.ch\/blog\/advent-advent-drei-ideen-fuer-deinen-adventskalender\" \/>\n<meta property=\"og:locale\" content=\"de_DE\" \/>\n<meta property=\"og:type\" content=\"article\" \/>\n<meta property=\"og:title\" content=\"Personalisierbare Adventskalender und DIY - smartphoto\" \/>\n<meta property=\"og:description\" content=\"M\u00f6chtest Du Deinen Adventskalender selber basteln? Hier findest Du Ideen, um Deine Liebsten mit einem Adventskalender zu beschenken.\" \/>\n<meta property=\"og:url\" content=\"https:\/\/www.smartphoto.ch\/blog\/advent-advent-drei-ideen-fuer-deinen-adventskalender\" \/>\n<meta property=\"og:site_name\" content=\"Geschenkideen &amp; Fotogeschenke Blog von Smartphoto\" \/>\n<meta property=\"article:publisher\" content=\"http:\/\/www.facebook.com\/smartphoto.ch\" \/>\n<meta property=\"article:published_time\" content=\"2023-11-07T11:45:00+00:00\" \/>\n<meta property=\"article:modified_time\" content=\"2023-11-07T16:13:45+00:00\" \/>\n<meta property=\"og:image\" content=\"https:\/\/storage.googleapis.com\/smartphoto-express-production-wp-blogs-com\/16\/2017\/11\/DIY-Adventskalender-Blog-1-1.png\" \/>\n\t<meta property=\"og:image:width\" content=\"720\" \/>\n\t<meta property=\"og:image:height\" content=\"480\" \/>\n\t<meta property=\"og:image:type\" content=\"image\/png\" \/>\n<meta name=\"author\" content=\"lara\" \/>\n<meta name=\"twitter:card\" content=\"summary_large_image\" \/>\n<meta name=\"twitter:label1\" content=\"Written by\" \/>\n\t<meta name=\"twitter:data1\" content=\"lara\" \/>\n\t<meta name=\"twitter:label2\" content=\"Est. reading time\" \/>\n\t<meta name=\"twitter:data2\" content=\"6 minutes\" \/>\n<script type=\"application\/ld+json\" class=\"yoast-schema-graph\">{\"@context\":\"https:\/\/schema.org\",\"@graph\":[{\"@type\":\"WebPage\",\"@id\":\"https:\/\/www.smartphoto.ch\/blog\/advent-advent-drei-ideen-fuer-deinen-adventskalender\",\"url\":\"https:\/\/www.smartphoto.ch\/blog\/advent-advent-drei-ideen-fuer-deinen-adventskalender\",\"name\":\"Personalisierbare Adventskalender und DIY - smartphoto\",\"isPartOf\":{\"@id\":\"https:\/\/www.smartphoto.ch\/blog\/#website\"},\"primaryImageOfPage\":{\"@id\":\"https:\/\/www.smartphoto.ch\/blog\/advent-advent-drei-ideen-fuer-deinen-adventskalender#primaryimage\"},\"image\":{\"@id\":\"https:\/\/www.smartphoto.ch\/blog\/advent-advent-drei-ideen-fuer-deinen-adventskalender#primaryimage\"},\"thumbnailUrl\":\"https:\/\/storage.googleapis.com\/smartphoto-express-production-wp-blogs-com\/16\/2017\/11\/DIY-Adventskalender-Blog-1-1.png\",\"datePublished\":\"2023-11-07T11:45:00+00:00\",\"dateModified\":\"2023-11-07T16:13:45+00:00\",\"author\":{\"@id\":\"https:\/\/www.smartphoto.ch\/blog\/#\/schema\/person\/38c3983f33c0b33afe68950ca7cf1859\"},\"description\":\"M\u00f6chtest Du Deinen Adventskalender selber basteln? Hier findest Du Ideen, um Deine Liebsten mit einem Adventskalender zu beschenken.\",\"breadcrumb\":{\"@id\":\"https:\/\/www.smartphoto.ch\/blog\/advent-advent-drei-ideen-fuer-deinen-adventskalender#breadcrumb\"},\"inLanguage\":\"de-DE\",\"potentialAction\":[{\"@type\":\"ReadAction\",\"target\":[\"https:\/\/www.smartphoto.ch\/blog\/advent-advent-drei-ideen-fuer-deinen-adventskalender\"]}]},{\"@type\":\"ImageObject\",\"inLanguage\":\"de-DE\",\"@id\":\"https:\/\/www.smartphoto.ch\/blog\/advent-advent-drei-ideen-fuer-deinen-adventskalender#primaryimage\",\"url\":\"https:\/\/storage.googleapis.com\/smartphoto-express-production-wp-blogs-com\/16\/2017\/11\/DIY-Adventskalender-Blog-1-1.png\",\"contentUrl\":\"https:\/\/storage.googleapis.com\/smartphoto-express-production-wp-blogs-com\/16\/2017\/11\/DIY-Adventskalender-Blog-1-1.png\",\"width\":720,\"height\":480},{\"@type\":\"BreadcrumbList\",\"@id\":\"https:\/\/www.smartphoto.ch\/blog\/advent-advent-drei-ideen-fuer-deinen-adventskalender#breadcrumb\",\"itemListElement\":[{\"@type\":\"ListItem\",\"position\":1,\"name\":\"Home\",\"item\":\"\/blog\/\"},{\"@type\":\"ListItem\",\"position\":2,\"name\":\"Kreative Ideen f\u00fcr personalisierte Adventskalender\"}]},{\"@type\":\"WebSite\",\"@id\":\"https:\/\/www.smartphoto.ch\/blog\/#website\",\"url\":\"https:\/\/www.smartphoto.ch\/blog\/\",\"name\":\"Geschenkideen &amp; Fotogeschenke Blog von Smartphoto\",\"description\":\"Geschenkideen &amp; Fotogeschenke Blog von Smartphoto\",\"potentialAction\":[{\"@type\":\"SearchAction\",\"target\":{\"@type\":\"EntryPoint\",\"urlTemplate\":\"https:\/\/www.smartphoto.ch\/blog\/?s={search_term_string}\"},\"query-input\":{\"@type\":\"PropertyValueSpecification\",\"valueRequired\":true,\"valueName\":\"search_term_string\"}}],\"inLanguage\":\"de-DE\"},{\"@type\":\"Person\",\"@id\":\"https:\/\/www.smartphoto.ch\/blog\/#\/schema\/person\/38c3983f33c0b33afe68950ca7cf1859\",\"name\":\"lara\",\"image\":{\"@type\":\"ImageObject\",\"inLanguage\":\"de-DE\",\"@id\":\"https:\/\/www.smartphoto.ch\/blog\/#\/schema\/person\/image\/\",\"url\":\"https:\/\/secure.gravatar.com\/avatar\/c400116aad14d1c220ac53212ae4cc5b?s=96&d=mm&r=g\",\"contentUrl\":\"https:\/\/secure.gravatar.com\/avatar\/c400116aad14d1c220ac53212ae4cc5b?s=96&d=mm&r=g\",\"caption\":\"lara\"},\"url\":\"https:\/\/www.smartphoto.ch\/blog\/author\/lara\"}]}<\/script>\n<!-- \/ Yoast SEO plugin. -->","yoast_head_json":{"title":"Personalisierbare Adventskalender und DIY - smartphoto","description":"M\u00f6chtest Du Deinen Adventskalender selber basteln? Hier findest Du Ideen, um Deine Liebsten mit einem Adventskalender zu beschenken.","robots":{"index":"index","follow":"follow","max-snippet":"max-snippet:-1","max-image-preview":"max-image-preview:large","max-video-preview":"max-video-preview:-1"},"canonical":"https:\/\/www.smartphoto.ch\/blog\/advent-advent-drei-ideen-fuer-deinen-adventskalender","og_locale":"de_DE","og_type":"article","og_title":"Personalisierbare Adventskalender und DIY - smartphoto","og_description":"M\u00f6chtest Du Deinen Adventskalender selber basteln? Hier findest Du Ideen, um Deine Liebsten mit einem Adventskalender zu beschenken.","og_url":"https:\/\/www.smartphoto.ch\/blog\/advent-advent-drei-ideen-fuer-deinen-adventskalender","og_site_name":"Geschenkideen &amp; Fotogeschenke Blog von Smartphoto","article_publisher":"http:\/\/www.facebook.com\/smartphoto.ch","article_published_time":"2023-11-07T11:45:00+00:00","article_modified_time":"2023-11-07T16:13:45+00:00","og_image":[{"width":720,"height":480,"url":"https:\/\/storage.googleapis.com\/smartphoto-express-production-wp-blogs-com\/16\/2017\/11\/DIY-Adventskalender-Blog-1-1.png","type":"image\/png"}],"author":"lara","twitter_card":"summary_large_image","twitter_misc":{"Written by":"lara","Est. reading time":"6 minutes"},"schema":{"@context":"https:\/\/schema.org","@graph":[{"@type":"WebPage","@id":"https:\/\/www.smartphoto.ch\/blog\/advent-advent-drei-ideen-fuer-deinen-adventskalender","url":"https:\/\/www.smartphoto.ch\/blog\/advent-advent-drei-ideen-fuer-deinen-adventskalender","name":"Personalisierbare Adventskalender und DIY - smartphoto","isPartOf":{"@id":"https:\/\/www.smartphoto.ch\/blog\/#website"},"primaryImageOfPage":{"@id":"https:\/\/www.smartphoto.ch\/blog\/advent-advent-drei-ideen-fuer-deinen-adventskalender#primaryimage"},"image":{"@id":"https:\/\/www.smartphoto.ch\/blog\/advent-advent-drei-ideen-fuer-deinen-adventskalender#primaryimage"},"thumbnailUrl":"https:\/\/storage.googleapis.com\/smartphoto-express-production-wp-blogs-com\/16\/2017\/11\/DIY-Adventskalender-Blog-1-1.png","datePublished":"2023-11-07T11:45:00+00:00","dateModified":"2023-11-07T16:13:45+00:00","author":{"@id":"https:\/\/www.smartphoto.ch\/blog\/#\/schema\/person\/38c3983f33c0b33afe68950ca7cf1859"},"description":"M\u00f6chtest Du Deinen Adventskalender selber basteln? Hier findest Du Ideen, um Deine Liebsten mit einem Adventskalender zu beschenken.","breadcrumb":{"@id":"https:\/\/www.smartphoto.ch\/blog\/advent-advent-drei-ideen-fuer-deinen-adventskalender#breadcrumb"},"inLanguage":"de-DE","potentialAction":[{"@type":"ReadAction","target":["https:\/\/www.smartphoto.ch\/blog\/advent-advent-drei-ideen-fuer-deinen-adventskalender"]}]},{"@type":"ImageObject","inLanguage":"de-DE","@id":"https:\/\/www.smartphoto.ch\/blog\/advent-advent-drei-ideen-fuer-deinen-adventskalender#primaryimage","url":"https:\/\/storage.googleapis.com\/smartphoto-express-production-wp-blogs-com\/16\/2017\/11\/DIY-Adventskalender-Blog-1-1.png","contentUrl":"https:\/\/storage.googleapis.com\/smartphoto-express-production-wp-blogs-com\/16\/2017\/11\/DIY-Adventskalender-Blog-1-1.png","width":720,"height":480},{"@type":"BreadcrumbList","@id":"https:\/\/www.smartphoto.ch\/blog\/advent-advent-drei-ideen-fuer-deinen-adventskalender#breadcrumb","itemListElement":[{"@type":"ListItem","position":1,"name":"Home","item":"\/blog\/"},{"@type":"ListItem","position":2,"name":"Kreative Ideen f\u00fcr personalisierte Adventskalender"}]},{"@type":"WebSite","@id":"https:\/\/www.smartphoto.ch\/blog\/#website","url":"https:\/\/www.smartphoto.ch\/blog\/","name":"Geschenkideen &amp; Fotogeschenke Blog von Smartphoto","description":"Geschenkideen &amp; Fotogeschenke Blog von Smartphoto","potentialAction":[{"@type":"SearchAction","target":{"@type":"EntryPoint","urlTemplate":"https:\/\/www.smartphoto.ch\/blog\/?s={search_term_string}"},"query-input":{"@type":"PropertyValueSpecification","valueRequired":true,"valueName":"search_term_string"}}],"inLanguage":"de-DE"},{"@type":"Person","@id":"https:\/\/www.smartphoto.ch\/blog\/#\/schema\/person\/38c3983f33c0b33afe68950ca7cf1859","name":"lara","image":{"@type":"ImageObject","inLanguage":"de-DE","@id":"https:\/\/www.smartphoto.ch\/blog\/#\/schema\/person\/image\/","url":"https:\/\/secure.gravatar.com\/avatar\/c400116aad14d1c220ac53212ae4cc5b?s=96&d=mm&r=g","contentUrl":"https:\/\/secure.gravatar.com\/avatar\/c400116aad14d1c220ac53212ae4cc5b?s=96&d=mm&r=g","caption":"lara"},"url":"https:\/\/www.smartphoto.ch\/blog\/author\/lara"}]}},"_links":{"self":[{"href":"https:\/\/www.smartphoto.ch\/blog\/wp-json\/wp\/v2\/posts\/1727","targetHints":{"allow":["GET"]}}],"collection":[{"href":"https:\/\/www.smartphoto.ch\/blog\/wp-json\/wp\/v2\/posts"}],"about":[{"href":"https:\/\/www.smartphoto.ch\/blog\/wp-json\/wp\/v2\/types\/post"}],"author":[{"embeddable":true,"href":"https:\/\/www.smartphoto.ch\/blog\/wp-json\/wp\/v2\/users\/68"}],"replies":[{"embeddable":true,"href":"https:\/\/www.smartphoto.ch\/blog\/wp-json\/wp\/v2\/comments?post=1727"}],"version-history":[{"count":96,"href":"https:\/\/www.smartphoto.ch\/blog\/wp-json\/wp\/v2\/posts\/1727\/revisions"}],"predecessor-version":[{"id":7830,"href":"https:\/\/www.smartphoto.ch\/blog\/wp-json\/wp\/v2\/posts\/1727\/revisions\/7830"}],"wp:featuredmedia":[{"embeddable":true,"href":"https:\/\/www.smartphoto.ch\/blog\/wp-json\/wp\/v2\/media\/4971"}],"wp:attachment":[{"href":"https:\/\/www.smartphoto.ch\/blog\/wp-json\/wp\/v2\/media?parent=1727"}],"wp:term":[{"taxonomy":"category","embeddable":true,"href":"https:\/\/www.smartphoto.ch\/blog\/wp-json\/wp\/v2\/categories?post=1727"},{"taxonomy":"post_tag","embeddable":true,"href":"https:\/\/www.smartphoto.ch\/blog\/wp-json\/wp\/v2\/tags?post=1727"}],"curies":[{"name":"wp","href":"https:\/\/api.w.org\/{rel}","templated":true}]}}