{"id":2923,"date":"2019-09-24T14:15:51","date_gmt":"2019-09-24T12:15:51","guid":{"rendered":"\/blog\/?p=2923"},"modified":"2020-06-19T17:41:46","modified_gmt":"2020-06-19T15:41:46","slug":"foto-auf-holzlatten","status":"publish","type":"post","link":"https:\/\/www.smartphoto.ch\/blog\/foto-auf-holzlatten","title":{"rendered":"Foto auf Holzlatten &#8211; Ein Kunstwerk aus Holz und was Du daraus machen kannst"},"content":{"rendered":"<div id=\"bsf_rt_marker\"><\/div><p>Immer wenn der Herbst Einzug h\u00e4lt und wir uns wieder \u00f6fter drinnen aufhalten, erwacht in mir das Deko-Monster \ud83d\ude42 Darum habe ich ein bisschen auf der Homepage von smartphoto gest\u00f6bert und mir \u00fcberlegt, womit ich unseren Wohnraum aufh\u00fcbschen k\u00f6nnte.<\/p>\n<p>Da bin ich \u00fcber das neue Produkt <a href=\"https:\/\/www.smartphoto.ch\/de\/foto-leinwand-alu-verbund-und-fotocollage\/foto-auf-holzlatten\" target=\"_blank\" rel=\"noopener noreferrer\"><strong>Foto auf Holzlatten<\/strong><\/a>&nbsp;gestolpert und war sofort angetan \ud83d\ude42<\/p>\n<p>Ich habe mir daraufhin drei Bilder in unterschiedlichen Gr\u00f6ssen und Ausrichtungen bestellt und habe mich bewusst f\u00fcr Fotos entschieden, die meine Sommergef\u00fchle noch lange wach halten. Aus zwei der Bilder habe ich je ein kleines DIY-Projekt gemacht und eines habe ich so belassen.<\/p>\n<p>Gerne zeige ich Dir, wie Du das Produkt mit ein paar wenigen Handgriffen etwas umfunktionieren kannst \ud83d\ude42<\/p>\n<h2><strong>1. Dekoratives Kunstwerk<\/strong><\/h2>\n<p><a href=\"https:\/\/storage.googleapis.com\/smartphoto-express-production-wp-blogs-com\/16\/2018\/09\/foto-auf-holzlatten-ferien-terrasse.jpg\" target=\"_blank\" rel=\"noopener noreferrer\"><img loading=\"lazy\" decoding=\"async\" class=\"alignnone wp-image-2925 size-full\" src=\"https:\/\/storage.googleapis.com\/smartphoto-express-production-wp-blogs-com\/16\/2018\/09\/foto-auf-holzlatten-ferien-terrasse.jpg\" alt=\"Foto auf Holzlatten als dekoratives Kunstwerk\" width=\"720\" height=\"480\" srcset=\"https:\/\/storage.googleapis.com\/smartphoto-express-production-wp-blogs-com\/16\/2018\/09\/foto-auf-holzlatten-ferien-terrasse.jpg 720w, https:\/\/storage.googleapis.com\/smartphoto-express-production-wp-blogs-com\/16\/2018\/09\/foto-auf-holzlatten-ferien-terrasse-300x200.jpg 300w\" sizes=\"auto, (max-width: 720px) 100vw, 720px\" \/><\/a><\/p>\n<p>Du m\u00f6chtest Dein Lieblingsfoto oder -zitat dekorativ in Szene setzen? Dann lass es doch auf Holzlatten drucken \ud83d\ude42 Durch das Holz erh\u00e4lt Dein Bild eine besondere Struktur und ich finde, es sieht an der Wand super aus \ud83d\ude42<\/p>\n<h2><strong>2. Notiz- und Schl\u00fcsselbrett<\/strong><\/h2>\n<p><a href=\"https:\/\/storage.googleapis.com\/smartphoto-express-production-wp-blogs-com\/16\/2018\/09\/foto-auf-holzlatten-merkzettel-block.jpg\" target=\"_blank\" rel=\"noopener noreferrer\"><img loading=\"lazy\" decoding=\"async\" class=\"alignnone wp-image-2929 size-full\" src=\"https:\/\/storage.googleapis.com\/smartphoto-express-production-wp-blogs-com\/16\/2018\/09\/foto-auf-holzlatten-merkzettel-block.jpg\" alt=\"Individuelles Foto auf Holzlatten mit Merkzettel-Bl\u00f6cken\" width=\"640\" height=\"480\" srcset=\"https:\/\/storage.googleapis.com\/smartphoto-express-production-wp-blogs-com\/16\/2018\/09\/foto-auf-holzlatten-merkzettel-block.jpg 640w, https:\/\/storage.googleapis.com\/smartphoto-express-production-wp-blogs-com\/16\/2018\/09\/foto-auf-holzlatten-merkzettel-block-300x225.jpg 300w\" sizes=\"auto, (max-width: 640px) 100vw, 640px\" \/><\/a><\/p>\n<p>Als erstes habe ich aus dem <a href=\"https:\/\/www.smartphoto.ch\/de\/foto-leinwand-alu-verbund-und-fotocollage\/foto-auf-holzlatten\" target=\"_blank\" rel=\"noopener noreferrer\">Foto auf Holzlatten<\/a> ein Notizbrett gemacht. Dazu habe ich mir zwei unterschiedliche <a href=\"https:\/\/www.smartphoto.ch\/de\/fotogeschenke\/merkzettel-block\" target=\"_blank\" rel=\"noopener noreferrer\">Merkzettel-Bl\u00f6cke<\/a> bestellt und dann einen davon mit einem Kleberoller auf dem Brett befestigt. Der Block h\u00e4lt und kann so auch ohne R\u00fcckst\u00e4nde wieder abgenommen werden. Du kannst den Merkzettel-Block auch mit Heisskleber befestigen, dann h\u00e4lt er bestimmt noch besser \ud83d\ude09<\/p>\n<p><a href=\"https:\/\/storage.googleapis.com\/smartphoto-express-production-wp-blogs-com\/16\/2018\/09\/foto-auf-holzlatten-notizbrett.jpg\" target=\"_blank\" rel=\"noopener noreferrer\"><img loading=\"lazy\" decoding=\"async\" class=\"alignnone wp-image-2930 size-full\" src=\"https:\/\/storage.googleapis.com\/smartphoto-express-production-wp-blogs-com\/16\/2018\/09\/foto-auf-holzlatten-notizbrett.jpg\" alt=\"Notizbrett mit individuellem Foto\" width=\"640\" height=\"480\" srcset=\"https:\/\/storage.googleapis.com\/smartphoto-express-production-wp-blogs-com\/16\/2018\/09\/foto-auf-holzlatten-notizbrett.jpg 640w, https:\/\/storage.googleapis.com\/smartphoto-express-production-wp-blogs-com\/16\/2018\/09\/foto-auf-holzlatten-notizbrett-300x225.jpg 300w\" sizes=\"auto, (max-width: 640px) 100vw, 640px\" \/><\/a><\/p>\n<p>Danach habe ich Schraubhaken in die unterste Holzlatte gedreht. Schraubhaken gibt es in verschiedenen Gr\u00f6ssen und Farben und Du findest sie entweder im Baumarkt oder bei Amazon. Ich habe mich f\u00fcr weisse Schraubhaken entschieden, da sie am besten zum Bild passen.<\/p>\n<p><a href=\"https:\/\/storage.googleapis.com\/smartphoto-express-production-wp-blogs-com\/16\/2018\/09\/foto-auf-holzlatten-schraubhaken.jpg\" target=\"_blank\" rel=\"noopener noreferrer\"><img loading=\"lazy\" decoding=\"async\" class=\"alignnone wp-image-2932 size-full\" src=\"https:\/\/storage.googleapis.com\/smartphoto-express-production-wp-blogs-com\/16\/2018\/09\/foto-auf-holzlatten-schraubhaken.jpg\" alt=\"Foto auf Holzlatten als Schl\u00fcsselbrett\" width=\"640\" height=\"480\" srcset=\"https:\/\/storage.googleapis.com\/smartphoto-express-production-wp-blogs-com\/16\/2018\/09\/foto-auf-holzlatten-schraubhaken.jpg 640w, https:\/\/storage.googleapis.com\/smartphoto-express-production-wp-blogs-com\/16\/2018\/09\/foto-auf-holzlatten-schraubhaken-300x225.jpg 300w\" sizes=\"auto, (max-width: 640px) 100vw, 640px\" \/><\/a><\/p>\n<p>Als n\u00e4chstes musst Du Dir \u00fcberlegen, wie viele Schraubhaken Du brauchst, misst die Abst\u00e4nde und zeichnest die einzelnen Punkte am besten kurz mit einem Bleistift ein. Danach kannst Du die Schraubhaken mit etwas Druck von Hand rein drehen. Und im Handumdrehen hast Du ein tolles Notiz- und Schl\u00fcsselbrett gezaubert (welches sich auch wunderbar als <strong>Geschenk<\/strong> eignet \ud83d\ude09 ).<\/p>\n<p><a href=\"https:\/\/storage.googleapis.com\/smartphoto-express-production-wp-blogs-com\/16\/2018\/09\/foto-auf-holzlatten-schluesselbrett.jpg\" target=\"_blank\" rel=\"noopener noreferrer\"><img loading=\"lazy\" decoding=\"async\" class=\"aligncenter wp-image-2931 size-full\" src=\"https:\/\/storage.googleapis.com\/smartphoto-express-production-wp-blogs-com\/16\/2018\/09\/foto-auf-holzlatten-schluesselbrett.jpg\" alt=\"Notiz- und Schl\u00fcsselbrett mit Foto\" width=\"480\" height=\"640\" srcset=\"https:\/\/storage.googleapis.com\/smartphoto-express-production-wp-blogs-com\/16\/2018\/09\/foto-auf-holzlatten-schluesselbrett.jpg 480w, https:\/\/storage.googleapis.com\/smartphoto-express-production-wp-blogs-com\/16\/2018\/09\/foto-auf-holzlatten-schluesselbrett-225x300.jpg 225w\" sizes=\"auto, (max-width: 480px) 100vw, 480px\" \/><\/a><\/p>\n<h2><strong>3. Flaschen\u00f6ffner mit Pfiff<\/strong><\/h2>\n<p>Da sich mein Mann vor Kurzem eine kleine Bar-Ecke eingerichtet hat, habe ich ihn mit diesem tollen Flaschen\u00f6ffner zur Einweihung \u00fcberrascht \ud83d\ude42<\/p>\n<p><a href=\"https:\/\/storage.googleapis.com\/smartphoto-express-production-wp-blogs-com\/16\/2018\/09\/foto-auf-holzlatten-flaschenoeffner.jpg\" target=\"_blank\" rel=\"noopener noreferrer\"><img loading=\"lazy\" decoding=\"async\" class=\"aligncenter wp-image-2934 size-full\" src=\"https:\/\/storage.googleapis.com\/smartphoto-express-production-wp-blogs-com\/16\/2018\/09\/foto-auf-holzlatten-flaschenoeffner.jpg\" alt=\"Foto Beach Bar mit Flaschen\u00f6ffner\" width=\"480\" height=\"640\" srcset=\"https:\/\/storage.googleapis.com\/smartphoto-express-production-wp-blogs-com\/16\/2018\/09\/foto-auf-holzlatten-flaschenoeffner.jpg 480w, https:\/\/storage.googleapis.com\/smartphoto-express-production-wp-blogs-com\/16\/2018\/09\/foto-auf-holzlatten-flaschenoeffner-225x300.jpg 225w\" sizes=\"auto, (max-width: 480px) 100vw, 480px\" \/><\/a><\/p>\n<p>Hierf\u00fcr habe ich mir zum <a href=\"https:\/\/www.smartphoto.ch\/de\/foto-leinwand-alu-verbund-und-fotocollage\/foto-auf-holzlatten\" target=\"_blank\" rel=\"noopener noreferrer\">Foto auf Holzlatten<\/a> einen Flaschen\u00f6ffner zum Anschrauben bei Amazon bestellt. Der stylische Flaschen\u00f6ffner wurde mit zwei Schrauben geliefert und liess sich ganz leicht mit einem Kreuzschraubenzieher von Hand anschrauben. Und auch den Flaschen-\u00d6ffnungstest hat er \u00fcberstanden \ud83d\ude42 Mein Mann ist begeistert und ich bin es auch \ud83d\ude42<\/p>\n<div style=\"width: 680px;\" class=\"wp-video\"><!--[if lt IE 9]><script>document.createElement('video');<\/script><![endif]-->\n<video class=\"wp-video-shortcode\" id=\"video-2923-1\" width=\"680\" height=\"680\" preload=\"metadata\" controls=\"controls\"><source type=\"video\/mp4\" src=\"https:\/\/storage.googleapis.com\/smartphoto-express-production-wp-blogs-com\/16\/2018\/09\/video.mp4?_=1\" \/><a href=\"https:\/\/storage.googleapis.com\/smartphoto-express-production-wp-blogs-com\/16\/2018\/09\/video.mp4\">https:\/\/storage.googleapis.com\/smartphoto-express-production-wp-blogs-com\/16\/2018\/09\/video.mp4<\/a><\/video><\/div>\n<p>&nbsp;<\/p>\n<p>Falls Du Deine \u201eBeach Bar\u201c draussen hast, kannst Du versuchen, das Bild mit einem durchsichtigen Lack f\u00fcr den Aussenbereich zu \u00fcberziehen. Auf der Homepage von smartphoto steht allerdings, dass der Einsatz in Innenr\u00e4umen empfohlen wird. Ich habe mein Flip-Flops Bild nun einmal mit einem Spr\u00fchlack f\u00fcr den Aussenbereich eingespr\u00fcht und werde es auf meinem gedeckten Sitzplatz im n\u00e4chsten Fr\u00fchling aufh\u00e4ngen und hoffe, es h\u00e4lt der Witterung stand \ud83d\ude42 Fingers-crossed!<\/p>\n<p>Ich hoffe, ich konnte Dir ein paar Ideen geben und meine Begeisterung f\u00fcr das <a href=\"https:\/\/www.smartphoto.ch\/de\/foto-leinwand-alu-verbund-und-fotocollage\/foto-auf-holzlatten\" target=\"_blank\" rel=\"noopener noreferrer\">Foto auf Holzlatten<\/a> und was man daraus alles machen kann, hat Dich ein bisschen angesteckt \ud83d\ude42<\/p>\n<p>Deine Marie<\/p>\n","protected":false},"excerpt":{"rendered":"<p>Immer wenn der Herbst Einzug h\u00e4lt und wir uns wieder \u00f6fter drinnen aufhalten, erwacht in mir das Deko-Monster \ud83d\ude42 Darum habe ich ein bisschen auf der Homepage von smartphoto gest\u00f6bert und mir \u00fcberlegt, womit ich unseren Wohnraum aufh\u00fcbschen k\u00f6nnte. Da bin ich \u00fcber das neue Produkt Foto auf Holzlatten&nbsp;gestolpert und war sofort angetan \ud83d\ude42 Ich habe mir daraufhin drei Bilder in unterschiedlichen Gr\u00f6ssen und Ausrichtungen bestellt und habe mich bewusst f\u00fcr Fotos entschieden, die meine Sommergef\u00fchle noch lange wach halten. Aus zwei der Bilder habe ich je ein kleines DIY-Projekt gemacht und eines habe ich so belassen. Gerne zeige ich<\/p>\n","protected":false},"author":14,"featured_media":2940,"comment_status":"open","ping_status":"open","sticky":false,"template":"","format":"standard","meta":{"om_disable_all_campaigns":false,"_monsterinsights_skip_tracking":false,"_monsterinsights_sitenote_active":false,"_monsterinsights_sitenote_note":"","_monsterinsights_sitenote_category":0,"footnotes":""},"categories":[193,68],"tags":[27,70,71,116,144,548,546,42,180,425,549,550,60],"class_list":["post-2923","post","type-post","status-publish","format-standard","has-post-thumbnail","hentry","category-dekotipps","category-diy","tag-basteln","tag-deko","tag-dekoration","tag-diy","tag-ferien","tag-flaschenoeffner","tag-foto-auf-holzlatten","tag-fotogeschenke","tag-geschenkideen","tag-merkzettel-block","tag-notizbrett","tag-schluesselbrett","tag-smartphoto"],"yoast_head":"<!-- This site is optimized with the Yoast SEO plugin v23.8 - https:\/\/yoast.com\/wordpress\/plugins\/seo\/ -->\n<title>Foto auf Holzlatten - Ein Kunstwerk aus Holz und was Du daraus machen kannst<\/title>\n<meta name=\"description\" content=\"Lust, Dein Zuhause mit einem individuellen Foto auf Holzlatten zu dekorieren? Gerne zeige ich Dir, was Du daraus alles zaubern kannst.\" \/>\n<meta name=\"robots\" content=\"index, follow, max-snippet:-1, max-image-preview:large, max-video-preview:-1\" \/>\n<link rel=\"canonical\" href=\"https:\/\/www.smartphoto.ch\/blog\/foto-auf-holzlatten\" \/>\n<meta property=\"og:locale\" content=\"de_DE\" \/>\n<meta property=\"og:type\" content=\"article\" \/>\n<meta property=\"og:title\" content=\"Foto auf Holzlatten - Ein Kunstwerk aus Holz und was Du daraus machen kannst\" \/>\n<meta property=\"og:description\" content=\"Lust, Dein Zuhause mit einem individuellen Foto auf Holzlatten zu dekorieren? Gerne zeige ich Dir, was Du daraus alles zaubern kannst.\" \/>\n<meta property=\"og:url\" content=\"\/blog\/foto-auf-holzlatten\" \/>\n<meta property=\"og:site_name\" content=\"Geschenkideen &amp; Fotogeschenke Blog von Smartphoto\" \/>\n<meta property=\"article:publisher\" content=\"http:\/\/www.facebook.com\/smartphoto.ch\" \/>\n<meta property=\"article:published_time\" content=\"2019-09-24T12:15:51+00:00\" \/>\n<meta property=\"article:modified_time\" content=\"2020-06-19T15:41:46+00:00\" \/>\n<meta property=\"og:image\" content=\"https:\/\/storage.googleapis.com\/smartphoto-express-production-wp-blogs-com\/16\/2018\/09\/fotos-auf-holzlatten.jpg\" \/>\n\t<meta property=\"og:image:width\" content=\"480\" \/>\n\t<meta property=\"og:image:height\" content=\"640\" \/>\n\t<meta property=\"og:image:type\" content=\"image\/jpeg\" \/>\n<meta name=\"author\" content=\"Marie\" \/>\n<meta name=\"twitter:card\" content=\"summary_large_image\" \/>\n<meta name=\"twitter:label1\" content=\"Written by\" \/>\n\t<meta name=\"twitter:data1\" content=\"Marie\" \/>\n\t<meta name=\"twitter:label2\" content=\"Est. reading time\" \/>\n\t<meta name=\"twitter:data2\" content=\"3 minutes\" \/>\n<script type=\"application\/ld+json\" class=\"yoast-schema-graph\">{\"@context\":\"https:\/\/schema.org\",\"@graph\":[{\"@type\":\"WebPage\",\"@id\":\"\/blog\/foto-auf-holzlatten\",\"url\":\"https:\/\/www.smartphoto.ch\/blog\/foto-auf-holzlatten\",\"name\":\"Foto auf Holzlatten - Ein Kunstwerk aus Holz und was Du daraus machen kannst\",\"isPartOf\":{\"@id\":\"https:\/\/www.smartphoto.ch\/blog\/#website\"},\"primaryImageOfPage\":{\"@id\":\"https:\/\/www.smartphoto.ch\/blog\/foto-auf-holzlatten#primaryimage\"},\"image\":{\"@id\":\"https:\/\/www.smartphoto.ch\/blog\/foto-auf-holzlatten#primaryimage\"},\"thumbnailUrl\":\"https:\/\/storage.googleapis.com\/smartphoto-express-production-wp-blogs-com\/16\/2018\/09\/fotos-auf-holzlatten.jpg\",\"datePublished\":\"2019-09-24T12:15:51+00:00\",\"dateModified\":\"2020-06-19T15:41:46+00:00\",\"author\":{\"@id\":\"https:\/\/www.smartphoto.ch\/blog\/#\/schema\/person\/3628597c05f38a13da860d926db19a4d\"},\"description\":\"Lust, Dein Zuhause mit einem individuellen Foto auf Holzlatten zu dekorieren? Gerne zeige ich Dir, was Du daraus alles zaubern kannst.\",\"breadcrumb\":{\"@id\":\"https:\/\/www.smartphoto.ch\/blog\/foto-auf-holzlatten#breadcrumb\"},\"inLanguage\":\"de-DE\",\"potentialAction\":[{\"@type\":\"ReadAction\",\"target\":[\"https:\/\/www.smartphoto.ch\/blog\/foto-auf-holzlatten\"]}]},{\"@type\":\"ImageObject\",\"inLanguage\":\"de-DE\",\"@id\":\"https:\/\/www.smartphoto.ch\/blog\/foto-auf-holzlatten#primaryimage\",\"url\":\"https:\/\/storage.googleapis.com\/smartphoto-express-production-wp-blogs-com\/16\/2018\/09\/fotos-auf-holzlatten.jpg\",\"contentUrl\":\"https:\/\/storage.googleapis.com\/smartphoto-express-production-wp-blogs-com\/16\/2018\/09\/fotos-auf-holzlatten.jpg\",\"width\":480,\"height\":640},{\"@type\":\"BreadcrumbList\",\"@id\":\"https:\/\/www.smartphoto.ch\/blog\/foto-auf-holzlatten#breadcrumb\",\"itemListElement\":[{\"@type\":\"ListItem\",\"position\":1,\"name\":\"Home\",\"item\":\"\/blog\/\"},{\"@type\":\"ListItem\",\"position\":2,\"name\":\"Foto auf Holzlatten &#8211; Ein Kunstwerk aus Holz und was Du daraus machen kannst\"}]},{\"@type\":\"WebSite\",\"@id\":\"https:\/\/www.smartphoto.ch\/blog\/#website\",\"url\":\"https:\/\/www.smartphoto.ch\/blog\/\",\"name\":\"Geschenkideen &amp; Fotogeschenke Blog von Smartphoto\",\"description\":\"Geschenkideen &amp; Fotogeschenke Blog von Smartphoto\",\"potentialAction\":[{\"@type\":\"SearchAction\",\"target\":{\"@type\":\"EntryPoint\",\"urlTemplate\":\"https:\/\/www.smartphoto.ch\/blog\/?s={search_term_string}\"},\"query-input\":{\"@type\":\"PropertyValueSpecification\",\"valueRequired\":true,\"valueName\":\"search_term_string\"}}],\"inLanguage\":\"de-DE\"},{\"@type\":\"Person\",\"@id\":\"https:\/\/www.smartphoto.ch\/blog\/#\/schema\/person\/3628597c05f38a13da860d926db19a4d\",\"name\":\"Marie\",\"image\":{\"@type\":\"ImageObject\",\"inLanguage\":\"de-DE\",\"@id\":\"https:\/\/www.smartphoto.ch\/blog\/#\/schema\/person\/image\/\",\"url\":\"https:\/\/secure.gravatar.com\/avatar\/808adf273494c4707391b67c498b5617?s=96&d=mm&r=g\",\"contentUrl\":\"https:\/\/secure.gravatar.com\/avatar\/808adf273494c4707391b67c498b5617?s=96&d=mm&r=g\",\"caption\":\"Marie\"},\"url\":\"https:\/\/www.smartphoto.ch\/blog\/author\/dennis\"}]}<\/script>\n<!-- \/ Yoast SEO plugin. -->","yoast_head_json":{"title":"Foto auf Holzlatten - Ein Kunstwerk aus Holz und was Du daraus machen kannst","description":"Lust, Dein Zuhause mit einem individuellen Foto auf Holzlatten zu dekorieren? Gerne zeige ich Dir, was Du daraus alles zaubern kannst.","robots":{"index":"index","follow":"follow","max-snippet":"max-snippet:-1","max-image-preview":"max-image-preview:large","max-video-preview":"max-video-preview:-1"},"canonical":"https:\/\/www.smartphoto.ch\/blog\/foto-auf-holzlatten","og_locale":"de_DE","og_type":"article","og_title":"Foto auf Holzlatten - Ein Kunstwerk aus Holz und was Du daraus machen kannst","og_description":"Lust, Dein Zuhause mit einem individuellen Foto auf Holzlatten zu dekorieren? Gerne zeige ich Dir, was Du daraus alles zaubern kannst.","og_url":"\/blog\/foto-auf-holzlatten","og_site_name":"Geschenkideen &amp; Fotogeschenke Blog von Smartphoto","article_publisher":"http:\/\/www.facebook.com\/smartphoto.ch","article_published_time":"2019-09-24T12:15:51+00:00","article_modified_time":"2020-06-19T15:41:46+00:00","og_image":[{"width":480,"height":640,"url":"https:\/\/storage.googleapis.com\/smartphoto-express-production-wp-blogs-com\/16\/2018\/09\/fotos-auf-holzlatten.jpg","type":"image\/jpeg"}],"author":"Marie","twitter_card":"summary_large_image","twitter_misc":{"Written by":"Marie","Est. reading time":"3 minutes"},"schema":{"@context":"https:\/\/schema.org","@graph":[{"@type":"WebPage","@id":"\/blog\/foto-auf-holzlatten","url":"https:\/\/www.smartphoto.ch\/blog\/foto-auf-holzlatten","name":"Foto auf Holzlatten - Ein Kunstwerk aus Holz und was Du daraus machen kannst","isPartOf":{"@id":"https:\/\/www.smartphoto.ch\/blog\/#website"},"primaryImageOfPage":{"@id":"https:\/\/www.smartphoto.ch\/blog\/foto-auf-holzlatten#primaryimage"},"image":{"@id":"https:\/\/www.smartphoto.ch\/blog\/foto-auf-holzlatten#primaryimage"},"thumbnailUrl":"https:\/\/storage.googleapis.com\/smartphoto-express-production-wp-blogs-com\/16\/2018\/09\/fotos-auf-holzlatten.jpg","datePublished":"2019-09-24T12:15:51+00:00","dateModified":"2020-06-19T15:41:46+00:00","author":{"@id":"https:\/\/www.smartphoto.ch\/blog\/#\/schema\/person\/3628597c05f38a13da860d926db19a4d"},"description":"Lust, Dein Zuhause mit einem individuellen Foto auf Holzlatten zu dekorieren? Gerne zeige ich Dir, was Du daraus alles zaubern kannst.","breadcrumb":{"@id":"https:\/\/www.smartphoto.ch\/blog\/foto-auf-holzlatten#breadcrumb"},"inLanguage":"de-DE","potentialAction":[{"@type":"ReadAction","target":["https:\/\/www.smartphoto.ch\/blog\/foto-auf-holzlatten"]}]},{"@type":"ImageObject","inLanguage":"de-DE","@id":"https:\/\/www.smartphoto.ch\/blog\/foto-auf-holzlatten#primaryimage","url":"https:\/\/storage.googleapis.com\/smartphoto-express-production-wp-blogs-com\/16\/2018\/09\/fotos-auf-holzlatten.jpg","contentUrl":"https:\/\/storage.googleapis.com\/smartphoto-express-production-wp-blogs-com\/16\/2018\/09\/fotos-auf-holzlatten.jpg","width":480,"height":640},{"@type":"BreadcrumbList","@id":"https:\/\/www.smartphoto.ch\/blog\/foto-auf-holzlatten#breadcrumb","itemListElement":[{"@type":"ListItem","position":1,"name":"Home","item":"\/blog\/"},{"@type":"ListItem","position":2,"name":"Foto auf Holzlatten &#8211; Ein Kunstwerk aus Holz und was Du daraus machen kannst"}]},{"@type":"WebSite","@id":"https:\/\/www.smartphoto.ch\/blog\/#website","url":"https:\/\/www.smartphoto.ch\/blog\/","name":"Geschenkideen &amp; Fotogeschenke Blog von Smartphoto","description":"Geschenkideen &amp; Fotogeschenke Blog von Smartphoto","potentialAction":[{"@type":"SearchAction","target":{"@type":"EntryPoint","urlTemplate":"https:\/\/www.smartphoto.ch\/blog\/?s={search_term_string}"},"query-input":{"@type":"PropertyValueSpecification","valueRequired":true,"valueName":"search_term_string"}}],"inLanguage":"de-DE"},{"@type":"Person","@id":"https:\/\/www.smartphoto.ch\/blog\/#\/schema\/person\/3628597c05f38a13da860d926db19a4d","name":"Marie","image":{"@type":"ImageObject","inLanguage":"de-DE","@id":"https:\/\/www.smartphoto.ch\/blog\/#\/schema\/person\/image\/","url":"https:\/\/secure.gravatar.com\/avatar\/808adf273494c4707391b67c498b5617?s=96&d=mm&r=g","contentUrl":"https:\/\/secure.gravatar.com\/avatar\/808adf273494c4707391b67c498b5617?s=96&d=mm&r=g","caption":"Marie"},"url":"https:\/\/www.smartphoto.ch\/blog\/author\/dennis"}]}},"_links":{"self":[{"href":"https:\/\/www.smartphoto.ch\/blog\/wp-json\/wp\/v2\/posts\/2923","targetHints":{"allow":["GET"]}}],"collection":[{"href":"https:\/\/www.smartphoto.ch\/blog\/wp-json\/wp\/v2\/posts"}],"about":[{"href":"https:\/\/www.smartphoto.ch\/blog\/wp-json\/wp\/v2\/types\/post"}],"author":[{"embeddable":true,"href":"https:\/\/www.smartphoto.ch\/blog\/wp-json\/wp\/v2\/users\/14"}],"replies":[{"embeddable":true,"href":"https:\/\/www.smartphoto.ch\/blog\/wp-json\/wp\/v2\/comments?post=2923"}],"version-history":[{"count":11,"href":"https:\/\/www.smartphoto.ch\/blog\/wp-json\/wp\/v2\/posts\/2923\/revisions"}],"predecessor-version":[{"id":3960,"href":"https:\/\/www.smartphoto.ch\/blog\/wp-json\/wp\/v2\/posts\/2923\/revisions\/3960"}],"wp:featuredmedia":[{"embeddable":true,"href":"https:\/\/www.smartphoto.ch\/blog\/wp-json\/wp\/v2\/media\/2940"}],"wp:attachment":[{"href":"https:\/\/www.smartphoto.ch\/blog\/wp-json\/wp\/v2\/media?parent=2923"}],"wp:term":[{"taxonomy":"category","embeddable":true,"href":"https:\/\/www.smartphoto.ch\/blog\/wp-json\/wp\/v2\/categories?post=2923"},{"taxonomy":"post_tag","embeddable":true,"href":"https:\/\/www.smartphoto.ch\/blog\/wp-json\/wp\/v2\/tags?post=2923"}],"curies":[{"name":"wp","href":"https:\/\/api.w.org\/{rel}","templated":true}]}}