{"id":5624,"date":"2022-07-13T10:56:55","date_gmt":"2022-07-13T08:56:55","guid":{"rendered":"\/blog\/?p=5624"},"modified":"2022-07-25T15:55:30","modified_gmt":"2022-07-25T13:55:30","slug":"ab-an-die-wand-inspirationen-fuer-die-kueche","status":"publish","type":"post","link":"https:\/\/www.smartphoto.ch\/blog\/ab-an-die-wand-inspirationen-fuer-die-kueche","title":{"rendered":"Ab an die Wand- Inspirationen f\u00fcr die K\u00fcche"},"content":{"rendered":"<div id=\"bsf_rt_marker\"><\/div>\n<p>Damit du Deiner Kochstube mehr Pepp verleihen kannst, braucht es gar nicht viel. Nat\u00fcrlich soll das Ganze mit einer pers\u00f6nlichen Note versehen werden, sodass Du und Deine Liebsten sich rundum wohl f\u00fchlen k\u00f6nnen. Gerne geben wir euch ein paar Tipps, wie Du Deine kleine Gourmet-Station mit liebevollen Details versiehst.<\/p>\n\n\n\n<h2 class=\"wp-block-heading\" id=\"schnell-und-simpel-wanddekoration-mit-motiven\">Schnell und simpel: Wanddekoration mit Motiven<\/h2>\n\n\n\n<p>Diese Idee ist ideal f\u00fcr alle, die es einfach m\u00f6gen: Ein ansprechendes Bild mit Motiv macht schon einiges her. Wenn Du lieber Cocktails, Kaffee, Gem\u00fcse, Obst oder Pasta hast, kannst Du Deine <a href=\"https:\/\/www.smartphoto.ch\/de\/foto-leinwand-alu-verbund-und-fotocollage\">W\u00e4nde<\/a> nat\u00fcrlich auch mit verschiedenen Themen schm\u00fccken.&nbsp;<\/p>\n\n\n<div class=\"wp-block-image\">\n<figure class=\"aligncenter size-full\"><a href=\"https:\/\/www.smartphoto.ch\/de\/foto-leinwand-alu-verbund-und-fotocollage\"><img loading=\"lazy\" decoding=\"async\" width=\"720\" height=\"480\" src=\"https:\/\/storage.googleapis.com\/smartphoto-express-production-wp-blogs-com\/16\/2022\/04\/Kitchen1.png\" alt=\"\" class=\"wp-image-5635\" srcset=\"https:\/\/storage.googleapis.com\/smartphoto-express-production-wp-blogs-com\/16\/2022\/04\/Kitchen1.png 720w, https:\/\/storage.googleapis.com\/smartphoto-express-production-wp-blogs-com\/16\/2022\/04\/Kitchen1-300x200.png 300w\" sizes=\"auto, (max-width: 720px) 100vw, 720px\" \/><\/a><figcaption>Tolle K\u00fcchendeko f\u00fcr die <a href=\"https:\/\/www.smartphoto.ch\/de\/foto-leinwand-alu-verbund-und-fotocollage\">Wand<\/a><\/figcaption><\/figure><\/div>\n\n\n<p>Wir haben uns in unserem Beispiel f\u00fcr ein Arrangement aus Artischocken, Pasta und farbenpr\u00e4chtige Gew\u00fcrze entschieden. Du hast keine passenden Fotos auf Deinem Handy? Unser Geheimtipp: Auf <a href=\"https:\/\/www.pexels.com\/de-de\/\">pexels.com<\/a> kannst Du kostenlose Bilder downloaden oder auch selbst mit der Community teilen.<\/p>\n\n\n\n<h2 class=\"wp-block-heading\" id=\"diy-pinnwand-mit-kork-elementen\"><strong>DIY: Pinnwand mit Kork-Elementen <\/strong><\/h2>\n\n\n\n<p>Du stellst dir die Frage, wie Du Deine Einkaufsliste oder wichtige Notizen gut sichtbar platzieren kannst? Wie w\u00e4re es dann mit einer <a href=\"https:\/\/www.idee-shop.com\/anleitung-pinnwand-aus-kork-basteln\">Pinnwand aus Kork<\/a>? Zwischen den Elementen machen sich ebenfalls Bilder mit lustigen Spr\u00fcchen, Nahrungsmitteln oder weiteren Motiven gut. \u00dcbrigens ist diese Idee auch perfekt f\u00fcr das B\u00fcro geeignet- hier mit jeglichen Schnappsch\u00fcssen vom Urlaub, Motivation Zitaten oder einfach Deinen Lieblingsfotos.&nbsp;<\/p>\n\n\n\n<figure class=\"wp-block-image size-large\"><a href=\"https:\/\/www.smartphoto.ch\/de\/foto-leinwand-alu-verbund-und-fotocollage\/hexagon-fotokacheln\"><img loading=\"lazy\" decoding=\"async\" width=\"1024\" height=\"683\" src=\"https:\/\/storage.googleapis.com\/smartphoto-express-production-wp-blogs-com\/16\/2022\/04\/GalleryHexagon_Shoot_Lifestyle2-min-1024x683.jpg\" alt=\"\" class=\"wp-image-5643\" srcset=\"https:\/\/storage.googleapis.com\/smartphoto-express-production-wp-blogs-com\/16\/2022\/04\/GalleryHexagon_Shoot_Lifestyle2-min-1024x683.jpg 1024w, https:\/\/storage.googleapis.com\/smartphoto-express-production-wp-blogs-com\/16\/2022\/04\/GalleryHexagon_Shoot_Lifestyle2-min-300x200.jpg 300w, https:\/\/storage.googleapis.com\/smartphoto-express-production-wp-blogs-com\/16\/2022\/04\/GalleryHexagon_Shoot_Lifestyle2-min-768x512.jpg 768w, https:\/\/storage.googleapis.com\/smartphoto-express-production-wp-blogs-com\/16\/2022\/04\/GalleryHexagon_Shoot_Lifestyle2-min-1536x1024.jpg 1536w, https:\/\/storage.googleapis.com\/smartphoto-express-production-wp-blogs-com\/16\/2022\/04\/GalleryHexagon_Shoot_Lifestyle2-min-2048x1365.jpg 2048w\" sizes=\"auto, (max-width: 1024px) 100vw, 1024px\" \/><\/a><figcaption>\u00dcbrigens auch ein Hingucker im Esszimmer: Bilder in <a href=\"https:\/\/www.smartphoto.ch\/de\/foto-leinwand-alu-verbund-und-fotocollage\/hexagon-fotokacheln\">Bienenwaben<\/a>-Optik<\/figcaption><\/figure>\n\n\n\n<p>Was Du f\u00fcr die Kork-Pinnwand ben\u00f6tigst:<\/p>\n\n\n\n<ul class=\"wp-block-list\"><li>Fotowand (<a href=\"https:\/\/www.smartphoto.ch\/de\/foto-leinwand-alu-verbund-und-fotocollage\/hexagon-fotokacheln\">Hexagon<\/a>) oder verschiedene Designs auf Forex<\/li><li>Korkwand&nbsp;<\/li><li>Befestigung f\u00fcr die Wand\/Tesa&nbsp;<\/li><li>Reisszwecken&nbsp;<\/li><li>Deko-Elemente<\/li><\/ul>\n\n\n\n<p>Wenn du die Fotowand bei smartphoto bestellst, sind passende Montage-Utensilien bereits in der Lieferung enthalten. Als Alternative zum Aufstellen oder H\u00e4ngen ist eine Magnetwand mit personalisierbaren <a href=\"https:\/\/www.smartphoto.ch\/de\/fotogeschenke\/magnete\">Magneten<\/a> \u00fcbrigens auch eine gute Wahl.<\/p>\n\n\n\n<figure class=\"wp-block-image size-large\"><img loading=\"lazy\" decoding=\"async\" width=\"1024\" height=\"684\" src=\"https:\/\/storage.googleapis.com\/smartphoto-express-production-wp-blogs-com\/16\/2022\/05\/MagnetSheet_Shoot_Lifestyle2-min-2-1024x684.jpg\" alt=\"\" class=\"wp-image-6378\" srcset=\"https:\/\/storage.googleapis.com\/smartphoto-express-production-wp-blogs-com\/16\/2022\/05\/MagnetSheet_Shoot_Lifestyle2-min-2-1024x684.jpg 1024w, https:\/\/storage.googleapis.com\/smartphoto-express-production-wp-blogs-com\/16\/2022\/05\/MagnetSheet_Shoot_Lifestyle2-min-2-300x200.jpg 300w, https:\/\/storage.googleapis.com\/smartphoto-express-production-wp-blogs-com\/16\/2022\/05\/MagnetSheet_Shoot_Lifestyle2-min-2-768x513.jpg 768w, https:\/\/storage.googleapis.com\/smartphoto-express-production-wp-blogs-com\/16\/2022\/05\/MagnetSheet_Shoot_Lifestyle2-min-2-1536x1026.jpg 1536w, https:\/\/storage.googleapis.com\/smartphoto-express-production-wp-blogs-com\/16\/2022\/05\/MagnetSheet_Shoot_Lifestyle2-min-2-2048x1367.jpg 2048w\" sizes=\"auto, (max-width: 1024px) 100vw, 1024px\" \/><figcaption><a href=\"https:\/\/www.smartphoto.ch\/de\/fotogeschenke\/magnete\">Fotomagnete<\/a>: Ideal f\u00fcr den K\u00fchlschrank in der K\u00fcche<\/figcaption><\/figure>\n\n\n\n<h2 class=\"wp-block-heading\" id=\"wanddeko-mal-anders-holzbrettchen-zum-aufhangen\"><strong>Wanddeko mal anders: Holzbrettchen zum Aufh\u00e4ngen:<\/strong><\/h2>\n\n\n\n<p>Eine interessante Variante, f\u00fcr Naturfreunde sind klassische Holzbretter, die mit einem Nagel oder schicken Haken <a href=\"https:\/\/www.dorisleslieblau.com\/new-interior-decor-trends-that-will-be-huge-in-2020-part-ii\/\">an der Wand befestigt<\/a> werden. Mit einem coolen Spruch versehen, bekommt die Holzdeko mit <a href=\"https:\/\/www.smartphoto.ch\/de\/fotogeschenke\/holz-schneidebrett\">Gravur<\/a> eine ganz pers\u00f6nliche Bedeutung.&nbsp;<\/p>\n\n\n\n<p>Gerne haben wir euch ein paar Vorschl\u00e4ge an witzigen Zitaten:&nbsp;<\/p>\n\n\n\n<ul class=\"wp-block-list\"><li>Ein gutes Essen ist Balsam f\u00fcr die Seele<\/li><li>Wo die Liebe den Tisch deckt, schmeckt das Essen am besten!<\/li><li>Liebe geht durch den Magen<\/li><li>Cook, eat, sleep repeat<\/li><li>Sei locker- nicht jedes Gramm f\u00e4llt ins Gewicht!<\/li><li>Die K\u00fcche ist zum Tanzen da<\/li><li>The secret ingredient is always love<\/li><li>Man gebe einen Liter Wein in den Koch<\/li><li>I cook with wine, sometimes I even add it to the food<\/li><\/ul>\n\n\n\n<figure class=\"wp-block-image size-large is-resized\"><a href=\"https:\/\/www.smartphoto.ch\/de\/fotogeschenke\/holz-schneidebrett\"><img loading=\"lazy\" decoding=\"async\" src=\"https:\/\/storage.googleapis.com\/smartphoto-express-production-wp-blogs-com\/16\/2022\/07\/CuttingBoardWood_Shoot_Lifestyle5-min-1-min-min-min-1-1024x684.jpg\" alt=\"\" class=\"wp-image-6376\" width=\"844\" height=\"564\" srcset=\"https:\/\/storage.googleapis.com\/smartphoto-express-production-wp-blogs-com\/16\/2022\/07\/CuttingBoardWood_Shoot_Lifestyle5-min-1-min-min-min-1-1024x684.jpg 1024w, https:\/\/storage.googleapis.com\/smartphoto-express-production-wp-blogs-com\/16\/2022\/07\/CuttingBoardWood_Shoot_Lifestyle5-min-1-min-min-min-1-300x200.jpg 300w, https:\/\/storage.googleapis.com\/smartphoto-express-production-wp-blogs-com\/16\/2022\/07\/CuttingBoardWood_Shoot_Lifestyle5-min-1-min-min-min-1-768x513.jpg 768w, https:\/\/storage.googleapis.com\/smartphoto-express-production-wp-blogs-com\/16\/2022\/07\/CuttingBoardWood_Shoot_Lifestyle5-min-1-min-min-min-1-1536x1025.jpg 1536w, https:\/\/storage.googleapis.com\/smartphoto-express-production-wp-blogs-com\/16\/2022\/07\/CuttingBoardWood_Shoot_Lifestyle5-min-1-min-min-min-1-2048x1367.jpg 2048w\" sizes=\"auto, (max-width: 844px) 100vw, 844px\" \/><\/a><figcaption>So macht Servieren Freude- mit dem gravierten <a href=\"https:\/\/www.smartphoto.ch\/de\/fotogeschenke\/holz-schneidebrett\">Holzbrettchen<\/a><\/figcaption><\/figure>\n\n\n\n<h2 class=\"wp-block-heading\" id=\"mal-dir-dein-eigenes-bild-mit-kreide\"><strong>Mal dir Dein eigenes Bild mit Kreide<\/strong><\/h2>\n\n\n\n<p>Du m\u00f6chtest Abwechslung und kreative Entfaltungsm\u00f6glichkeiten f\u00fcr Deinen Essbereich? Wie w\u00e4re es mit einer selbstgebastelten Wand aus Kreidetafel? Chalk Art liegt momentan total im Trend und Du kannst Deine Tafel je nach Lust und Laune beschriften und mit Rezepten bemalen. Passende Motive und Illustrationen findest Du \u00fcbrigens auf <a href=\"https:\/\/www.pinterest.ch\/search\/pins\/?q=Chalk%20Board&amp;rs=typed&amp;term_meta[]=Chalk%7Ctyped&amp;term_meta[]=Board%7Ctyped\">Pinterest<\/a>.<\/p>\n\n\n<div class=\"wp-block-image\">\n<figure class=\"aligncenter size-full\"><img loading=\"lazy\" decoding=\"async\" width=\"480\" height=\"720\" src=\"https:\/\/storage.googleapis.com\/smartphoto-express-production-wp-blogs-com\/16\/2022\/05\/Kitchen.png\" alt=\"\" class=\"wp-image-6137\" srcset=\"https:\/\/storage.googleapis.com\/smartphoto-express-production-wp-blogs-com\/16\/2022\/05\/Kitchen.png 480w, https:\/\/storage.googleapis.com\/smartphoto-express-production-wp-blogs-com\/16\/2022\/05\/Kitchen-200x300.png 200w\" sizes=\"auto, (max-width: 480px) 100vw, 480px\" \/><figcaption>Cooles Design und ideale Aufbewahrung f\u00fcr die <a href=\"https:\/\/www.smartphoto.ch\/de\/fotogeschenke\/fototassen\">Kaffeetassen<\/a><\/figcaption><\/figure><\/div>\n\n\n<p>Was du f\u00fcr Deine DIY-Kreidetafel-Komposition ben\u00f6tigst?<\/p>\n\n\n\n<ul class=\"wp-block-list\"><li>Kreidetafel\/Chalk Board mit Montagesystem<\/li><li>Holzbretter<\/li><li>Haken oder Stangen zum Befestigen von Tassen und K\u00fcchent\u00fcchern (Baumarkt)<\/li><\/ul>\n\n\n\n<p>Integriere Deine Kreidetafel einfach je nach Lust und Laune in Deiner Wohnung und arrangiere Blumen- oder Kr\u00e4utert\u00f6pfe darum- wir sind \u00fcberzeugt- so ein aussergew\u00f6hnliches Accessoire hat nicht jeder zuhause. Immer wieder gerne wird \u00fcbrigens das praktische Acrylglas als Element f\u00fcr den Essbereich gew\u00e4hlt- weil es einfach praktisch zum Abwischen ist, wenn doch einmal ein Klecks daneben geht.<\/p>\n\n\n\n<p>Weitere Ideen f\u00fcr die K\u00fcche findest du <a href=\"https:\/\/archzine.net\/wohnideen\/wandgestaltung-kueche-schlaue-ideen-456781\/\">hier<\/a>. Wir w\u00fcnschen viel Freude mit den Einrichtungstipps und freuen uns nat\u00fcrlich \u00fcber den ein oder anderen Schnappschuss von euch f\u00fcr unsere Social Media Kan\u00e4le.<\/p>\n","protected":false},"excerpt":{"rendered":"<p>Damit du Deiner Kochstube mehr Pepp verleihen kannst, braucht es gar nicht viel. Nat\u00fcrlich soll das Ganze mit einer pers\u00f6nlichen Note versehen werden, sodass Du und Deine Liebsten sich rundum wohl f\u00fchlen k\u00f6nnen. Gerne geben wir euch ein paar Tipps, wie Du Deine kleine Gourmet-Station mit liebevollen Details versiehst. Schnell und simpel: Wanddekoration mit Motiven Diese Idee ist ideal f\u00fcr alle, die es einfach m\u00f6gen: Ein ansprechendes Bild mit Motiv macht schon einiges her. Wenn Du lieber Cocktails, Kaffee, Gem\u00fcse, Obst oder Pasta hast, kannst Du Deine W\u00e4nde nat\u00fcrlich auch mit verschiedenen Themen schm\u00fccken.&nbsp; Wir haben uns in unserem Beispiel<\/p>\n","protected":false},"author":68,"featured_media":6381,"comment_status":"open","ping_status":"open","sticky":false,"template":"","format":"standard","meta":{"om_disable_all_campaigns":false,"_monsterinsights_skip_tracking":false,"_monsterinsights_sitenote_active":false,"_monsterinsights_sitenote_note":"","_monsterinsights_sitenote_category":0,"footnotes":""},"categories":[193],"tags":[984,70,511,189,985,994,992,988,996,989,991,993,335,986,997,983,995,987,998,309,990],"class_list":["post-5624","post","type-post","status-publish","format-standard","has-post-thumbnail","hentry","category-dekotipps","tag-accessoires","tag-deko","tag-deko-ideen","tag-design","tag-fliesen","tag-holz-wand","tag-holz-wand-verkleidung","tag-holzbrett","tag-holzbrett-gravur","tag-holzdeko","tag-holzverkleidung-wand","tag-holzwanddeko","tag-kaffeetasse","tag-kork-fliese","tag-kreidetafel","tag-kueche","tag-kuechenbrett-holz","tag-kuechendeko","tag-tasse-schrank","tag-wanddekoration","tag-wandverkleidung-holz"],"yoast_head":"<!-- This site is optimized with the Yoast SEO plugin v23.8 - https:\/\/yoast.com\/wordpress\/plugins\/seo\/ -->\n<title>K\u00fcchendeko f\u00fcr die Wand - Holz, Tafel, Kork - smartphoto<\/title>\n<meta name=\"description\" content=\"Dekoriere deine K\u00fcchen-Wand mit kreativen K\u00fcchendekos aus Holz, Kork oder mit einer Wandtafel. Unser Blog ist der ideale Ratgeber.\" \/>\n<meta name=\"robots\" content=\"index, follow, max-snippet:-1, max-image-preview:large, max-video-preview:-1\" \/>\n<link rel=\"canonical\" href=\"https:\/\/www.smartphoto.ch\/blog\/ab-an-die-wand-inspirationen-fuer-die-kueche\" \/>\n<meta property=\"og:locale\" content=\"de_DE\" \/>\n<meta property=\"og:type\" content=\"article\" \/>\n<meta property=\"og:title\" content=\"K\u00fcchendeko f\u00fcr die Wand - Holz, Tafel, Kork - smartphoto\" \/>\n<meta property=\"og:description\" content=\"Dekoriere deine K\u00fcchen-Wand mit kreativen K\u00fcchendekos aus Holz, Kork oder mit einer Wandtafel. Unser Blog ist der ideale Ratgeber.\" \/>\n<meta property=\"og:url\" content=\"\/blog\/ab-an-die-wand-inspirationen-fuer-die-kueche\" \/>\n<meta property=\"og:site_name\" content=\"Geschenkideen &amp; Fotogeschenke Blog von Smartphoto\" \/>\n<meta property=\"article:publisher\" content=\"http:\/\/www.facebook.com\/smartphoto.ch\" \/>\n<meta property=\"article:published_time\" content=\"2022-07-13T08:56:55+00:00\" \/>\n<meta property=\"article:modified_time\" content=\"2022-07-25T13:55:30+00:00\" \/>\n<meta property=\"og:image\" content=\"https:\/\/storage.googleapis.com\/smartphoto-express-production-wp-blogs-com\/16\/2022\/05\/Kitchen1.png\" \/>\n\t<meta property=\"og:image:width\" content=\"720\" \/>\n\t<meta property=\"og:image:height\" content=\"480\" \/>\n\t<meta property=\"og:image:type\" content=\"image\/png\" \/>\n<meta name=\"author\" content=\"lara\" \/>\n<meta name=\"twitter:card\" content=\"summary_large_image\" \/>\n<meta name=\"twitter:label1\" content=\"Written by\" \/>\n\t<meta name=\"twitter:data1\" content=\"lara\" \/>\n\t<meta name=\"twitter:label2\" content=\"Est. reading time\" \/>\n\t<meta name=\"twitter:data2\" content=\"4 minutes\" \/>\n<script type=\"application\/ld+json\" class=\"yoast-schema-graph\">{\"@context\":\"https:\/\/schema.org\",\"@graph\":[{\"@type\":\"WebPage\",\"@id\":\"\/blog\/ab-an-die-wand-inspirationen-fuer-die-kueche\",\"url\":\"https:\/\/www.smartphoto.ch\/blog\/ab-an-die-wand-inspirationen-fuer-die-kueche\",\"name\":\"K\u00fcchendeko f\u00fcr die Wand - Holz, Tafel, Kork - smartphoto\",\"isPartOf\":{\"@id\":\"https:\/\/www.smartphoto.ch\/blog\/#website\"},\"primaryImageOfPage\":{\"@id\":\"https:\/\/www.smartphoto.ch\/blog\/ab-an-die-wand-inspirationen-fuer-die-kueche#primaryimage\"},\"image\":{\"@id\":\"https:\/\/www.smartphoto.ch\/blog\/ab-an-die-wand-inspirationen-fuer-die-kueche#primaryimage\"},\"thumbnailUrl\":\"https:\/\/storage.googleapis.com\/smartphoto-express-production-wp-blogs-com\/16\/2022\/05\/Kitchen1.png\",\"datePublished\":\"2022-07-13T08:56:55+00:00\",\"dateModified\":\"2022-07-25T13:55:30+00:00\",\"author\":{\"@id\":\"https:\/\/www.smartphoto.ch\/blog\/#\/schema\/person\/38c3983f33c0b33afe68950ca7cf1859\"},\"description\":\"Dekoriere deine K\u00fcchen-Wand mit kreativen K\u00fcchendekos aus Holz, Kork oder mit einer Wandtafel. Unser Blog ist der ideale Ratgeber.\",\"breadcrumb\":{\"@id\":\"https:\/\/www.smartphoto.ch\/blog\/ab-an-die-wand-inspirationen-fuer-die-kueche#breadcrumb\"},\"inLanguage\":\"de-DE\",\"potentialAction\":[{\"@type\":\"ReadAction\",\"target\":[\"https:\/\/www.smartphoto.ch\/blog\/ab-an-die-wand-inspirationen-fuer-die-kueche\"]}]},{\"@type\":\"ImageObject\",\"inLanguage\":\"de-DE\",\"@id\":\"https:\/\/www.smartphoto.ch\/blog\/ab-an-die-wand-inspirationen-fuer-die-kueche#primaryimage\",\"url\":\"https:\/\/storage.googleapis.com\/smartphoto-express-production-wp-blogs-com\/16\/2022\/05\/Kitchen1.png\",\"contentUrl\":\"https:\/\/storage.googleapis.com\/smartphoto-express-production-wp-blogs-com\/16\/2022\/05\/Kitchen1.png\",\"width\":720,\"height\":480},{\"@type\":\"BreadcrumbList\",\"@id\":\"https:\/\/www.smartphoto.ch\/blog\/ab-an-die-wand-inspirationen-fuer-die-kueche#breadcrumb\",\"itemListElement\":[{\"@type\":\"ListItem\",\"position\":1,\"name\":\"Home\",\"item\":\"\/blog\/\"},{\"@type\":\"ListItem\",\"position\":2,\"name\":\"Ab an die Wand- Inspirationen f\u00fcr die K\u00fcche\"}]},{\"@type\":\"WebSite\",\"@id\":\"https:\/\/www.smartphoto.ch\/blog\/#website\",\"url\":\"https:\/\/www.smartphoto.ch\/blog\/\",\"name\":\"Geschenkideen &amp; Fotogeschenke Blog von Smartphoto\",\"description\":\"Geschenkideen &amp; Fotogeschenke Blog von Smartphoto\",\"potentialAction\":[{\"@type\":\"SearchAction\",\"target\":{\"@type\":\"EntryPoint\",\"urlTemplate\":\"https:\/\/www.smartphoto.ch\/blog\/?s={search_term_string}\"},\"query-input\":{\"@type\":\"PropertyValueSpecification\",\"valueRequired\":true,\"valueName\":\"search_term_string\"}}],\"inLanguage\":\"de-DE\"},{\"@type\":\"Person\",\"@id\":\"https:\/\/www.smartphoto.ch\/blog\/#\/schema\/person\/38c3983f33c0b33afe68950ca7cf1859\",\"name\":\"lara\",\"image\":{\"@type\":\"ImageObject\",\"inLanguage\":\"de-DE\",\"@id\":\"https:\/\/www.smartphoto.ch\/blog\/#\/schema\/person\/image\/\",\"url\":\"https:\/\/secure.gravatar.com\/avatar\/c400116aad14d1c220ac53212ae4cc5b?s=96&d=mm&r=g\",\"contentUrl\":\"https:\/\/secure.gravatar.com\/avatar\/c400116aad14d1c220ac53212ae4cc5b?s=96&d=mm&r=g\",\"caption\":\"lara\"},\"url\":\"https:\/\/www.smartphoto.ch\/blog\/author\/lara\"}]}<\/script>\n<!-- \/ Yoast SEO plugin. -->","yoast_head_json":{"title":"K\u00fcchendeko f\u00fcr die Wand - Holz, Tafel, Kork - smartphoto","description":"Dekoriere deine K\u00fcchen-Wand mit kreativen K\u00fcchendekos aus Holz, Kork oder mit einer Wandtafel. Unser Blog ist der ideale Ratgeber.","robots":{"index":"index","follow":"follow","max-snippet":"max-snippet:-1","max-image-preview":"max-image-preview:large","max-video-preview":"max-video-preview:-1"},"canonical":"https:\/\/www.smartphoto.ch\/blog\/ab-an-die-wand-inspirationen-fuer-die-kueche","og_locale":"de_DE","og_type":"article","og_title":"K\u00fcchendeko f\u00fcr die Wand - Holz, Tafel, Kork - smartphoto","og_description":"Dekoriere deine K\u00fcchen-Wand mit kreativen K\u00fcchendekos aus Holz, Kork oder mit einer Wandtafel. Unser Blog ist der ideale Ratgeber.","og_url":"\/blog\/ab-an-die-wand-inspirationen-fuer-die-kueche","og_site_name":"Geschenkideen &amp; Fotogeschenke Blog von Smartphoto","article_publisher":"http:\/\/www.facebook.com\/smartphoto.ch","article_published_time":"2022-07-13T08:56:55+00:00","article_modified_time":"2022-07-25T13:55:30+00:00","og_image":[{"width":720,"height":480,"url":"https:\/\/storage.googleapis.com\/smartphoto-express-production-wp-blogs-com\/16\/2022\/05\/Kitchen1.png","type":"image\/png"}],"author":"lara","twitter_card":"summary_large_image","twitter_misc":{"Written by":"lara","Est. reading time":"4 minutes"},"schema":{"@context":"https:\/\/schema.org","@graph":[{"@type":"WebPage","@id":"\/blog\/ab-an-die-wand-inspirationen-fuer-die-kueche","url":"https:\/\/www.smartphoto.ch\/blog\/ab-an-die-wand-inspirationen-fuer-die-kueche","name":"K\u00fcchendeko f\u00fcr die Wand - Holz, Tafel, Kork - smartphoto","isPartOf":{"@id":"https:\/\/www.smartphoto.ch\/blog\/#website"},"primaryImageOfPage":{"@id":"https:\/\/www.smartphoto.ch\/blog\/ab-an-die-wand-inspirationen-fuer-die-kueche#primaryimage"},"image":{"@id":"https:\/\/www.smartphoto.ch\/blog\/ab-an-die-wand-inspirationen-fuer-die-kueche#primaryimage"},"thumbnailUrl":"https:\/\/storage.googleapis.com\/smartphoto-express-production-wp-blogs-com\/16\/2022\/05\/Kitchen1.png","datePublished":"2022-07-13T08:56:55+00:00","dateModified":"2022-07-25T13:55:30+00:00","author":{"@id":"https:\/\/www.smartphoto.ch\/blog\/#\/schema\/person\/38c3983f33c0b33afe68950ca7cf1859"},"description":"Dekoriere deine K\u00fcchen-Wand mit kreativen K\u00fcchendekos aus Holz, Kork oder mit einer Wandtafel. Unser Blog ist der ideale Ratgeber.","breadcrumb":{"@id":"https:\/\/www.smartphoto.ch\/blog\/ab-an-die-wand-inspirationen-fuer-die-kueche#breadcrumb"},"inLanguage":"de-DE","potentialAction":[{"@type":"ReadAction","target":["https:\/\/www.smartphoto.ch\/blog\/ab-an-die-wand-inspirationen-fuer-die-kueche"]}]},{"@type":"ImageObject","inLanguage":"de-DE","@id":"https:\/\/www.smartphoto.ch\/blog\/ab-an-die-wand-inspirationen-fuer-die-kueche#primaryimage","url":"https:\/\/storage.googleapis.com\/smartphoto-express-production-wp-blogs-com\/16\/2022\/05\/Kitchen1.png","contentUrl":"https:\/\/storage.googleapis.com\/smartphoto-express-production-wp-blogs-com\/16\/2022\/05\/Kitchen1.png","width":720,"height":480},{"@type":"BreadcrumbList","@id":"https:\/\/www.smartphoto.ch\/blog\/ab-an-die-wand-inspirationen-fuer-die-kueche#breadcrumb","itemListElement":[{"@type":"ListItem","position":1,"name":"Home","item":"\/blog\/"},{"@type":"ListItem","position":2,"name":"Ab an die Wand- Inspirationen f\u00fcr die K\u00fcche"}]},{"@type":"WebSite","@id":"https:\/\/www.smartphoto.ch\/blog\/#website","url":"https:\/\/www.smartphoto.ch\/blog\/","name":"Geschenkideen &amp; Fotogeschenke Blog von Smartphoto","description":"Geschenkideen &amp; Fotogeschenke Blog von Smartphoto","potentialAction":[{"@type":"SearchAction","target":{"@type":"EntryPoint","urlTemplate":"https:\/\/www.smartphoto.ch\/blog\/?s={search_term_string}"},"query-input":{"@type":"PropertyValueSpecification","valueRequired":true,"valueName":"search_term_string"}}],"inLanguage":"de-DE"},{"@type":"Person","@id":"https:\/\/www.smartphoto.ch\/blog\/#\/schema\/person\/38c3983f33c0b33afe68950ca7cf1859","name":"lara","image":{"@type":"ImageObject","inLanguage":"de-DE","@id":"https:\/\/www.smartphoto.ch\/blog\/#\/schema\/person\/image\/","url":"https:\/\/secure.gravatar.com\/avatar\/c400116aad14d1c220ac53212ae4cc5b?s=96&d=mm&r=g","contentUrl":"https:\/\/secure.gravatar.com\/avatar\/c400116aad14d1c220ac53212ae4cc5b?s=96&d=mm&r=g","caption":"lara"},"url":"https:\/\/www.smartphoto.ch\/blog\/author\/lara"}]}},"_links":{"self":[{"href":"https:\/\/www.smartphoto.ch\/blog\/wp-json\/wp\/v2\/posts\/5624","targetHints":{"allow":["GET"]}}],"collection":[{"href":"https:\/\/www.smartphoto.ch\/blog\/wp-json\/wp\/v2\/posts"}],"about":[{"href":"https:\/\/www.smartphoto.ch\/blog\/wp-json\/wp\/v2\/types\/post"}],"author":[{"embeddable":true,"href":"https:\/\/www.smartphoto.ch\/blog\/wp-json\/wp\/v2\/users\/68"}],"replies":[{"embeddable":true,"href":"https:\/\/www.smartphoto.ch\/blog\/wp-json\/wp\/v2\/comments?post=5624"}],"version-history":[{"count":33,"href":"https:\/\/www.smartphoto.ch\/blog\/wp-json\/wp\/v2\/posts\/5624\/revisions"}],"predecessor-version":[{"id":6435,"href":"https:\/\/www.smartphoto.ch\/blog\/wp-json\/wp\/v2\/posts\/5624\/revisions\/6435"}],"wp:featuredmedia":[{"embeddable":true,"href":"https:\/\/www.smartphoto.ch\/blog\/wp-json\/wp\/v2\/media\/6381"}],"wp:attachment":[{"href":"https:\/\/www.smartphoto.ch\/blog\/wp-json\/wp\/v2\/media?parent=5624"}],"wp:term":[{"taxonomy":"category","embeddable":true,"href":"https:\/\/www.smartphoto.ch\/blog\/wp-json\/wp\/v2\/categories?post=5624"},{"taxonomy":"post_tag","embeddable":true,"href":"https:\/\/www.smartphoto.ch\/blog\/wp-json\/wp\/v2\/tags?post=5624"}],"curies":[{"name":"wp","href":"https:\/\/api.w.org\/{rel}","templated":true}]}}