{"id":814,"date":"2025-09-25T18:22:05","date_gmt":"2025-09-25T16:22:05","guid":{"rendered":"https:\/\/www.smartphoto-blog.ch\/?p=814"},"modified":"2025-10-30T10:16:33","modified_gmt":"2025-10-30T09:16:33","slug":"herbst-halloween-ausgefallene-ideen-rund-um-den-kuerbis","status":"publish","type":"post","link":"https:\/\/www.smartphoto.ch\/blog\/herbst-halloween-ausgefallene-ideen-rund-um-den-kuerbis","title":{"rendered":"Herbst &amp; Halloween: Ausgefallene Ideen rund um den K\u00fcrbis"},"content":{"rendered":"<div id=\"bsf_rt_marker\"><\/div><p><span style=\"font-weight: 400\">Wundersch\u00f6ne, kunterbunte Bl\u00e4tter l\u00e4uten die herbstliche Jahreszeit ein: Wir freuen uns, das traute Heim stimmungsvoll mit Kastanien, K\u00fcrbissen und weiteren Accessoires dekorieren zu d\u00fcrfen. Kuscheln wir uns gem\u00fctlich in flauschige <a href=\"https:\/\/www.smartphoto.ch\/de\/fotogeschenke\/fotodecken\">Decken<\/a>, geniessen bei <a href=\"https:\/\/www.smartphoto.ch\/de\/fotogeschenke\/duftkerze\">Kerzenschein<\/a><\/span><span style=\"font-weight: 400\">\u00a0einen k\u00f6stlichen <a href=\"https:\/\/www.smartphoto.ch\/de\/fotogeschenke\/glaeser\/teeglas\">Tee<\/a> und schwingen uns an den Herd. Gerne geben wir Euch ausgefallene Tipps f\u00fcr Herbst und <a href=\"https:\/\/www.smartphoto.ch\/de\/ihre-designs\/halloween?theme=theme.spooky\">Halloween<\/a>.\u00a0<\/span><\/p>\n<div id=\"attachment_8510\" style=\"width: 2570px\" class=\"wp-caption alignnone\"><img loading=\"lazy\" decoding=\"async\" aria-describedby=\"caption-attachment-8510\" class=\"wp-image-8510 size-full\" src=\"https:\/\/storage.googleapis.com\/smartphoto-express-production-wp-blogs-com\/16\/2025\/09\/iStock-916493964-min-2-scaled.jpg\" alt=\"\" width=\"2560\" height=\"1904\" srcset=\"https:\/\/storage.googleapis.com\/smartphoto-express-production-wp-blogs-com\/16\/2025\/09\/iStock-916493964-min-2-scaled.jpg 2560w, https:\/\/storage.googleapis.com\/smartphoto-express-production-wp-blogs-com\/16\/2025\/09\/iStock-916493964-min-2-300x223.jpg 300w, https:\/\/storage.googleapis.com\/smartphoto-express-production-wp-blogs-com\/16\/2025\/09\/iStock-916493964-min-2-1024x762.jpg 1024w, https:\/\/storage.googleapis.com\/smartphoto-express-production-wp-blogs-com\/16\/2025\/09\/iStock-916493964-min-2-768x571.jpg 768w, https:\/\/storage.googleapis.com\/smartphoto-express-production-wp-blogs-com\/16\/2025\/09\/iStock-916493964-min-2-1536x1142.jpg 1536w, https:\/\/storage.googleapis.com\/smartphoto-express-production-wp-blogs-com\/16\/2025\/09\/iStock-916493964-min-2-2048x1523.jpg 2048w\" sizes=\"auto, (max-width: 2560px) 100vw, 2560px\" \/><p id=\"caption-attachment-8510\" class=\"wp-caption-text\">Wie sieht dein Halloween-Kost\u00fcm dieses Jahr aus?<\/p><\/div>\n<p>\n\n\n<\/p>\n<h2><strong>Spooky Season: Gruslige Accessoires f\u00fcr Halloween-Fans<\/strong><\/h2>\n<p>Seit mehr als 30 Jahren sind die Halloween-Br\u00e4uche nach US-amerikanischem Vorbild auch in europ\u00e4ischen L\u00e4ndern Gang und Gebe. Nicht nur Kinder lieben es, sich an Halloween als Vampir, Hexe, Frankenstein oder Geist zu verkleiden. Neben der richtigen Schminke geh\u00f6ren selbstverst\u00e4ndlich coole Partyartikel zu einer richtigen Halloween-Party. Verleihe deiner Gruselshow dieses Jahr eine einzigartige Note und \u00fcberrasche deine G\u00e4ste mit <b>personalisierten Halloween-Produkten<\/b>. So wird deine Feier garantiert zu einem unvergesslichen Erlebnis!<\/p>\n<div id=\"attachment_8488\" style=\"width: 2570px\" class=\"wp-caption alignnone\"><a href=\"https:\/\/www.smartphoto.ch\/de\/ihre-designs\/halloween?theme=theme.spooky\"><img loading=\"lazy\" decoding=\"async\" aria-describedby=\"caption-attachment-8488\" class=\"wp-image-8488 size-full\" src=\"https:\/\/storage.googleapis.com\/smartphoto-express-production-wp-blogs-com\/16\/2024\/08\/Doormat_Shoot_Lifestyle6-1-min-min-2-1-scaled.jpg\" alt=\"\" width=\"2560\" height=\"1703\" srcset=\"https:\/\/storage.googleapis.com\/smartphoto-express-production-wp-blogs-com\/16\/2024\/08\/Doormat_Shoot_Lifestyle6-1-min-min-2-1-scaled.jpg 2560w, https:\/\/storage.googleapis.com\/smartphoto-express-production-wp-blogs-com\/16\/2024\/08\/Doormat_Shoot_Lifestyle6-1-min-min-2-1-300x200.jpg 300w, https:\/\/storage.googleapis.com\/smartphoto-express-production-wp-blogs-com\/16\/2024\/08\/Doormat_Shoot_Lifestyle6-1-min-min-2-1-1024x681.jpg 1024w, https:\/\/storage.googleapis.com\/smartphoto-express-production-wp-blogs-com\/16\/2024\/08\/Doormat_Shoot_Lifestyle6-1-min-min-2-1-768x511.jpg 768w, https:\/\/storage.googleapis.com\/smartphoto-express-production-wp-blogs-com\/16\/2024\/08\/Doormat_Shoot_Lifestyle6-1-min-min-2-1-1536x1022.jpg 1536w, https:\/\/storage.googleapis.com\/smartphoto-express-production-wp-blogs-com\/16\/2024\/08\/Doormat_Shoot_Lifestyle6-1-min-min-2-1-2048x1363.jpg 2048w\" sizes=\"auto, (max-width: 2560px) 100vw, 2560px\" \/><\/a><p id=\"caption-attachment-8488\" class=\"wp-caption-text\">Begr\u00fcsse deine Freunde mit einer schaurig sch\u00f6nen Fussmatte<\/p><\/div>\n<p>\n\n<\/p>\n<h3><b>Der perfekte Filmabend: Horror-Klassiker und Popcorn-Zauber<\/b><\/h3>\n<p>Was w\u00e4re Halloween ohne einen guten Gruselfilm? W\u00e4hrend draussen der Wind heult, gibt es nichts Gem\u00fctlicheres, als sich mit einer grossen Sch\u00fcssel Popcorn und einer weichen Decke auf das Sofa zu kuscheln. Die richtige Filmauswahl ist dabei entscheidend, denn es muss nicht immer der blutigste Splatter-Film sein, um G\u00e4nsehaut zu bekommen.<\/p>\n<div id=\"attachment_8483\" style=\"width: 2570px\" class=\"wp-caption alignnone\"><a href=\"https:\/\/www.smartphoto.ch\/de\/fotogeschenke\/fotokissen?theme=theme.spooky\"><img loading=\"lazy\" decoding=\"async\" aria-describedby=\"caption-attachment-8483\" class=\"wp-image-8483 size-full\" src=\"https:\/\/storage.googleapis.com\/smartphoto-express-production-wp-blogs-com\/16\/2024\/08\/PillowPolyLinen_Shoot_Lifestyle3-3-min-scaled.jpg\" alt=\"\" width=\"2560\" height=\"1703\" srcset=\"https:\/\/storage.googleapis.com\/smartphoto-express-production-wp-blogs-com\/16\/2024\/08\/PillowPolyLinen_Shoot_Lifestyle3-3-min-scaled.jpg 2560w, https:\/\/storage.googleapis.com\/smartphoto-express-production-wp-blogs-com\/16\/2024\/08\/PillowPolyLinen_Shoot_Lifestyle3-3-min-300x200.jpg 300w, https:\/\/storage.googleapis.com\/smartphoto-express-production-wp-blogs-com\/16\/2024\/08\/PillowPolyLinen_Shoot_Lifestyle3-3-min-1024x681.jpg 1024w, https:\/\/storage.googleapis.com\/smartphoto-express-production-wp-blogs-com\/16\/2024\/08\/PillowPolyLinen_Shoot_Lifestyle3-3-min-768x511.jpg 768w, https:\/\/storage.googleapis.com\/smartphoto-express-production-wp-blogs-com\/16\/2024\/08\/PillowPolyLinen_Shoot_Lifestyle3-3-min-1536x1022.jpg 1536w, https:\/\/storage.googleapis.com\/smartphoto-express-production-wp-blogs-com\/16\/2024\/08\/PillowPolyLinen_Shoot_Lifestyle3-3-min-2048x1363.jpg 2048w\" sizes=\"auto, (max-width: 2560px) 100vw, 2560px\" \/><\/a><p id=\"caption-attachment-8483\" class=\"wp-caption-text\">Gem\u00fctlicher Grusel-Abend auf dem Sofa- f\u00fcr einen besseren Schocker mit Skelett-Design-Kissen<\/p><\/div>\n<p><b>Unsere &#8222;Best of&#8220; Liste f\u00fcr einen gem\u00fctlichen Gruselabend:<\/b><\/p>\n<ul>\n<li><b>F\u00fcr Nervenkitzel-Liebhaber:<\/b> &#8222;The Conjuring&#8220; (2013) ist ein moderner Klassiker, der mit seiner unheimlichen Atmosph\u00e4re und den subtilen Schockmomenten \u00fcberzeugt.<\/li>\n<li><b>F\u00fcr das nostalgische Halloween-Gef\u00fchl:<\/b> &#8222;Hocus Pocus&#8220; (1993) ist der absolute Kultfilm, der perfekt zu einem Abend mit der ganzen Familie passt.<\/li>\n<li><b>F\u00fcr mysteri\u00f6se Geschichten:<\/b> &#8222;Sleepy Hollow&#8220; (1999) entf\u00fchrt dich in eine d\u00fcstere, gotische Welt und sorgt mit seinen atmosph\u00e4rischen Bildern f\u00fcr die perfekte Herbststimmung.<\/li>\n<li><b>F\u00fcr den Kult-Faktor:<\/b> &#8222;Scream&#8220; (1996) ist eine geniale Mischung aus Horror, Spannung und Selbstironie \u2013 ideal f\u00fcr alle, die das Genre lieben.<\/li>\n<\/ul>\n<p>\n\n<\/p>\n<p>\n\n\n<\/p>\n\n\n<\/p>\n<h2><strong>Immunbooster- vegane K\u00fcrbissuppe<\/strong><\/h2>\n<p><span style=\"font-weight: 400\">Was w\u00e4re der Herbst ohne K\u00fcrbissuppe? Das cremig-w\u00fcrzige Gericht w\u00e4rmt von innen und ist das perfekte Seelenfutter f\u00fcr kalte Tage. Die Zubereitung ist einfach und macht Spass \u2013 perfekt f\u00fcr einen gem\u00fctlichen Kochabend. <\/span><span style=\"font-weight: 400\">Wir haben bei <\/span><a href=\"https:\/\/www.essen-und-trinken.de\/rezepte\/55391-rzpt-kuerbissuppe\"><span style=\"font-weight: 400\">Essen und Trinken<\/span><\/a><span style=\"font-weight: 400\"> ein einfaches und k\u00f6stliches veganes Rezept f\u00fcr Euch herausgesucht.<\/span><\/p>\n<div id=\"attachment_6680\" style=\"width: 1264px\" class=\"wp-caption alignnone\"><img loading=\"lazy\" decoding=\"async\" aria-describedby=\"caption-attachment-6680\" class=\"wp-image-6680 size-full\" src=\"https:\/\/storage.googleapis.com\/smartphoto-express-production-wp-blogs-com\/16\/2022\/10\/iStock-1389276037-min.jpg\" alt=\"\" width=\"1254\" height=\"836\" srcset=\"https:\/\/storage.googleapis.com\/smartphoto-express-production-wp-blogs-com\/16\/2022\/10\/iStock-1389276037-min.jpg 1254w, https:\/\/storage.googleapis.com\/smartphoto-express-production-wp-blogs-com\/16\/2022\/10\/iStock-1389276037-min-300x200.jpg 300w, https:\/\/storage.googleapis.com\/smartphoto-express-production-wp-blogs-com\/16\/2022\/10\/iStock-1389276037-min-1024x683.jpg 1024w, https:\/\/storage.googleapis.com\/smartphoto-express-production-wp-blogs-com\/16\/2022\/10\/iStock-1389276037-min-768x512.jpg 768w\" sizes=\"auto, (max-width: 1254px) 100vw, 1254px\" \/><p id=\"caption-attachment-6680\" class=\"wp-caption-text\">K\u00f6stliche K\u00fcrbissuppe in der personalisierten <a href=\"https:\/\/www.smartphoto.ch\/de\/fotogeschenke\/schalen-mit-foto\">Schale<\/a><\/p><\/div>\n<p>\n\n\n\n<\/p>\n<p><b>Zutaten:<\/b><\/p>\n<ul>\n<li style=\"font-weight: 400\"><span style=\"font-weight: 400\">1 Zwiebel<\/span><\/li>\n<li style=\"font-weight: 400\"><span style=\"font-weight: 400\">20g Ingwer<\/span><\/li>\n<li style=\"font-weight: 400\"><span style=\"font-weight: 400\">\u00bd Chilischote<\/span><\/li>\n<li style=\"font-weight: 400\"><span style=\"font-weight: 400\">1 Knoblauchzehe<\/span><\/li>\n<li style=\"font-weight: 400\"><span style=\"font-weight: 400\">3 EL \u00d6l<\/span><\/li>\n<li style=\"font-weight: 400\"><span style=\"font-weight: 400\">300g Muskatk\u00fcrbisp\u00fcree (1 K\u00fcrbis a 600g)<\/span><\/li>\n<li style=\"font-weight: 400\"><span style=\"font-weight: 400\">200ml Kokosmilch<\/span><\/li>\n<li style=\"font-weight: 400\"><span style=\"font-weight: 400\">1 Bio Limette<\/span><\/li>\n<li style=\"font-weight: 400\"><span style=\"font-weight: 400\">50g Erdn\u00fcsse<\/span><\/li>\n<\/ul>\n<p><b>Zubereitung<\/b><span style=\"font-weight: 400\">:<\/span><\/p>\n<p><span style=\"font-weight: 400\">Zun\u00e4chst wird der K\u00fcrbis entkernt und das Fleisch auf einem Backblech ausgelegt. Die weiche Masse kommt bei 200 Grad (Umluft 180 Grad) auf der mittleren Schiene f\u00fcr 50-60 Minuten in den Ofen, bis das K\u00fcrbisfleisch sch\u00f6n weich ist. Anschliessend wird das abgek\u00fchlte P\u00fcree mit Hilfe eines P\u00fcrierstabs zermahlen.<\/span><\/p>\n<p><span style=\"font-weight: 400\">Zwiebel und Ingwer sch\u00e4len und w\u00fcrfeln. Chilischote und Knoblauch klein hacken. Nun das \u00d6l im Topf erhitzen, Zwiebel, Ingwer, Chili und Knoblauch d\u00fcnsten. Das P\u00fcree, 200ml Wasser sowie die Kokosmilch hinzuf\u00fcgen.<\/span><\/p>\n<p><span style=\"font-weight: 400\">Nun Limettenschale abraspeln sowie Erdnusskerne kleinhacken und beimengen. Zu guter Letzt noch 1-2 EL Limettensaft hinzugeben und je nach Geschmack mit <\/span><a href=\"https:\/\/www.smartphoto.ch\/de\/fotogeschenke\/gewuerzmuehlen-mit-gravur\"><span style=\"font-weight: 400\">Salz und Pfeffer nachw\u00fcrzen<\/span><\/a><span style=\"font-weight: 400\">. Wer m\u00f6chte, kann das Gericht mit Brotcroutons und K\u00fcrbiskernen verfeinern.<\/span><\/p>\n<h2 class=\"wp-block-heading\"><b>Wellness &amp; Cozy Vibes f\u00fcr Zuhause<\/b><\/h2>\n<p>\n\n\n<div id=\"attachment_8540\" style=\"width: 2570px\" class=\"wp-caption alignnone\"><img loading=\"lazy\" decoding=\"async\" aria-describedby=\"caption-attachment-8540\" class=\"wp-image-8540 size-full\" src=\"https:\/\/storage.googleapis.com\/smartphoto-express-production-wp-blogs-com\/16\/2025\/09\/Doormat_Shoot_Lifestyle7-min-2-scaled.jpg\" alt=\"\" width=\"2560\" height=\"1707\" srcset=\"https:\/\/storage.googleapis.com\/smartphoto-express-production-wp-blogs-com\/16\/2025\/09\/Doormat_Shoot_Lifestyle7-min-2-scaled.jpg 2560w, https:\/\/storage.googleapis.com\/smartphoto-express-production-wp-blogs-com\/16\/2025\/09\/Doormat_Shoot_Lifestyle7-min-2-300x200.jpg 300w, https:\/\/storage.googleapis.com\/smartphoto-express-production-wp-blogs-com\/16\/2025\/09\/Doormat_Shoot_Lifestyle7-min-2-1024x683.jpg 1024w, https:\/\/storage.googleapis.com\/smartphoto-express-production-wp-blogs-com\/16\/2025\/09\/Doormat_Shoot_Lifestyle7-min-2-768x512.jpg 768w, https:\/\/storage.googleapis.com\/smartphoto-express-production-wp-blogs-com\/16\/2025\/09\/Doormat_Shoot_Lifestyle7-min-2-1536x1024.jpg 1536w, https:\/\/storage.googleapis.com\/smartphoto-express-production-wp-blogs-com\/16\/2025\/09\/Doormat_Shoot_Lifestyle7-min-2-2048x1365.jpg 2048w\" sizes=\"auto, (max-width: 2560px) 100vw, 2560px\" \/><p id=\"caption-attachment-8540\" class=\"wp-caption-text\">Wundervolle <a href=\"https:\/\/www.smartphoto.ch\/de\/ihre-designs\/designs-landhausstil?theme=theme.cottagecore\">Cozy Vibes<\/a> sorgen f\u00fcr gem\u00fctliche Stimmung<\/p><\/div>\n<p><span style=\"font-weight: 400\">Die dunkle Jahreszeit kann manchmal auf das Gem\u00fct schlagen. Deshalb ist es umso wichtiger, dir bewusst Zeit f\u00fcr dich zu nehmen. Mache dein Zuhause zu deinem pers\u00f6nlichen Wellness-Tempel. Kuschel dich mit einer Tasse <a href=\"https:\/\/www.smartphoto.ch\/de\/fotogeschenke\/fototassen\">Tee<\/a> in deine <a href=\"https:\/\/www.smartphoto.ch\/de\/fotogeschenke\/fotodecken\">Lieblingsdecke<\/a><\/span><span style=\"font-weight: 400\">\u00a0und mache es dir auf dem Sofa mit einem <a href=\"https:\/\/www.smartphoto.ch\/de\/ihre-designs\/designs-fuer-buchliebhaber?theme=theme.booklovers\">Buch<\/a> gem\u00fctlich. Hier ein paar Ideen f\u00fcr entspannte Stunden:<\/span><\/p>\n<ul>\n<li style=\"font-weight: 400\"><b>Aromatherapie:<\/b><span style=\"font-weight: 400\"> Nutze den Duft von Zimt, Nelken oder Orange. \u00c4therische \u00d6le im <a href=\"https:\/\/www.smartphoto.ch\/de\/fotogeschenke\/raumduft-flakon\">Diffusor<\/a> oder <a href=\"https:\/\/www.smartphoto.ch\/de\/fotogeschenke\/duftkerze\">Duftkerzen<\/a> mit diesen Noten schaffen eine beruhigende Atmosph\u00e4re.<\/span><\/li>\n<li style=\"font-weight: 400\"><b>W\u00e4rmende B\u00e4der:<\/b><span style=\"font-weight: 400\"> Ein entspannendes <a href=\"https:\/\/www.smartphoto.ch\/de\/fotogeschenke\/mini-glaeser-und-glasroehrchen\">Bad<\/a> mit Badesalz oder -\u00f6l ist Balsam f\u00fcr die Seele.<\/span><\/li>\n<li style=\"font-weight: 400\"><b>Lesen und Musik:<\/b><span style=\"font-weight: 400\"> Schnapp dir ein gutes Buch, h\u00f6re entspannende Musik und geniesse die Ruhe.<\/span><\/li>\n<li><span style=\"color: initial\"><strong>Neue Dekoration<\/strong> im <a href=\"https:\/\/www.smartphoto.ch\/de\/ihre-designs\/designs-landhausstil?theme=theme.cottagecore\">Cottagecore-Stil<\/a>: Vintage Vibes die den Herbst noch bunter machen.<\/span><\/li>\n<\/ul>\n<figure class=\"wp-block-image size-large\">\n<div id=\"attachment_6713\" style=\"width: 1034px\" class=\"wp-caption alignnone\"><a href=\"https:\/\/www.smartphoto.ch\/de\/geschenksets\/wellness-geschenkset\"><img loading=\"lazy\" decoding=\"async\" aria-describedby=\"caption-attachment-6713\" class=\"wp-image-6713\" src=\"https:\/\/storage.googleapis.com\/smartphoto-express-production-wp-blogs-com\/16\/2022\/10\/MG_8749-1-min-1-1024x683.jpg\" alt=\"\" width=\"1024\" height=\"683\" srcset=\"https:\/\/storage.googleapis.com\/smartphoto-express-production-wp-blogs-com\/16\/2022\/10\/MG_8749-1-min-1-1024x683.jpg 1024w, https:\/\/storage.googleapis.com\/smartphoto-express-production-wp-blogs-com\/16\/2022\/10\/MG_8749-1-min-1-300x200.jpg 300w, https:\/\/storage.googleapis.com\/smartphoto-express-production-wp-blogs-com\/16\/2022\/10\/MG_8749-1-min-1-768x512.jpg 768w, https:\/\/storage.googleapis.com\/smartphoto-express-production-wp-blogs-com\/16\/2022\/10\/MG_8749-1-min-1-1536x1024.jpg 1536w, https:\/\/storage.googleapis.com\/smartphoto-express-production-wp-blogs-com\/16\/2022\/10\/MG_8749-1-min-1.jpg 2048w\" sizes=\"auto, (max-width: 1024px) 100vw, 1024px\" \/><\/a><p id=\"caption-attachment-6713\" class=\"wp-caption-text\"><a href=\"https:\/\/www.smartphoto.ch\/de\/geschenksets\/wellness-geschenkset\">Relax<\/a>-take it easy!<\/p><\/div>\n<p>Verw\u00f6hne Deinen Schatz doch mit einem personalisierbaren <a href=\"https:\/\/www.smartphoto.ch\/de\/geschenksets\/wellness-geschenkset\">Wellness-Geschenkset<\/a>? Ein gemeinsames Bad mit k\u00f6stlichem Duft und romantischen Kerzen garantiert Entspannung pur!<\/p>\n<\/figure>\n\n\n<p><\/p>\n","protected":false},"excerpt":{"rendered":"<p>Wundersch\u00f6ne, kunterbunte Bl\u00e4tter l\u00e4uten die herbstliche Jahreszeit ein: Wir freuen uns, das traute Heim stimmungsvoll mit Kastanien, K\u00fcrbissen und weiteren Accessoires dekorieren zu d\u00fcrfen. Kuscheln wir uns gem\u00fctlich in flauschige Decken, geniessen bei Kerzenschein\u00a0einen k\u00f6stlichen Tee und schwingen uns an den Herd. Gerne geben wir Euch ausgefallene Tipps f\u00fcr Herbst und Halloween.\u00a0 Immunbooster- vegane K\u00fcrbissuppe Was w\u00e4re der Herbst ohne K\u00fcrbissuppe? Das cremig-w\u00fcrzige Gericht w\u00e4rmt von innen und ist das perfekte Seelenfutter f\u00fcr kalte Tage. Die Zubereitung ist einfach und macht Spass \u2013 perfekt f\u00fcr einen gem\u00fctlichen Kochabend. Wir haben bei Essen und Trinken ein einfaches und k\u00f6stliches veganes Rezept<\/p>\n","protected":false},"author":68,"featured_media":8486,"comment_status":"closed","ping_status":"open","sticky":false,"template":"","format":"standard","meta":{"om_disable_all_campaigns":false,"_monsterinsights_skip_tracking":false,"_monsterinsights_sitenote_active":false,"_monsterinsights_sitenote_note":"","_monsterinsights_sitenote_category":0,"footnotes":""},"categories":[68],"tags":[27,70,71,116,1074,1071,160,1059,161,1077,1062,1061,162,1058,1060,211,1075,1063,1073,1072],"class_list":["post-814","post","type-post","status-publish","format-standard","has-post-thumbnail","hentry","category-diy","tag-basteln","tag-deko","tag-dekoration","tag-diy","tag-entspannung","tag-essen-und-trinken","tag-halloween","tag-halloweenkostuem","tag-herbst","tag-hexe","tag-ingwer","tag-kokosmilch","tag-kuerbis","tag-kuerbissuppe","tag-partyartikel","tag-tischdekoration","tag-vampir","tag-vegane-kuerbissuppe","tag-wellness","tag-wellnesstag"],"yoast_head":"<!-- This site is optimized with the Yoast SEO plugin v23.8 - https:\/\/yoast.com\/wordpress\/plugins\/seo\/ -->\n<title>Halloween &amp; Herbst: Dekotipps rund um den K\u00fcrbis - smartphoto<\/title>\n<meta name=\"description\" content=\"Wundersch\u00f6ne, kunterbunte Bl\u00e4tter l\u00e4uten die herbstliche Jahreszeit ein: Tolle Basteltipps und Ideen f\u00fcr Halloween &amp; Herbst.\" \/>\n<meta name=\"robots\" content=\"index, follow, max-snippet:-1, max-image-preview:large, max-video-preview:-1\" \/>\n<link rel=\"canonical\" href=\"https:\/\/www.smartphoto.ch\/blog\/herbst-halloween-ausgefallene-ideen-rund-um-den-kuerbis\" \/>\n<meta property=\"og:locale\" content=\"de_DE\" \/>\n<meta property=\"og:type\" content=\"article\" \/>\n<meta property=\"og:title\" content=\"Halloween &amp; Herbst: Dekotipps rund um den K\u00fcrbis - smartphoto\" \/>\n<meta property=\"og:description\" content=\"Wundersch\u00f6ne, kunterbunte Bl\u00e4tter l\u00e4uten die herbstliche Jahreszeit ein: Tolle Basteltipps und Ideen f\u00fcr Halloween &amp; Herbst.\" \/>\n<meta property=\"og:url\" content=\"https:\/\/www.smartphoto.ch\/blog\/herbst-halloween-ausgefallene-ideen-rund-um-den-kuerbis\" \/>\n<meta property=\"og:site_name\" content=\"Geschenkideen &amp; Fotogeschenke Blog von Smartphoto\" \/>\n<meta property=\"article:publisher\" content=\"http:\/\/www.facebook.com\/smartphoto.ch\" \/>\n<meta property=\"article:published_time\" content=\"2025-09-25T16:22:05+00:00\" \/>\n<meta property=\"article:modified_time\" content=\"2025-10-30T09:16:33+00:00\" \/>\n<meta property=\"og:image\" content=\"https:\/\/storage.googleapis.com\/smartphoto-express-production-wp-blogs-com\/16\/2024\/08\/Doormat_Shoot_Lifestyle6-1-min-min-2-scaled.jpg\" \/>\n\t<meta property=\"og:image:width\" content=\"2560\" \/>\n\t<meta property=\"og:image:height\" content=\"1703\" \/>\n\t<meta property=\"og:image:type\" content=\"image\/jpeg\" \/>\n<meta name=\"author\" content=\"lara\" \/>\n<meta name=\"twitter:card\" content=\"summary_large_image\" \/>\n<meta name=\"twitter:label1\" content=\"Written by\" \/>\n\t<meta name=\"twitter:data1\" content=\"lara\" \/>\n\t<meta name=\"twitter:label2\" content=\"Est. reading time\" \/>\n\t<meta name=\"twitter:data2\" content=\"6 minutes\" \/>\n<script type=\"application\/ld+json\" class=\"yoast-schema-graph\">{\"@context\":\"https:\/\/schema.org\",\"@graph\":[{\"@type\":\"WebPage\",\"@id\":\"https:\/\/www.smartphoto.ch\/blog\/herbst-halloween-ausgefallene-ideen-rund-um-den-kuerbis\",\"url\":\"https:\/\/www.smartphoto.ch\/blog\/herbst-halloween-ausgefallene-ideen-rund-um-den-kuerbis\",\"name\":\"Halloween & Herbst: Dekotipps rund um den K\u00fcrbis - smartphoto\",\"isPartOf\":{\"@id\":\"https:\/\/www.smartphoto.ch\/blog\/#website\"},\"primaryImageOfPage\":{\"@id\":\"https:\/\/www.smartphoto.ch\/blog\/herbst-halloween-ausgefallene-ideen-rund-um-den-kuerbis#primaryimage\"},\"image\":{\"@id\":\"https:\/\/www.smartphoto.ch\/blog\/herbst-halloween-ausgefallene-ideen-rund-um-den-kuerbis#primaryimage\"},\"thumbnailUrl\":\"https:\/\/storage.googleapis.com\/smartphoto-express-production-wp-blogs-com\/16\/2024\/08\/Doormat_Shoot_Lifestyle6-1-min-min-2-scaled.jpg\",\"datePublished\":\"2025-09-25T16:22:05+00:00\",\"dateModified\":\"2025-10-30T09:16:33+00:00\",\"author\":{\"@id\":\"https:\/\/www.smartphoto.ch\/blog\/#\/schema\/person\/38c3983f33c0b33afe68950ca7cf1859\"},\"description\":\"Wundersch\u00f6ne, kunterbunte Bl\u00e4tter l\u00e4uten die herbstliche Jahreszeit ein: Tolle Basteltipps und Ideen f\u00fcr Halloween & Herbst.\",\"breadcrumb\":{\"@id\":\"https:\/\/www.smartphoto.ch\/blog\/herbst-halloween-ausgefallene-ideen-rund-um-den-kuerbis#breadcrumb\"},\"inLanguage\":\"de-DE\",\"potentialAction\":[{\"@type\":\"ReadAction\",\"target\":[\"https:\/\/www.smartphoto.ch\/blog\/herbst-halloween-ausgefallene-ideen-rund-um-den-kuerbis\"]}]},{\"@type\":\"ImageObject\",\"inLanguage\":\"de-DE\",\"@id\":\"https:\/\/www.smartphoto.ch\/blog\/herbst-halloween-ausgefallene-ideen-rund-um-den-kuerbis#primaryimage\",\"url\":\"https:\/\/storage.googleapis.com\/smartphoto-express-production-wp-blogs-com\/16\/2024\/08\/Doormat_Shoot_Lifestyle6-1-min-min-2-scaled.jpg\",\"contentUrl\":\"https:\/\/storage.googleapis.com\/smartphoto-express-production-wp-blogs-com\/16\/2024\/08\/Doormat_Shoot_Lifestyle6-1-min-min-2-scaled.jpg\",\"width\":2560,\"height\":1703},{\"@type\":\"BreadcrumbList\",\"@id\":\"https:\/\/www.smartphoto.ch\/blog\/herbst-halloween-ausgefallene-ideen-rund-um-den-kuerbis#breadcrumb\",\"itemListElement\":[{\"@type\":\"ListItem\",\"position\":1,\"name\":\"Home\",\"item\":\"\/blog\/\"},{\"@type\":\"ListItem\",\"position\":2,\"name\":\"Herbst &amp; Halloween: Ausgefallene Ideen rund um den K\u00fcrbis\"}]},{\"@type\":\"WebSite\",\"@id\":\"https:\/\/www.smartphoto.ch\/blog\/#website\",\"url\":\"https:\/\/www.smartphoto.ch\/blog\/\",\"name\":\"Geschenkideen &amp; Fotogeschenke Blog von Smartphoto\",\"description\":\"Geschenkideen &amp; Fotogeschenke Blog von Smartphoto\",\"potentialAction\":[{\"@type\":\"SearchAction\",\"target\":{\"@type\":\"EntryPoint\",\"urlTemplate\":\"https:\/\/www.smartphoto.ch\/blog\/?s={search_term_string}\"},\"query-input\":{\"@type\":\"PropertyValueSpecification\",\"valueRequired\":true,\"valueName\":\"search_term_string\"}}],\"inLanguage\":\"de-DE\"},{\"@type\":\"Person\",\"@id\":\"https:\/\/www.smartphoto.ch\/blog\/#\/schema\/person\/38c3983f33c0b33afe68950ca7cf1859\",\"name\":\"lara\",\"image\":{\"@type\":\"ImageObject\",\"inLanguage\":\"de-DE\",\"@id\":\"https:\/\/www.smartphoto.ch\/blog\/#\/schema\/person\/image\/\",\"url\":\"https:\/\/secure.gravatar.com\/avatar\/c400116aad14d1c220ac53212ae4cc5b?s=96&d=mm&r=g\",\"contentUrl\":\"https:\/\/secure.gravatar.com\/avatar\/c400116aad14d1c220ac53212ae4cc5b?s=96&d=mm&r=g\",\"caption\":\"lara\"},\"url\":\"https:\/\/www.smartphoto.ch\/blog\/author\/lara\"}]}<\/script>\n<!-- \/ Yoast SEO plugin. -->","yoast_head_json":{"title":"Halloween & Herbst: Dekotipps rund um den K\u00fcrbis - smartphoto","description":"Wundersch\u00f6ne, kunterbunte Bl\u00e4tter l\u00e4uten die herbstliche Jahreszeit ein: Tolle Basteltipps und Ideen f\u00fcr Halloween & Herbst.","robots":{"index":"index","follow":"follow","max-snippet":"max-snippet:-1","max-image-preview":"max-image-preview:large","max-video-preview":"max-video-preview:-1"},"canonical":"https:\/\/www.smartphoto.ch\/blog\/herbst-halloween-ausgefallene-ideen-rund-um-den-kuerbis","og_locale":"de_DE","og_type":"article","og_title":"Halloween & Herbst: Dekotipps rund um den K\u00fcrbis - smartphoto","og_description":"Wundersch\u00f6ne, kunterbunte Bl\u00e4tter l\u00e4uten die herbstliche Jahreszeit ein: Tolle Basteltipps und Ideen f\u00fcr Halloween & Herbst.","og_url":"https:\/\/www.smartphoto.ch\/blog\/herbst-halloween-ausgefallene-ideen-rund-um-den-kuerbis","og_site_name":"Geschenkideen &amp; Fotogeschenke Blog von Smartphoto","article_publisher":"http:\/\/www.facebook.com\/smartphoto.ch","article_published_time":"2025-09-25T16:22:05+00:00","article_modified_time":"2025-10-30T09:16:33+00:00","og_image":[{"width":2560,"height":1703,"url":"https:\/\/storage.googleapis.com\/smartphoto-express-production-wp-blogs-com\/16\/2024\/08\/Doormat_Shoot_Lifestyle6-1-min-min-2-scaled.jpg","type":"image\/jpeg"}],"author":"lara","twitter_card":"summary_large_image","twitter_misc":{"Written by":"lara","Est. reading time":"6 minutes"},"schema":{"@context":"https:\/\/schema.org","@graph":[{"@type":"WebPage","@id":"https:\/\/www.smartphoto.ch\/blog\/herbst-halloween-ausgefallene-ideen-rund-um-den-kuerbis","url":"https:\/\/www.smartphoto.ch\/blog\/herbst-halloween-ausgefallene-ideen-rund-um-den-kuerbis","name":"Halloween & Herbst: Dekotipps rund um den K\u00fcrbis - smartphoto","isPartOf":{"@id":"https:\/\/www.smartphoto.ch\/blog\/#website"},"primaryImageOfPage":{"@id":"https:\/\/www.smartphoto.ch\/blog\/herbst-halloween-ausgefallene-ideen-rund-um-den-kuerbis#primaryimage"},"image":{"@id":"https:\/\/www.smartphoto.ch\/blog\/herbst-halloween-ausgefallene-ideen-rund-um-den-kuerbis#primaryimage"},"thumbnailUrl":"https:\/\/storage.googleapis.com\/smartphoto-express-production-wp-blogs-com\/16\/2024\/08\/Doormat_Shoot_Lifestyle6-1-min-min-2-scaled.jpg","datePublished":"2025-09-25T16:22:05+00:00","dateModified":"2025-10-30T09:16:33+00:00","author":{"@id":"https:\/\/www.smartphoto.ch\/blog\/#\/schema\/person\/38c3983f33c0b33afe68950ca7cf1859"},"description":"Wundersch\u00f6ne, kunterbunte Bl\u00e4tter l\u00e4uten die herbstliche Jahreszeit ein: Tolle Basteltipps und Ideen f\u00fcr Halloween & Herbst.","breadcrumb":{"@id":"https:\/\/www.smartphoto.ch\/blog\/herbst-halloween-ausgefallene-ideen-rund-um-den-kuerbis#breadcrumb"},"inLanguage":"de-DE","potentialAction":[{"@type":"ReadAction","target":["https:\/\/www.smartphoto.ch\/blog\/herbst-halloween-ausgefallene-ideen-rund-um-den-kuerbis"]}]},{"@type":"ImageObject","inLanguage":"de-DE","@id":"https:\/\/www.smartphoto.ch\/blog\/herbst-halloween-ausgefallene-ideen-rund-um-den-kuerbis#primaryimage","url":"https:\/\/storage.googleapis.com\/smartphoto-express-production-wp-blogs-com\/16\/2024\/08\/Doormat_Shoot_Lifestyle6-1-min-min-2-scaled.jpg","contentUrl":"https:\/\/storage.googleapis.com\/smartphoto-express-production-wp-blogs-com\/16\/2024\/08\/Doormat_Shoot_Lifestyle6-1-min-min-2-scaled.jpg","width":2560,"height":1703},{"@type":"BreadcrumbList","@id":"https:\/\/www.smartphoto.ch\/blog\/herbst-halloween-ausgefallene-ideen-rund-um-den-kuerbis#breadcrumb","itemListElement":[{"@type":"ListItem","position":1,"name":"Home","item":"\/blog\/"},{"@type":"ListItem","position":2,"name":"Herbst &amp; Halloween: Ausgefallene Ideen rund um den K\u00fcrbis"}]},{"@type":"WebSite","@id":"https:\/\/www.smartphoto.ch\/blog\/#website","url":"https:\/\/www.smartphoto.ch\/blog\/","name":"Geschenkideen &amp; Fotogeschenke Blog von Smartphoto","description":"Geschenkideen &amp; Fotogeschenke Blog von Smartphoto","potentialAction":[{"@type":"SearchAction","target":{"@type":"EntryPoint","urlTemplate":"https:\/\/www.smartphoto.ch\/blog\/?s={search_term_string}"},"query-input":{"@type":"PropertyValueSpecification","valueRequired":true,"valueName":"search_term_string"}}],"inLanguage":"de-DE"},{"@type":"Person","@id":"https:\/\/www.smartphoto.ch\/blog\/#\/schema\/person\/38c3983f33c0b33afe68950ca7cf1859","name":"lara","image":{"@type":"ImageObject","inLanguage":"de-DE","@id":"https:\/\/www.smartphoto.ch\/blog\/#\/schema\/person\/image\/","url":"https:\/\/secure.gravatar.com\/avatar\/c400116aad14d1c220ac53212ae4cc5b?s=96&d=mm&r=g","contentUrl":"https:\/\/secure.gravatar.com\/avatar\/c400116aad14d1c220ac53212ae4cc5b?s=96&d=mm&r=g","caption":"lara"},"url":"https:\/\/www.smartphoto.ch\/blog\/author\/lara"}]}},"_links":{"self":[{"href":"https:\/\/www.smartphoto.ch\/blog\/wp-json\/wp\/v2\/posts\/814","targetHints":{"allow":["GET"]}}],"collection":[{"href":"https:\/\/www.smartphoto.ch\/blog\/wp-json\/wp\/v2\/posts"}],"about":[{"href":"https:\/\/www.smartphoto.ch\/blog\/wp-json\/wp\/v2\/types\/post"}],"author":[{"embeddable":true,"href":"https:\/\/www.smartphoto.ch\/blog\/wp-json\/wp\/v2\/users\/68"}],"replies":[{"embeddable":true,"href":"https:\/\/www.smartphoto.ch\/blog\/wp-json\/wp\/v2\/comments?post=814"}],"version-history":[{"count":92,"href":"https:\/\/www.smartphoto.ch\/blog\/wp-json\/wp\/v2\/posts\/814\/revisions"}],"predecessor-version":[{"id":8544,"href":"https:\/\/www.smartphoto.ch\/blog\/wp-json\/wp\/v2\/posts\/814\/revisions\/8544"}],"wp:featuredmedia":[{"embeddable":true,"href":"https:\/\/www.smartphoto.ch\/blog\/wp-json\/wp\/v2\/media\/8486"}],"wp:attachment":[{"href":"https:\/\/www.smartphoto.ch\/blog\/wp-json\/wp\/v2\/media?parent=814"}],"wp:term":[{"taxonomy":"category","embeddable":true,"href":"https:\/\/www.smartphoto.ch\/blog\/wp-json\/wp\/v2\/categories?post=814"},{"taxonomy":"post_tag","embeddable":true,"href":"https:\/\/www.smartphoto.ch\/blog\/wp-json\/wp\/v2\/tags?post=814"}],"curies":[{"name":"wp","href":"https:\/\/api.w.org\/{rel}","templated":true}]}}