{"id":2306,"date":"2018-08-17T12:24:40","date_gmt":"2018-08-17T10:24:40","guid":{"rendered":"\/blogue\/?p=2306"},"modified":"2018-08-17T12:24:40","modified_gmt":"2018-08-17T10:24:40","slug":"mynamebook-livre-enfant-personnalise","status":"publish","type":"post","link":"https:\/\/www.smartphoto.ch\/blogue\/mynamebook-livre-enfant-personnalise","title":{"rendered":"MyNameBook \u2013 Et ton nom entre dans l\u2019histoire"},"content":{"rendered":"<div id=\"bsf_rt_marker\"><\/div><p>Lorsqu\u2019une de mes amies m\u2019a annonc\u00e9 qu\u2019elle attendait son deuxi\u00e8me enfant, j\u2019ai longtemps r\u00e9fl\u00e9chi au cadeau que je pourrais offrir au nouveau-n\u00e9. En faisant des recherches pour un nouvel article de blog, je suis tomb\u00e9e sur une super id\u00e9e: un livre <a href=\"https:\/\/www.smartphoto.ch\/fr\/livre-personnalise-pour-enfant\" target=\"_blank\" rel=\"noopener\"><strong>MyNameBook<\/strong><\/a> \ud83d\ude42<\/p>\n<p><a href=\"https:\/\/www.smartphoto.ch\/fr\/livre-personnalise-pour-enfant\" target=\"_blank\" rel=\"noopener\">MyNameBook<\/a>&#8230; tu te demandes sans doute ce qui se cache exactement derri\u00e8re cette d\u00e9signation. C\u2019est tr\u00e8s simple: il s\u2019agit d\u2019un livre personnalis\u00e9, bas\u00e9 sur le nom de l\u2019enfant \u00e0 qui tu souhaites l\u2019offrir. Il existe trois th\u00e9matiques: Animaux, Talents et Europe. Dans le cas des MyNameBooks Animaux et Talents, non seulement le nom entier appara\u00eet sur la couverture mais en plus, il est reconstitu\u00e9 petit \u00e0 petit au fil des pages, en rimes et en images. Le <a href=\"https:\/\/www.smartphoto.ch\/fr\/livre-personnalise-pour-enfant\/europe-garcon\" target=\"_blank\" rel=\"noopener\">MyNameBook Europe<\/a> est un peu diff\u00e9rent: le nom n\u2019y est pas d\u00e9compos\u00e9 mais l\u2019enfant part \u00e0 la recherche des lettres de l\u2019alphabet perdues \u00e0 travers le Vieux Continent et y fait de multiples d\u00e9couvertes.<\/p>\n<p><a href=\"https:\/\/www.smartphoto.ch\/fr\/livre-personnalise-pour-enfant\" target=\"_blank\" rel=\"noopener\"><img loading=\"lazy\" decoding=\"async\" class=\"alignnone wp-image-2315 size-full\" src=\"https:\/\/storage.googleapis.com\/smartphoto-express-production-wp-blogs-com\/17\/2018\/07\/mynamebook-livres-enfant-talents-animaux-europe.jpg\" alt=\"Livres pour enfant MyNameBook\" width=\"720\" height=\"480\" srcset=\"https:\/\/storage.googleapis.com\/smartphoto-express-production-wp-blogs-com\/17\/2018\/07\/mynamebook-livres-enfant-talents-animaux-europe.jpg 720w, https:\/\/storage.googleapis.com\/smartphoto-express-production-wp-blogs-com\/17\/2018\/07\/mynamebook-livres-enfant-talents-animaux-europe-300x200.jpg 300w\" sizes=\"auto, (max-width: 720px) 100vw, 720px\" \/><\/a><\/p>\n<p>Personnellement, j\u2019ai opt\u00e9 pour le <a href=\"https:\/\/www.smartphoto.ch\/fr\/livre-personnalise-pour-enfant\/mynamebook-animaux\" target=\"_blank\" rel=\"noopener\">MyNameBook Animaux<\/a>\u00a0car je trouve que c\u2019est cette variante qui convient le mieux \u00e0 un b\u00e9b\u00e9. Le pr\u00e9nom et le nom de l\u2019enfant y sont d\u00e9compos\u00e9s lettre par lettre dans de jolies petites po\u00e9sies mettant en sc\u00e8ne diff\u00e9rents animaux. Et lorsque l\u2019enfant sera un peu plus grand, le livre sera une aide pr\u00e9cieuse pour lui apprendre \u00e0 \u00e9peler son nom \ud83d\ude42 Pour la couverture, tu as le choix entre 13 animaux diff\u00e9rents: panda, avocette, dauphin, canard, flamant rose, h\u00e9risson, jument, koala, suricate, \u00e9cureuil, wallaby, baleine et z\u00e8bre. Tu peux \u00e9galement choisir une couverture souple ou rigide.<\/p>\n<p>Toi aussi, tu souhaites r\u00e9aliser un <a href=\"https:\/\/www.smartphoto.ch\/fr\/livre-personnalise-pour-enfant\" target=\"_blank\" rel=\"noopener\"><strong>MyNameBook<\/strong><\/a>? Commence par faire ton choix entre les trois th\u00e8mes propos\u00e9s:<\/p>\n<h2><strong>Animaux<\/strong><\/h2>\n<p><iframe loading=\"lazy\" width=\"680\" height=\"510\" src=\"https:\/\/www.youtube.com\/embed\/qW85cms0NE8?feature=oembed&#038;enablejsapi=1&#038;origin=https:\/\/www.smartphoto.ch\/blogue\" frameborder=\"0\" allow=\"autoplay; encrypted-media\" allowfullscreen><\/iframe><\/p>\n<p>Sur la couverture du <a href=\"https:\/\/www.smartphoto.ch\/fr\/livre-personnalise-pour-enfant\/mynamebook-animaux\" target=\"_blank\" rel=\"noopener\">livre<\/a>, l\u2019enfant d\u00e9couvrira son nom et l\u2019animal choisi. Avant le d\u00e9but de l\u2019histoire, tu as la possibilit\u00e9 d\u2019ajouter un message personnel qui sera imprim\u00e9 sur la face int\u00e9rieure de la couverture. Le livre sera ensuite automatiquement rempli de po\u00e9sies courtes se rapportant \u00e0 divers animaux et reconstituant le nom de l\u2019enfant. Si des lettres se r\u00e9p\u00e8tent, des po\u00e9sies et animaux diff\u00e9rents seront utilis\u00e9s pour chaque lettre concern\u00e9e.<\/p>\n<p><a href=\"https:\/\/storage.googleapis.com\/smartphoto-express-production-wp-blogs-com\/17\/2018\/07\/mynamebook-livre-enfant-personnalise-animaux.jpg\" target=\"_blank\" rel=\"noopener\"><img loading=\"lazy\" decoding=\"async\" class=\"alignnone wp-image-2309 size-full\" src=\"https:\/\/storage.googleapis.com\/smartphoto-express-production-wp-blogs-com\/17\/2018\/07\/mynamebook-livre-enfant-personnalise-animaux.jpg\" alt=\"MyNameBook Animaux\" width=\"719\" height=\"480\" srcset=\"https:\/\/storage.googleapis.com\/smartphoto-express-production-wp-blogs-com\/17\/2018\/07\/mynamebook-livre-enfant-personnalise-animaux.jpg 719w, https:\/\/storage.googleapis.com\/smartphoto-express-production-wp-blogs-com\/17\/2018\/07\/mynamebook-livre-enfant-personnalise-animaux-300x200.jpg 300w\" sizes=\"auto, (max-width: 719px) 100vw, 719px\" \/><\/a><\/p>\n<p>&nbsp;<\/p>\n<h2><strong>Talents gar\u00e7on\u00a0et Talents fille\u00a0<\/strong><\/h2>\n<p><a href=\"https:\/\/www.smartphoto.ch\/fr\/livre-personnalise-pour-enfant\/mynamebook-talents-garcon\" target=\"_blank\" rel=\"noopener\"><img loading=\"lazy\" decoding=\"async\" class=\"col-2 col-2-1 alignnone wp-image-2317\" src=\"https:\/\/storage.googleapis.com\/smartphoto-express-production-wp-blogs-com\/17\/2018\/07\/mynamebook-livre-enfant-talents-garcon.jpg\" alt=\"MyNameBook Talents pour gar\u00e7on\" width=\"300\" height=\"375\" srcset=\"https:\/\/storage.googleapis.com\/smartphoto-express-production-wp-blogs-com\/17\/2018\/07\/mynamebook-livre-enfant-talents-garcon.jpg 400w, https:\/\/storage.googleapis.com\/smartphoto-express-production-wp-blogs-com\/17\/2018\/07\/mynamebook-livre-enfant-talents-garcon-240x300.jpg 240w\" sizes=\"auto, (max-width: 300px) 100vw, 300px\" \/><\/a> <a href=\"https:\/\/www.smartphoto.ch\/fr\/livre-personnalise-pour-enfant\/mynamebook-talents-fille\" target=\"_blank\" rel=\"noopener\"><img loading=\"lazy\" decoding=\"async\" class=\"col-2 col-2-2 alignnone wp-image-2316\" src=\"https:\/\/storage.googleapis.com\/smartphoto-express-production-wp-blogs-com\/17\/2018\/07\/mynamebook-livre-enfant-talents-fille.jpg\" alt=\"MyNameBook Talents pour fille\" width=\"300\" height=\"375\" srcset=\"https:\/\/storage.googleapis.com\/smartphoto-express-production-wp-blogs-com\/17\/2018\/07\/mynamebook-livre-enfant-talents-fille.jpg 400w, https:\/\/storage.googleapis.com\/smartphoto-express-production-wp-blogs-com\/17\/2018\/07\/mynamebook-livre-enfant-talents-fille-240x300.jpg 240w\" sizes=\"auto, (max-width: 300px) 100vw, 300px\" \/><\/a><\/p>\n<p>La couverture de ce livre personnalis\u00e9 illustre le nom de l\u2019enfant et un talent de ton choix. 13 talents diff\u00e9rents te sont propos\u00e9s: Action, L\u2019ami des b\u00eates, Beaux ballons, Chouchou, Livraison, E=MC<sup>2<\/sup>, Au feu, \u00c7a glisse, Petit g\u00e9nie, Palace, Rebelle, Professeur et \u00c7a creuse. L\u00e0 aussi, la couverture est disponible en version souple et en version rigide, et tu as la possibilit\u00e9 de faire imprimer un message personnel sur sa face int\u00e9rieure. Le livre est ensuite automatiquement rempli de po\u00e9sies se rapportant \u00e0 diff\u00e9rents talents et m\u00e9tiers qui commencent par les lettres du nom de l\u2019enfant. Si une lettre se r\u00e9p\u00e8te, une po\u00e9sie diff\u00e9rente est utilis\u00e9e pour chaque lettre concern\u00e9e. Mais avant tout, il te faut choisir entre la version <a href=\"https:\/\/www.smartphoto.ch\/fr\/livre-personnalise-pour-enfant\/mynamebook-talents-fille\" target=\"_blank\" rel=\"noopener\">fille<\/a> et la version <a href=\"https:\/\/www.smartphoto.ch\/fr\/livre-personnalise-pour-enfant\/mynamebook-talents-garcon\" target=\"_blank\" rel=\"noopener\">gar\u00e7on<\/a>.<\/p>\n<p><a href=\"https:\/\/storage.googleapis.com\/smartphoto-express-production-wp-blogs-com\/17\/2018\/07\/mynamebook-livre-enfant-talents-lettres-nom.jpg\" target=\"_blank\" rel=\"noopener\"><img loading=\"lazy\" decoding=\"async\" class=\"alignnone wp-image-2314 size-full\" src=\"https:\/\/storage.googleapis.com\/smartphoto-express-production-wp-blogs-com\/17\/2018\/07\/mynamebook-livre-enfant-talents-lettres-nom.jpg\" alt=\"Livre personnalis\u00e9 pour enfant MyNameBook Talents\" width=\"720\" height=\"480\" srcset=\"https:\/\/storage.googleapis.com\/smartphoto-express-production-wp-blogs-com\/17\/2018\/07\/mynamebook-livre-enfant-talents-lettres-nom.jpg 720w, https:\/\/storage.googleapis.com\/smartphoto-express-production-wp-blogs-com\/17\/2018\/07\/mynamebook-livre-enfant-talents-lettres-nom-300x200.jpg 300w\" sizes=\"auto, (max-width: 720px) 100vw, 720px\" \/><\/a><\/p>\n<h2><strong>Europe gar\u00e7on et Europe fille\u00a0<\/strong><\/h2>\n<p>Dans le livre <a href=\"https:\/\/www.smartphoto.ch\/fr\/livre-personnalise-pour-enfant\" target=\"_blank\" rel=\"noopener\">MyNameBook Europe<\/a>, l\u2019enfant part \u00e0 la recherche de l\u2019alphabet perdu \u00e0 travers diff\u00e9rents pays europ\u00e9ens. Il devient ainsi le personnage principal de cette folle aventure, aussi originale que sympathique!<\/p>\n<p>Il te suffit de faire ton choix parmi les 13 couvertures diff\u00e9rentes propos\u00e9es et d&rsquo;ajouter le nom de l\u2019enfant puis celui du conteur, c\u2019est-\u00e0-dire de la personne qui lira l\u2019histoire (maman, papa, papi, mamie, etc.). Ici aussi, tu peux opter pour une couverture souple ou une couverture rigide et tu peux faire imprimer un message personnel sur sa face int\u00e9rieure. De m\u00eame, il existe une version <a href=\"https:\/\/www.smartphoto.ch\/fr\/livre-personnalise-pour-enfant\/europe-fille\" target=\"_blank\" rel=\"noopener\">fille<\/a> et une version <a href=\"https:\/\/www.smartphoto.ch\/fr\/livre-personnalise-pour-enfant\/europe-garcon\" target=\"_blank\" rel=\"noopener\">gar\u00e7on<\/a>.<\/p>\n<p><a href=\"https:\/\/storage.googleapis.com\/smartphoto-express-production-wp-blogs-com\/17\/2018\/07\/mynamebook-livre-enfant-personnalise-europe.jpg\" target=\"_blank\" rel=\"noopener\"><img loading=\"lazy\" decoding=\"async\" class=\"alignnone wp-image-2310 size-full\" src=\"https:\/\/storage.googleapis.com\/smartphoto-express-production-wp-blogs-com\/17\/2018\/07\/mynamebook-livre-enfant-personnalise-europe.jpg\" alt=\"Livre personnalis\u00e9 pour enfant MyNameBook Europe\" width=\"720\" height=\"480\" srcset=\"https:\/\/storage.googleapis.com\/smartphoto-express-production-wp-blogs-com\/17\/2018\/07\/mynamebook-livre-enfant-personnalise-europe.jpg 720w, https:\/\/storage.googleapis.com\/smartphoto-express-production-wp-blogs-com\/17\/2018\/07\/mynamebook-livre-enfant-personnalise-europe-300x200.jpg 300w\" sizes=\"auto, (max-width: 720px) 100vw, 720px\" \/><\/a><\/p>\n<p>Personnellement, je trouve ces images et ces textes tout mignons, \u00e0 tel point que les livres <a href=\"https:\/\/www.smartphoto.ch\/fr\/livre-personnalise-pour-enfant\" target=\"_blank\" rel=\"noopener\">MyNameBook<\/a> sont devenus mes cadeaux favoris pour les naissances, bapt\u00eames, anniversaires etc. \ud83d\ude42<\/p>\n<p>Je t\u2019invite \u00e0 d\u00e9couvrir plus en d\u00e9tail les diff\u00e9rentes variantes propos\u00e9es et \u00e0 cr\u00e9er ton propre MyNameBook \ud83d\ude42<\/p>\n<p>Marie<\/p>\n","protected":false},"excerpt":{"rendered":"<p>Lorsqu\u2019une de mes amies m\u2019a annonc\u00e9 qu\u2019elle attendait son deuxi\u00e8me enfant, j\u2019ai longtemps r\u00e9fl\u00e9chi au cadeau que je pourrais offrir au nouveau-n\u00e9. En faisant des recherches pour un nouvel article de blog, je suis tomb\u00e9e sur une super id\u00e9e: un livre MyNameBook \ud83d\ude42 MyNameBook&#8230; tu te demandes sans doute ce qui se cache exactement derri\u00e8re cette d\u00e9signation. C\u2019est tr\u00e8s simple: il s\u2019agit d\u2019un livre personnalis\u00e9, bas\u00e9 sur le nom de l\u2019enfant \u00e0 qui tu souhaites l\u2019offrir. Il existe trois th\u00e9matiques: Animaux, Talents et Europe. Dans le cas des MyNameBooks Animaux et Talents, non seulement le nom entier appara\u00eet sur la<\/p>\n","protected":false},"author":14,"featured_media":2315,"comment_status":"open","ping_status":"open","sticky":false,"template":"","format":"standard","meta":{"om_disable_all_campaigns":false,"_monsterinsights_skip_tracking":false,"_monsterinsights_sitenote_active":false,"_monsterinsights_sitenote_note":"","_monsterinsights_sitenote_category":0,"footnotes":""},"categories":[25,309],"tags":[317,314,319,318,313,320,312,21],"class_list":["post-2306","post","type-post","status-publish","format-standard","has-post-thumbnail","hentry","category-enfant-bebe","category-idees-cadeau","tag-cadeau-de-naissance","tag-idees-cadeau","tag-livre-enfant-animaux","tag-livre-enfant-europe","tag-livre-enfant-personnalise","tag-livre-enfant-talents","tag-mynamebook","tag-smartphoto"],"yoast_head":"<!-- This site is optimized with the Yoast SEO plugin v23.8 - https:\/\/yoast.com\/wordpress\/plugins\/seo\/ -->\n<title>MyNameBook \u2013 Et ton nom entre dans l\u2019histoire - Ton monde de cadeaux<\/title>\n<meta name=\"description\" content=\"Gr\u00e2ce \u00e0 MyNameBook, ton enfant apprendra \u00e0 \u00e9peler son nom de fa\u00e7on ludique. Ce livre personnalis\u00e9 est une super id\u00e9e cadeau pour toutes les occasions!\" \/>\n<meta name=\"robots\" content=\"index, follow, max-snippet:-1, max-image-preview:large, max-video-preview:-1\" \/>\n<link rel=\"canonical\" href=\"https:\/\/www.smartphoto.ch\/blogue\/mynamebook-livre-enfant-personnalise\" \/>\n<meta property=\"og:locale\" content=\"fr_FR\" \/>\n<meta property=\"og:type\" content=\"article\" \/>\n<meta property=\"og:title\" content=\"MyNameBook \u2013 Et ton nom entre dans l\u2019histoire - Ton monde de cadeaux\" \/>\n<meta property=\"og:description\" content=\"Gr\u00e2ce \u00e0 MyNameBook, ton enfant apprendra \u00e0 \u00e9peler son nom de fa\u00e7on ludique. Ce livre personnalis\u00e9 est une super id\u00e9e cadeau pour toutes les occasions!\" \/>\n<meta property=\"og:url\" content=\"\/blogue\/mynamebook-livre-enfant-personnalise\" \/>\n<meta property=\"og:site_name\" content=\"Ton monde de cadeaux\" \/>\n<meta property=\"article:published_time\" content=\"2018-08-17T10:24:40+00:00\" \/>\n<meta property=\"og:image\" content=\"https:\/\/storage.googleapis.com\/smartphoto-express-production-wp-blogs-com\/17\/2018\/07\/mynamebook-livres-enfant-talents-animaux-europe.jpg\" \/>\n\t<meta property=\"og:image:width\" content=\"720\" \/>\n\t<meta property=\"og:image:height\" content=\"480\" \/>\n\t<meta property=\"og:image:type\" content=\"image\/jpeg\" \/>\n<meta name=\"author\" content=\"Marie\" \/>\n<meta name=\"twitter:card\" content=\"summary_large_image\" \/>\n<meta name=\"twitter:label1\" content=\"Written by\" \/>\n\t<meta name=\"twitter:data1\" content=\"Marie\" \/>\n\t<meta name=\"twitter:label2\" content=\"Est. reading time\" \/>\n\t<meta name=\"twitter:data2\" content=\"4 minutes\" \/>\n<script type=\"application\/ld+json\" class=\"yoast-schema-graph\">{\"@context\":\"https:\/\/schema.org\",\"@graph\":[{\"@type\":\"WebPage\",\"@id\":\"\/blogue\/mynamebook-livre-enfant-personnalise\",\"url\":\"https:\/\/www.smartphoto.ch\/blogue\/mynamebook-livre-enfant-personnalise\",\"name\":\"MyNameBook \u2013 Et ton nom entre dans l\u2019histoire - Ton monde de cadeaux\",\"isPartOf\":{\"@id\":\"https:\/\/www.smartphoto.ch\/blogue\/#website\"},\"primaryImageOfPage\":{\"@id\":\"https:\/\/www.smartphoto.ch\/blogue\/mynamebook-livre-enfant-personnalise#primaryimage\"},\"image\":{\"@id\":\"https:\/\/www.smartphoto.ch\/blogue\/mynamebook-livre-enfant-personnalise#primaryimage\"},\"thumbnailUrl\":\"https:\/\/storage.googleapis.com\/smartphoto-express-production-wp-blogs-com\/17\/2018\/07\/mynamebook-livres-enfant-talents-animaux-europe.jpg\",\"datePublished\":\"2018-08-17T10:24:40+00:00\",\"dateModified\":\"2018-08-17T10:24:40+00:00\",\"author\":{\"@id\":\"https:\/\/www.smartphoto.ch\/blogue\/#\/schema\/person\/3628597c05f38a13da860d926db19a4d\"},\"description\":\"Gr\u00e2ce \u00e0 MyNameBook, ton enfant apprendra \u00e0 \u00e9peler son nom de fa\u00e7on ludique. Ce livre personnalis\u00e9 est une super id\u00e9e cadeau pour toutes les occasions!\",\"breadcrumb\":{\"@id\":\"https:\/\/www.smartphoto.ch\/blogue\/mynamebook-livre-enfant-personnalise#breadcrumb\"},\"inLanguage\":\"fr-FR\",\"potentialAction\":[{\"@type\":\"ReadAction\",\"target\":[\"https:\/\/www.smartphoto.ch\/blogue\/mynamebook-livre-enfant-personnalise\"]}]},{\"@type\":\"ImageObject\",\"inLanguage\":\"fr-FR\",\"@id\":\"https:\/\/www.smartphoto.ch\/blogue\/mynamebook-livre-enfant-personnalise#primaryimage\",\"url\":\"https:\/\/storage.googleapis.com\/smartphoto-express-production-wp-blogs-com\/17\/2018\/07\/mynamebook-livres-enfant-talents-animaux-europe.jpg\",\"contentUrl\":\"https:\/\/storage.googleapis.com\/smartphoto-express-production-wp-blogs-com\/17\/2018\/07\/mynamebook-livres-enfant-talents-animaux-europe.jpg\",\"width\":720,\"height\":480},{\"@type\":\"BreadcrumbList\",\"@id\":\"https:\/\/www.smartphoto.ch\/blogue\/mynamebook-livre-enfant-personnalise#breadcrumb\",\"itemListElement\":[{\"@type\":\"ListItem\",\"position\":1,\"name\":\"Home\",\"item\":\"\/blogue\/\"},{\"@type\":\"ListItem\",\"position\":2,\"name\":\"MyNameBook \u2013 Et ton nom entre dans l\u2019histoire\"}]},{\"@type\":\"WebSite\",\"@id\":\"https:\/\/www.smartphoto.ch\/blogue\/#website\",\"url\":\"https:\/\/www.smartphoto.ch\/blogue\/\",\"name\":\"Ton monde de cadeaux\",\"description\":\"Ton monde de cadeaux\",\"potentialAction\":[{\"@type\":\"SearchAction\",\"target\":{\"@type\":\"EntryPoint\",\"urlTemplate\":\"https:\/\/www.smartphoto.ch\/blogue\/?s={search_term_string}\"},\"query-input\":{\"@type\":\"PropertyValueSpecification\",\"valueRequired\":true,\"valueName\":\"search_term_string\"}}],\"inLanguage\":\"fr-FR\"},{\"@type\":\"Person\",\"@id\":\"https:\/\/www.smartphoto.ch\/blogue\/#\/schema\/person\/3628597c05f38a13da860d926db19a4d\",\"name\":\"Marie\",\"image\":{\"@type\":\"ImageObject\",\"inLanguage\":\"fr-FR\",\"@id\":\"https:\/\/www.smartphoto.ch\/blogue\/#\/schema\/person\/image\/\",\"url\":\"https:\/\/secure.gravatar.com\/avatar\/808adf273494c4707391b67c498b5617?s=96&d=mm&r=g\",\"contentUrl\":\"https:\/\/secure.gravatar.com\/avatar\/808adf273494c4707391b67c498b5617?s=96&d=mm&r=g\",\"caption\":\"Marie\"},\"url\":\"https:\/\/www.smartphoto.ch\/blogue\/author\/dennis\"}]}<\/script>\n<!-- \/ Yoast SEO plugin. -->","yoast_head_json":{"title":"MyNameBook \u2013 Et ton nom entre dans l\u2019histoire - Ton monde de cadeaux","description":"Gr\u00e2ce \u00e0 MyNameBook, ton enfant apprendra \u00e0 \u00e9peler son nom de fa\u00e7on ludique. Ce livre personnalis\u00e9 est une super id\u00e9e cadeau pour toutes les occasions!","robots":{"index":"index","follow":"follow","max-snippet":"max-snippet:-1","max-image-preview":"max-image-preview:large","max-video-preview":"max-video-preview:-1"},"canonical":"https:\/\/www.smartphoto.ch\/blogue\/mynamebook-livre-enfant-personnalise","og_locale":"fr_FR","og_type":"article","og_title":"MyNameBook \u2013 Et ton nom entre dans l\u2019histoire - Ton monde de cadeaux","og_description":"Gr\u00e2ce \u00e0 MyNameBook, ton enfant apprendra \u00e0 \u00e9peler son nom de fa\u00e7on ludique. Ce livre personnalis\u00e9 est une super id\u00e9e cadeau pour toutes les occasions!","og_url":"\/blogue\/mynamebook-livre-enfant-personnalise","og_site_name":"Ton monde de cadeaux","article_published_time":"2018-08-17T10:24:40+00:00","og_image":[{"width":720,"height":480,"url":"https:\/\/storage.googleapis.com\/smartphoto-express-production-wp-blogs-com\/17\/2018\/07\/mynamebook-livres-enfant-talents-animaux-europe.jpg","type":"image\/jpeg"}],"author":"Marie","twitter_card":"summary_large_image","twitter_misc":{"Written by":"Marie","Est. reading time":"4 minutes"},"schema":{"@context":"https:\/\/schema.org","@graph":[{"@type":"WebPage","@id":"\/blogue\/mynamebook-livre-enfant-personnalise","url":"https:\/\/www.smartphoto.ch\/blogue\/mynamebook-livre-enfant-personnalise","name":"MyNameBook \u2013 Et ton nom entre dans l\u2019histoire - Ton monde de cadeaux","isPartOf":{"@id":"https:\/\/www.smartphoto.ch\/blogue\/#website"},"primaryImageOfPage":{"@id":"https:\/\/www.smartphoto.ch\/blogue\/mynamebook-livre-enfant-personnalise#primaryimage"},"image":{"@id":"https:\/\/www.smartphoto.ch\/blogue\/mynamebook-livre-enfant-personnalise#primaryimage"},"thumbnailUrl":"https:\/\/storage.googleapis.com\/smartphoto-express-production-wp-blogs-com\/17\/2018\/07\/mynamebook-livres-enfant-talents-animaux-europe.jpg","datePublished":"2018-08-17T10:24:40+00:00","dateModified":"2018-08-17T10:24:40+00:00","author":{"@id":"https:\/\/www.smartphoto.ch\/blogue\/#\/schema\/person\/3628597c05f38a13da860d926db19a4d"},"description":"Gr\u00e2ce \u00e0 MyNameBook, ton enfant apprendra \u00e0 \u00e9peler son nom de fa\u00e7on ludique. Ce livre personnalis\u00e9 est une super id\u00e9e cadeau pour toutes les occasions!","breadcrumb":{"@id":"https:\/\/www.smartphoto.ch\/blogue\/mynamebook-livre-enfant-personnalise#breadcrumb"},"inLanguage":"fr-FR","potentialAction":[{"@type":"ReadAction","target":["https:\/\/www.smartphoto.ch\/blogue\/mynamebook-livre-enfant-personnalise"]}]},{"@type":"ImageObject","inLanguage":"fr-FR","@id":"https:\/\/www.smartphoto.ch\/blogue\/mynamebook-livre-enfant-personnalise#primaryimage","url":"https:\/\/storage.googleapis.com\/smartphoto-express-production-wp-blogs-com\/17\/2018\/07\/mynamebook-livres-enfant-talents-animaux-europe.jpg","contentUrl":"https:\/\/storage.googleapis.com\/smartphoto-express-production-wp-blogs-com\/17\/2018\/07\/mynamebook-livres-enfant-talents-animaux-europe.jpg","width":720,"height":480},{"@type":"BreadcrumbList","@id":"https:\/\/www.smartphoto.ch\/blogue\/mynamebook-livre-enfant-personnalise#breadcrumb","itemListElement":[{"@type":"ListItem","position":1,"name":"Home","item":"\/blogue\/"},{"@type":"ListItem","position":2,"name":"MyNameBook \u2013 Et ton nom entre dans l\u2019histoire"}]},{"@type":"WebSite","@id":"https:\/\/www.smartphoto.ch\/blogue\/#website","url":"https:\/\/www.smartphoto.ch\/blogue\/","name":"Ton monde de cadeaux","description":"Ton monde de cadeaux","potentialAction":[{"@type":"SearchAction","target":{"@type":"EntryPoint","urlTemplate":"https:\/\/www.smartphoto.ch\/blogue\/?s={search_term_string}"},"query-input":{"@type":"PropertyValueSpecification","valueRequired":true,"valueName":"search_term_string"}}],"inLanguage":"fr-FR"},{"@type":"Person","@id":"https:\/\/www.smartphoto.ch\/blogue\/#\/schema\/person\/3628597c05f38a13da860d926db19a4d","name":"Marie","image":{"@type":"ImageObject","inLanguage":"fr-FR","@id":"https:\/\/www.smartphoto.ch\/blogue\/#\/schema\/person\/image\/","url":"https:\/\/secure.gravatar.com\/avatar\/808adf273494c4707391b67c498b5617?s=96&d=mm&r=g","contentUrl":"https:\/\/secure.gravatar.com\/avatar\/808adf273494c4707391b67c498b5617?s=96&d=mm&r=g","caption":"Marie"},"url":"https:\/\/www.smartphoto.ch\/blogue\/author\/dennis"}]}},"_links":{"self":[{"href":"https:\/\/www.smartphoto.ch\/blogue\/wp-json\/wp\/v2\/posts\/2306","targetHints":{"allow":["GET"]}}],"collection":[{"href":"https:\/\/www.smartphoto.ch\/blogue\/wp-json\/wp\/v2\/posts"}],"about":[{"href":"https:\/\/www.smartphoto.ch\/blogue\/wp-json\/wp\/v2\/types\/post"}],"author":[{"embeddable":true,"href":"https:\/\/www.smartphoto.ch\/blogue\/wp-json\/wp\/v2\/users\/14"}],"replies":[{"embeddable":true,"href":"https:\/\/www.smartphoto.ch\/blogue\/wp-json\/wp\/v2\/comments?post=2306"}],"version-history":[{"count":10,"href":"https:\/\/www.smartphoto.ch\/blogue\/wp-json\/wp\/v2\/posts\/2306\/revisions"}],"predecessor-version":[{"id":2499,"href":"https:\/\/www.smartphoto.ch\/blogue\/wp-json\/wp\/v2\/posts\/2306\/revisions\/2499"}],"wp:featuredmedia":[{"embeddable":true,"href":"https:\/\/www.smartphoto.ch\/blogue\/wp-json\/wp\/v2\/media\/2315"}],"wp:attachment":[{"href":"https:\/\/www.smartphoto.ch\/blogue\/wp-json\/wp\/v2\/media?parent=2306"}],"wp:term":[{"taxonomy":"category","embeddable":true,"href":"https:\/\/www.smartphoto.ch\/blogue\/wp-json\/wp\/v2\/categories?post=2306"},{"taxonomy":"post_tag","embeddable":true,"href":"https:\/\/www.smartphoto.ch\/blogue\/wp-json\/wp\/v2\/tags?post=2306"}],"curies":[{"name":"wp","href":"https:\/\/api.w.org\/{rel}","templated":true}]}}