{"id":2837,"date":"2021-11-05T09:36:00","date_gmt":"2021-11-05T08:36:00","guid":{"rendered":"\/blogue\/?p=2837"},"modified":"2021-11-05T17:53:11","modified_gmt":"2021-11-05T16:53:11","slug":"quel-est-ton-type-dagenda","status":"publish","type":"post","link":"https:\/\/www.smartphoto.ch\/blogue\/quel-est-ton-type-dagenda","title":{"rendered":"Quel est ton type d\u2019agenda?"},"content":{"rendered":"<div id=\"bsf_rt_marker\"><\/div>\n<p>Avant, je ne pouvais pas me passer de mon agenda \ud83d\ude42 Aujourd\u2019hui, je note la plupart des choses dans le calendrier de mon smartphone\u2026 mais je regrette tr\u00e8\u00e8\u00e8\u00e8\u00e8\u00e8\u00e8s souvent mon bon vieil agenda papier \ud83d\ude09<\/p>\n\n\n\n<p>Dans un agenda, il y a plus de place pour les notes, les remarques, les pense-b\u00eates, etc. Et comme j\u2019avais un peu de mal \u00e0 caser tout \u00e7a dans mon calendrier, j\u2019ai d\u00e9cid\u00e9 d\u2019acheter un cahier photo calendrier. C\u2019est quand m\u00eame bien mieux que de devoir tout noter sur des petits papiers et des Post-it \ud83d\ude09<\/p>\n\n\n\n<p>Tu ne sais pas exactement quel agenda est le mieux adapt\u00e9 \u00e0 ton style de vie? Notre <a href=\"https:\/\/storage.googleapis.com\/smartphoto-express-production-wp-blogs-com\/17\/2018\/12\/quiz-agenda.pdf\" target=\"_blank\" rel=\"noopener noreferrer\"><strong>quiz<\/strong><\/a> pourra peut-\u00eatre t\u2019aider!<\/p>\n\n\n\n<figure class=\"wp-block-image\"><a href=\"https:\/\/storage.googleapis.com\/smartphoto-express-production-wp-blogs-com\/17\/2018\/12\/quiz-agenda.pdf\" target=\"_blank\" rel=\"noopener noreferrer\"><img loading=\"lazy\" decoding=\"async\" width=\"745\" height=\"493\" src=\"https:\/\/storage.googleapis.com\/smartphoto-express-production-wp-blogs-com\/17\/2018\/12\/type-agenda.png\" alt=\"Mon type d'agenda smartphoto\" class=\"wp-image-2844\" srcset=\"https:\/\/storage.googleapis.com\/smartphoto-express-production-wp-blogs-com\/17\/2018\/12\/type-agenda.png 745w, https:\/\/storage.googleapis.com\/smartphoto-express-production-wp-blogs-com\/17\/2018\/12\/type-agenda-300x199.png 300w\" sizes=\"auto, (max-width: 745px) 100vw, 745px\" \/><\/a><\/figure>\n\n\n\n<p>Alors, tu as trouv\u00e9 l\u2019agenda qui te convient? Voici les principales caract\u00e9ristiques des diff\u00e9rents mod\u00e8les:<\/p>\n\n\n\n<h2 class=\"wp-block-heading\"><strong>Cahier photo calendrier<\/strong><\/h2>\n\n\n\n<figure class=\"wp-block-image size-full\"><a href=\"https:\/\/www.smartphoto.ch\/fr\/calendrier-photo\/cahier-photo-calendrier\" target=\"_blank\" rel=\"noopener noreferrer\"><img loading=\"lazy\" decoding=\"async\" width=\"780\" height=\"537\" src=\"https:\/\/storage.googleapis.com\/smartphoto-express-production-wp-blogs-com\/17\/2021\/10\/cahier-photo-calendrier.jpg\" alt=\"Cahier photo calendrier personnalisable avec photo\" class=\"wp-image-3902\" srcset=\"https:\/\/storage.googleapis.com\/smartphoto-express-production-wp-blogs-com\/17\/2021\/10\/cahier-photo-calendrier.jpg 780w, https:\/\/storage.googleapis.com\/smartphoto-express-production-wp-blogs-com\/17\/2021\/10\/cahier-photo-calendrier-300x207.jpg 300w, https:\/\/storage.googleapis.com\/smartphoto-express-production-wp-blogs-com\/17\/2021\/10\/cahier-photo-calendrier-768x529.jpg 768w\" sizes=\"auto, (max-width: 780px) 100vw, 780px\" \/><\/a><\/figure>\n\n\n\n<p>Le <strong><a href=\"https:\/\/www.smartphoto.ch\/fr\/calendrier-photo\/cahier-photo-calendrier\" target=\"_blank\" rel=\"noopener noreferrer\">cahier photo calendrier<\/a><\/strong> est disponible dans les formats A4 et A5, avec reliure \u00e0 spirales. Si tu choisis le format A4, tu trouveras sur la premi\u00e8re de couverture un calendrier annuel (janvier \u00e0 d\u00e9cembre), que tu pourras customiser avec tes propres photos. La quatri\u00e8me de couverture est \u00e9galement personnalisable. Si tu choisis le format A5, les six premiers mois de l\u2019ann\u00e9e appara\u00eetront sur l\u2019avant et les six derniers au dos. Bien s\u00fbr, des emplacements sont \u00e9galement pr\u00e9vus pour tes photos. Les pages int\u00e9rieures sont des feuilles \u00e0 carreaux sur lesquelles tu pourras noter tout ce que tu souhaites.<\/p>\n\n\n\n<h2 class=\"wp-block-heading\"><strong>Agendas personnalis\u00e9s avec photos<\/strong><\/h2>\n\n\n\n<figure class=\"wp-block-image size-full\"><a href=\"https:\/\/www.smartphoto.ch\/fr\/calendrier-photo\/agenda-photo\" target=\"_blank\" rel=\"noopener\"><img loading=\"lazy\" decoding=\"async\" width=\"780\" height=\"537\" src=\"https:\/\/storage.googleapis.com\/smartphoto-express-production-wp-blogs-com\/17\/2021\/11\/agendas-photo-personnalises.jpg\" alt=\"Agendas photo personnalis\u00e9s\" class=\"wp-image-3944\" srcset=\"https:\/\/storage.googleapis.com\/smartphoto-express-production-wp-blogs-com\/17\/2021\/11\/agendas-photo-personnalises.jpg 780w, https:\/\/storage.googleapis.com\/smartphoto-express-production-wp-blogs-com\/17\/2021\/11\/agendas-photo-personnalises-300x207.jpg 300w, https:\/\/storage.googleapis.com\/smartphoto-express-production-wp-blogs-com\/17\/2021\/11\/agendas-photo-personnalises-768x529.jpg 768w\" sizes=\"auto, (max-width: 780px) 100vw, 780px\" \/><\/a><\/figure>\n\n\n\n<p>Nos agendas photo se d\u00e9clinent dans plusieurs mod\u00e8les:<\/p>\n\n\n\n<p>&#8211;\u00a0<strong>Couverture souple \u00e0 spirales:<\/strong>\u00a0format Small (10\u00d715 cm) ou Medium (14\u00d715 cm)<\/p>\n\n\n\n<p><strong>&#8211; Couverture rigide avec reliure \u00e0 plat:<\/strong> agenda Luxe format 14&#215;21 cm, couverture personnalis\u00e9e, simili-cuir noir, bleu sarcelle ou rose pastel<\/p>\n\n\n\n<h3 class=\"wp-block-heading\"><strong><strong>Agenda photo Small<\/strong><\/strong><\/h3>\n\n\n\n<figure class=\"wp-block-image\"><a href=\"https:\/\/www.smartphoto.ch\/fr\/calendrier-photo\/agenda-photo\" target=\"_blank\" rel=\"noopener noreferrer\"><img loading=\"lazy\" decoding=\"async\" width=\"780\" height=\"537\" src=\"https:\/\/storage.googleapis.com\/smartphoto-express-production-wp-blogs-com\/17\/2018\/12\/agenda-photo-small.jpg\" alt=\"Agenda photo personnalisable Small \" class=\"wp-image-2841\" srcset=\"https:\/\/storage.googleapis.com\/smartphoto-express-production-wp-blogs-com\/17\/2018\/12\/agenda-photo-small.jpg 780w, https:\/\/storage.googleapis.com\/smartphoto-express-production-wp-blogs-com\/17\/2018\/12\/agenda-photo-small-300x207.jpg 300w, https:\/\/storage.googleapis.com\/smartphoto-express-production-wp-blogs-com\/17\/2018\/12\/agenda-photo-small-768x529.jpg 768w\" sizes=\"auto, (max-width: 780px) 100vw, 780px\" \/><\/a><\/figure>\n\n\n\n<p>L\u2019<a href=\"https:\/\/www.smartphoto.ch\/fr\/calendrier-photo\/agenda-photo\" target=\"_blank\" rel=\"noopener noreferrer\"><strong>agenda photo Small<\/strong><\/a> mesure 15 cm de haut et 10\u00a0cm de large. Tu peux personnaliser la couverture ainsi que les pages int\u00e9rieures avec tes photos, et choisir librement le mois de d\u00e9marrage. L\u2019agenda est dot\u00e9 d\u2019une reliure \u00e0 spirales, avec marque-page et \u00e9lastique de maintien.<\/p>\n\n\n\n<h3 class=\"wp-block-heading\"><strong>Agenda photo Medium<\/strong><\/h3>\n\n\n\n<figure class=\"wp-block-image\"><a href=\"https:\/\/www.smartphoto.ch\/fr\/calendrier-photo\/agenda-medium\" target=\"_blank\" rel=\"noopener noreferrer\"><img loading=\"lazy\" decoding=\"async\" width=\"800\" height=\"510\" src=\"https:\/\/storage.googleapis.com\/smartphoto-express-production-wp-blogs-com\/17\/2018\/12\/agenda-photo-medium2.jpg\" alt=\"Agenda photo personnalisable Medium\" class=\"wp-image-2847\" srcset=\"https:\/\/storage.googleapis.com\/smartphoto-express-production-wp-blogs-com\/17\/2018\/12\/agenda-photo-medium2.jpg 800w, https:\/\/storage.googleapis.com\/smartphoto-express-production-wp-blogs-com\/17\/2018\/12\/agenda-photo-medium2-300x191.jpg 300w, https:\/\/storage.googleapis.com\/smartphoto-express-production-wp-blogs-com\/17\/2018\/12\/agenda-photo-medium2-768x490.jpg 768w\" sizes=\"auto, (max-width: 800px) 100vw, 800px\" \/><\/a><\/figure>\n\n\n\n<p>L\u2019<a href=\"https:\/\/www.smartphoto.ch\/fr\/calendrier-photo\/agenda-medium\" target=\"_blank\" rel=\"noopener noreferrer\"><strong>agenda photo Medium<\/strong><\/a> mesure 15 cm de haut et 14 cm de large. Il est donc un peu plus large que le petit mod\u00e8le. A part \u00e7a, il ressemble beaucoup \u00e0 l\u2019agenda photo Small: tu peux \u00e9galement personnaliser la couverture et les pages int\u00e9rieures avec tes photos, et choisir le mois de d\u00e9marrage. Il est aussi reli\u00e9 par des spirales et dot\u00e9 d\u2019un marque-page et d\u2019un \u00e9lastique de maintien. La semaine est r\u00e9partie sur deux pages.<\/p>\n\n\n\n<h3 class=\"wp-block-heading\"><strong>Agenda photo Luxe<\/strong><\/h3>\n\n\n\n<figure class=\"wp-block-image\"><a href=\"https:\/\/www.smartphoto.ch\/fr\/calendrier-photo\/agenda-simili-cuir\" target=\"_blank\" rel=\"noopener noreferrer\"><img loading=\"lazy\" decoding=\"async\" width=\"800\" height=\"533\" src=\"https:\/\/storage.googleapis.com\/smartphoto-express-production-wp-blogs-com\/17\/2018\/12\/agenda-photo-luxe.jpg\" alt=\"Agenda photo personnalisable Luxe\" class=\"wp-image-2839\" srcset=\"https:\/\/storage.googleapis.com\/smartphoto-express-production-wp-blogs-com\/17\/2018\/12\/agenda-photo-luxe.jpg 800w, https:\/\/storage.googleapis.com\/smartphoto-express-production-wp-blogs-com\/17\/2018\/12\/agenda-photo-luxe-300x200.jpg 300w, https:\/\/storage.googleapis.com\/smartphoto-express-production-wp-blogs-com\/17\/2018\/12\/agenda-photo-luxe-768x512.jpg 768w\" sizes=\"auto, (max-width: 800px) 100vw, 800px\" \/><\/a><\/figure>\n\n\n\n<p>L\u2019<a href=\"https:\/\/www.smartphoto.ch\/fr\/calendrier-photo\/agenda-simili-cuir\" target=\"_blank\" rel=\"noopener noreferrer\"><strong>agenda photo Luxe<\/strong><\/a>\u00a0mesure 21 cm de haut et 14 cm de large. Pour la couverture, tu as le choix entre une version personnalisable avec une ou plusieurs de tes photos, du simili-cuir noir, du bleu sarcelle ou du rose pastel. Tu peux bien s\u00fbr aussi personnaliser les pages int\u00e9rieures de ton agenda Luxe et choisir librement par quel mois tu souhaites commencer. L\u00e0 aussi, la semaine est r\u00e9partie sur deux pages.<\/p>\n\n\n\n<p>Avec ces agendas, tu n\u2019oublieras plus aucun de tes rendez-vous! J\u2019esp\u00e8re que tu trouveras ton bonheur \ud83d\ude09<\/p>\n\n\n\n<p>Marie<\/p>\n","protected":false},"excerpt":{"rendered":"<p>Avant, je ne pouvais pas me passer de mon agenda \ud83d\ude42 Aujourd\u2019hui, je note la plupart des choses dans le calendrier de mon smartphone\u2026 mais je regrette tr\u00e8\u00e8\u00e8\u00e8\u00e8\u00e8\u00e8s souvent mon bon vieil agenda papier \ud83d\ude09 Dans un agenda, il y a plus de place pour les notes, les remarques, les pense-b\u00eates, etc. Et comme j\u2019avais un peu de mal \u00e0 caser tout \u00e7a dans mon calendrier, j\u2019ai d\u00e9cid\u00e9 d\u2019acheter un cahier photo calendrier. C\u2019est quand m\u00eame bien mieux que de devoir tout noter sur des petits papiers et des Post-it \ud83d\ude09 Tu ne sais pas exactement quel agenda est le<\/p>\n","protected":false},"author":14,"featured_media":2850,"comment_status":"open","ping_status":"open","sticky":false,"template":"","format":"standard","meta":{"om_disable_all_campaigns":false,"_monsterinsights_skip_tracking":false,"_monsterinsights_sitenote_active":false,"_monsterinsights_sitenote_note":"","_monsterinsights_sitenote_category":0,"footnotes":""},"categories":[274],"tags":[4,443,444,447,446,445,435,401,380,433,21],"class_list":["post-2837","post","type-post","status-publish","format-standard","has-post-thumbnail","hentry","category-trucs-et-astuces","tag-agenda","tag-agenda-personnalise","tag-agenda-photo","tag-agenda-photo-luxe","tag-agenda-photo-medium","tag-agenda-photo-small","tag-cahier-photo-calendrier","tag-calendrier","tag-photos","tag-quiz","tag-smartphoto"],"yoast_head":"<!-- This site is optimized with the Yoast SEO plugin v23.8 - https:\/\/yoast.com\/wordpress\/plugins\/seo\/ -->\n<title>Quel est ton type d\u2019agenda? - Ton monde de cadeaux<\/title>\n<meta name=\"description\" content=\"Tu te demandes quel type d&#039;agenda te conviendrait le mieux? Notre quiz pourra s\u00fbrement t\u2019aider! D\u00e9couvre notre s\u00e9lection d&#039;agendas photo personnalisables!\" \/>\n<meta name=\"robots\" content=\"index, follow, max-snippet:-1, max-image-preview:large, max-video-preview:-1\" \/>\n<link rel=\"canonical\" href=\"https:\/\/www.smartphoto.ch\/blogue\/quel-est-ton-type-dagenda\" \/>\n<meta property=\"og:locale\" content=\"fr_FR\" \/>\n<meta property=\"og:type\" content=\"article\" \/>\n<meta property=\"og:title\" content=\"Quel est ton type d\u2019agenda? - Ton monde de cadeaux\" \/>\n<meta property=\"og:description\" content=\"Tu te demandes quel type d&#039;agenda te conviendrait le mieux? Notre quiz pourra s\u00fbrement t\u2019aider! D\u00e9couvre notre s\u00e9lection d&#039;agendas photo personnalisables!\" \/>\n<meta property=\"og:url\" content=\"\/blogue\/quel-est-ton-type-dagenda\" \/>\n<meta property=\"og:site_name\" content=\"Ton monde de cadeaux\" \/>\n<meta property=\"article:published_time\" content=\"2021-11-05T08:36:00+00:00\" \/>\n<meta property=\"article:modified_time\" content=\"2021-11-05T16:53:11+00:00\" \/>\n<meta property=\"og:image\" content=\"https:\/\/storage.googleapis.com\/smartphoto-express-production-wp-blogs-com\/17\/2018\/12\/titre-mon-type-dagenda.jpg\" \/>\n\t<meta property=\"og:image:width\" content=\"720\" \/>\n\t<meta property=\"og:image:height\" content=\"480\" \/>\n\t<meta property=\"og:image:type\" content=\"image\/jpeg\" \/>\n<meta name=\"author\" content=\"Marie\" \/>\n<meta name=\"twitter:card\" content=\"summary_large_image\" \/>\n<meta name=\"twitter:label1\" content=\"Written by\" \/>\n\t<meta name=\"twitter:data1\" content=\"Marie\" \/>\n\t<meta name=\"twitter:label2\" content=\"Est. reading time\" \/>\n\t<meta name=\"twitter:data2\" content=\"3 minutes\" \/>\n<script type=\"application\/ld+json\" class=\"yoast-schema-graph\">{\"@context\":\"https:\/\/schema.org\",\"@graph\":[{\"@type\":\"WebPage\",\"@id\":\"\/blogue\/quel-est-ton-type-dagenda\",\"url\":\"https:\/\/www.smartphoto.ch\/blogue\/quel-est-ton-type-dagenda\",\"name\":\"Quel est ton type d\u2019agenda? - Ton monde de cadeaux\",\"isPartOf\":{\"@id\":\"https:\/\/www.smartphoto.ch\/blogue\/#website\"},\"primaryImageOfPage\":{\"@id\":\"https:\/\/www.smartphoto.ch\/blogue\/quel-est-ton-type-dagenda#primaryimage\"},\"image\":{\"@id\":\"https:\/\/www.smartphoto.ch\/blogue\/quel-est-ton-type-dagenda#primaryimage\"},\"thumbnailUrl\":\"https:\/\/storage.googleapis.com\/smartphoto-express-production-wp-blogs-com\/17\/2018\/12\/titre-mon-type-dagenda.jpg\",\"datePublished\":\"2021-11-05T08:36:00+00:00\",\"dateModified\":\"2021-11-05T16:53:11+00:00\",\"author\":{\"@id\":\"https:\/\/www.smartphoto.ch\/blogue\/#\/schema\/person\/3628597c05f38a13da860d926db19a4d\"},\"description\":\"Tu te demandes quel type d'agenda te conviendrait le mieux? Notre quiz pourra s\u00fbrement t\u2019aider! D\u00e9couvre notre s\u00e9lection d'agendas photo personnalisables!\",\"breadcrumb\":{\"@id\":\"https:\/\/www.smartphoto.ch\/blogue\/quel-est-ton-type-dagenda#breadcrumb\"},\"inLanguage\":\"fr-FR\",\"potentialAction\":[{\"@type\":\"ReadAction\",\"target\":[\"https:\/\/www.smartphoto.ch\/blogue\/quel-est-ton-type-dagenda\"]}]},{\"@type\":\"ImageObject\",\"inLanguage\":\"fr-FR\",\"@id\":\"https:\/\/www.smartphoto.ch\/blogue\/quel-est-ton-type-dagenda#primaryimage\",\"url\":\"https:\/\/storage.googleapis.com\/smartphoto-express-production-wp-blogs-com\/17\/2018\/12\/titre-mon-type-dagenda.jpg\",\"contentUrl\":\"https:\/\/storage.googleapis.com\/smartphoto-express-production-wp-blogs-com\/17\/2018\/12\/titre-mon-type-dagenda.jpg\",\"width\":720,\"height\":480},{\"@type\":\"BreadcrumbList\",\"@id\":\"https:\/\/www.smartphoto.ch\/blogue\/quel-est-ton-type-dagenda#breadcrumb\",\"itemListElement\":[{\"@type\":\"ListItem\",\"position\":1,\"name\":\"Home\",\"item\":\"\/blogue\/\"},{\"@type\":\"ListItem\",\"position\":2,\"name\":\"Quel est ton type d\u2019agenda?\"}]},{\"@type\":\"WebSite\",\"@id\":\"https:\/\/www.smartphoto.ch\/blogue\/#website\",\"url\":\"https:\/\/www.smartphoto.ch\/blogue\/\",\"name\":\"Ton monde de cadeaux\",\"description\":\"Ton monde de cadeaux\",\"potentialAction\":[{\"@type\":\"SearchAction\",\"target\":{\"@type\":\"EntryPoint\",\"urlTemplate\":\"https:\/\/www.smartphoto.ch\/blogue\/?s={search_term_string}\"},\"query-input\":{\"@type\":\"PropertyValueSpecification\",\"valueRequired\":true,\"valueName\":\"search_term_string\"}}],\"inLanguage\":\"fr-FR\"},{\"@type\":\"Person\",\"@id\":\"https:\/\/www.smartphoto.ch\/blogue\/#\/schema\/person\/3628597c05f38a13da860d926db19a4d\",\"name\":\"Marie\",\"image\":{\"@type\":\"ImageObject\",\"inLanguage\":\"fr-FR\",\"@id\":\"https:\/\/www.smartphoto.ch\/blogue\/#\/schema\/person\/image\/\",\"url\":\"https:\/\/secure.gravatar.com\/avatar\/808adf273494c4707391b67c498b5617?s=96&d=mm&r=g\",\"contentUrl\":\"https:\/\/secure.gravatar.com\/avatar\/808adf273494c4707391b67c498b5617?s=96&d=mm&r=g\",\"caption\":\"Marie\"},\"url\":\"https:\/\/www.smartphoto.ch\/blogue\/author\/dennis\"}]}<\/script>\n<!-- \/ Yoast SEO plugin. -->","yoast_head_json":{"title":"Quel est ton type d\u2019agenda? - Ton monde de cadeaux","description":"Tu te demandes quel type d'agenda te conviendrait le mieux? Notre quiz pourra s\u00fbrement t\u2019aider! D\u00e9couvre notre s\u00e9lection d'agendas photo personnalisables!","robots":{"index":"index","follow":"follow","max-snippet":"max-snippet:-1","max-image-preview":"max-image-preview:large","max-video-preview":"max-video-preview:-1"},"canonical":"https:\/\/www.smartphoto.ch\/blogue\/quel-est-ton-type-dagenda","og_locale":"fr_FR","og_type":"article","og_title":"Quel est ton type d\u2019agenda? - Ton monde de cadeaux","og_description":"Tu te demandes quel type d'agenda te conviendrait le mieux? Notre quiz pourra s\u00fbrement t\u2019aider! D\u00e9couvre notre s\u00e9lection d'agendas photo personnalisables!","og_url":"\/blogue\/quel-est-ton-type-dagenda","og_site_name":"Ton monde de cadeaux","article_published_time":"2021-11-05T08:36:00+00:00","article_modified_time":"2021-11-05T16:53:11+00:00","og_image":[{"width":720,"height":480,"url":"https:\/\/storage.googleapis.com\/smartphoto-express-production-wp-blogs-com\/17\/2018\/12\/titre-mon-type-dagenda.jpg","type":"image\/jpeg"}],"author":"Marie","twitter_card":"summary_large_image","twitter_misc":{"Written by":"Marie","Est. reading time":"3 minutes"},"schema":{"@context":"https:\/\/schema.org","@graph":[{"@type":"WebPage","@id":"\/blogue\/quel-est-ton-type-dagenda","url":"https:\/\/www.smartphoto.ch\/blogue\/quel-est-ton-type-dagenda","name":"Quel est ton type d\u2019agenda? - Ton monde de cadeaux","isPartOf":{"@id":"https:\/\/www.smartphoto.ch\/blogue\/#website"},"primaryImageOfPage":{"@id":"https:\/\/www.smartphoto.ch\/blogue\/quel-est-ton-type-dagenda#primaryimage"},"image":{"@id":"https:\/\/www.smartphoto.ch\/blogue\/quel-est-ton-type-dagenda#primaryimage"},"thumbnailUrl":"https:\/\/storage.googleapis.com\/smartphoto-express-production-wp-blogs-com\/17\/2018\/12\/titre-mon-type-dagenda.jpg","datePublished":"2021-11-05T08:36:00+00:00","dateModified":"2021-11-05T16:53:11+00:00","author":{"@id":"https:\/\/www.smartphoto.ch\/blogue\/#\/schema\/person\/3628597c05f38a13da860d926db19a4d"},"description":"Tu te demandes quel type d'agenda te conviendrait le mieux? Notre quiz pourra s\u00fbrement t\u2019aider! D\u00e9couvre notre s\u00e9lection d'agendas photo personnalisables!","breadcrumb":{"@id":"https:\/\/www.smartphoto.ch\/blogue\/quel-est-ton-type-dagenda#breadcrumb"},"inLanguage":"fr-FR","potentialAction":[{"@type":"ReadAction","target":["https:\/\/www.smartphoto.ch\/blogue\/quel-est-ton-type-dagenda"]}]},{"@type":"ImageObject","inLanguage":"fr-FR","@id":"https:\/\/www.smartphoto.ch\/blogue\/quel-est-ton-type-dagenda#primaryimage","url":"https:\/\/storage.googleapis.com\/smartphoto-express-production-wp-blogs-com\/17\/2018\/12\/titre-mon-type-dagenda.jpg","contentUrl":"https:\/\/storage.googleapis.com\/smartphoto-express-production-wp-blogs-com\/17\/2018\/12\/titre-mon-type-dagenda.jpg","width":720,"height":480},{"@type":"BreadcrumbList","@id":"https:\/\/www.smartphoto.ch\/blogue\/quel-est-ton-type-dagenda#breadcrumb","itemListElement":[{"@type":"ListItem","position":1,"name":"Home","item":"\/blogue\/"},{"@type":"ListItem","position":2,"name":"Quel est ton type d\u2019agenda?"}]},{"@type":"WebSite","@id":"https:\/\/www.smartphoto.ch\/blogue\/#website","url":"https:\/\/www.smartphoto.ch\/blogue\/","name":"Ton monde de cadeaux","description":"Ton monde de cadeaux","potentialAction":[{"@type":"SearchAction","target":{"@type":"EntryPoint","urlTemplate":"https:\/\/www.smartphoto.ch\/blogue\/?s={search_term_string}"},"query-input":{"@type":"PropertyValueSpecification","valueRequired":true,"valueName":"search_term_string"}}],"inLanguage":"fr-FR"},{"@type":"Person","@id":"https:\/\/www.smartphoto.ch\/blogue\/#\/schema\/person\/3628597c05f38a13da860d926db19a4d","name":"Marie","image":{"@type":"ImageObject","inLanguage":"fr-FR","@id":"https:\/\/www.smartphoto.ch\/blogue\/#\/schema\/person\/image\/","url":"https:\/\/secure.gravatar.com\/avatar\/808adf273494c4707391b67c498b5617?s=96&d=mm&r=g","contentUrl":"https:\/\/secure.gravatar.com\/avatar\/808adf273494c4707391b67c498b5617?s=96&d=mm&r=g","caption":"Marie"},"url":"https:\/\/www.smartphoto.ch\/blogue\/author\/dennis"}]}},"_links":{"self":[{"href":"https:\/\/www.smartphoto.ch\/blogue\/wp-json\/wp\/v2\/posts\/2837","targetHints":{"allow":["GET"]}}],"collection":[{"href":"https:\/\/www.smartphoto.ch\/blogue\/wp-json\/wp\/v2\/posts"}],"about":[{"href":"https:\/\/www.smartphoto.ch\/blogue\/wp-json\/wp\/v2\/types\/post"}],"author":[{"embeddable":true,"href":"https:\/\/www.smartphoto.ch\/blogue\/wp-json\/wp\/v2\/users\/14"}],"replies":[{"embeddable":true,"href":"https:\/\/www.smartphoto.ch\/blogue\/wp-json\/wp\/v2\/comments?post=2837"}],"version-history":[{"count":12,"href":"https:\/\/www.smartphoto.ch\/blogue\/wp-json\/wp\/v2\/posts\/2837\/revisions"}],"predecessor-version":[{"id":3955,"href":"https:\/\/www.smartphoto.ch\/blogue\/wp-json\/wp\/v2\/posts\/2837\/revisions\/3955"}],"wp:featuredmedia":[{"embeddable":true,"href":"https:\/\/www.smartphoto.ch\/blogue\/wp-json\/wp\/v2\/media\/2850"}],"wp:attachment":[{"href":"https:\/\/www.smartphoto.ch\/blogue\/wp-json\/wp\/v2\/media?parent=2837"}],"wp:term":[{"taxonomy":"category","embeddable":true,"href":"https:\/\/www.smartphoto.ch\/blogue\/wp-json\/wp\/v2\/categories?post=2837"},{"taxonomy":"post_tag","embeddable":true,"href":"https:\/\/www.smartphoto.ch\/blogue\/wp-json\/wp\/v2\/tags?post=2837"}],"curies":[{"name":"wp","href":"https:\/\/api.w.org\/{rel}","templated":true}]}}