{"id":2876,"date":"2019-01-11T09:59:34","date_gmt":"2019-01-11T08:59:34","guid":{"rendered":"\/blogue\/?p=2876"},"modified":"2019-01-11T09:59:34","modified_gmt":"2019-01-11T08:59:34","slug":"trucs-et-astuces-organisation-beton","status":"publish","type":"post","link":"https:\/\/www.smartphoto.ch\/blogue\/trucs-et-astuces-organisation-beton","title":{"rendered":"Trucs et astuces pour une organisation b\u00e9ton"},"content":{"rendered":"<div id=\"bsf_rt_marker\"><\/div><p><a href=\"https:\/\/storage.googleapis.com\/smartphoto-express-production-wp-blogs-com\/17\/2019\/01\/whats-new-in-2019.jpg\" target=\"_blank\" rel=\"noopener\"><img loading=\"lazy\" decoding=\"async\" class=\"alignnone wp-image-2886\" src=\"https:\/\/storage.googleapis.com\/smartphoto-express-production-wp-blogs-com\/17\/2019\/01\/whats-new-in-2019.jpg\" alt=\"Projets pour la nouvelle ann\u00e9e\" width=\"600\" height=\"401\" srcset=\"https:\/\/storage.googleapis.com\/smartphoto-express-production-wp-blogs-com\/17\/2019\/01\/whats-new-in-2019.jpg 719w, https:\/\/storage.googleapis.com\/smartphoto-express-production-wp-blogs-com\/17\/2019\/01\/whats-new-in-2019-300x200.jpg 300w\" sizes=\"auto, (max-width: 600px) 100vw, 600px\" \/><\/a><\/p>\n<p>\u00c7a y est, la nouvelle ann\u00e9e a commenc\u00e9. C\u2019est parti pour 365 jours remplis d\u2019id\u00e9es, de projets et de bonnes r\u00e9solutions, qui m\u00e9riteraient sans doute un peu de structure et d\u2019organisation \ud83d\ude09<\/p>\n<p>Tu trouveras ici quelques trucs et astuces qui pourront t\u2019aider \u00e0 organiser un projet, un mariage, un voyage ou tout simplement ta semaine ou ton quotidien.<\/p>\n<p>Pour commencer, il te faut un <a href=\"https:\/\/www.smartphoto.ch\/fr\/calendrier-photo\" target=\"_blank\" rel=\"noopener\"><strong>agenda<\/strong><\/a>\u00a0ou un <a href=\"https:\/\/www.smartphoto.ch\/fr\/calendrier-photo\" target=\"_blank\" rel=\"noopener\"><strong>calendrier<\/strong><\/a>. Pour ma part, j\u2019ai command\u00e9 un <a href=\"https:\/\/www.smartphoto.ch\/fr\/calendrier-photo\/agenda-simili-cuir\" target=\"_blank\" rel=\"noopener\"><strong>agenda photo Luxe<\/strong><\/a>\u00a0que j\u2019ai personnalis\u00e9 avec des citations qui me plaisent et me motivent. J\u2019ai choisi un design qui m\u2019offre suffisamment de place pour noter mes rendez-vous et autres imp\u00e9ratifs hebdomadaires. Et comme la semaine est (la plupart du temps) r\u00e9partie sur une double-page, je vois tout d\u2019un simple coup d\u2019\u0153il. Je peux m\u00eame noter mon objectif ou ma devise dans l\u2019encadr\u00e9 au bas de la page \ud83d\ude42<\/p>\n<p><iframe loading=\"lazy\" width=\"680\" height=\"383\" src=\"https:\/\/www.youtube.com\/embed\/jSmWkJ8U0iI?feature=oembed&#038;enablejsapi=1&#038;origin=https:\/\/www.smartphoto.ch\/blogue\" frameborder=\"0\" allow=\"accelerometer; autoplay; encrypted-media; gyroscope; picture-in-picture\" allowfullscreen><\/iframe><\/p>\n<p>Voil\u00e0, tu peux maintenant commencer ta planification. Je te conseille tout d\u2019abord de fixer la date \u00e0 laquelle tu souhaites que ton projet soit r\u00e9alis\u00e9. Note-la bien en GRAND dans ton agenda ou ton calendrier. Dans un second temps, tu peux inscrire les diff\u00e9rentes \u00e9tapes interm\u00e9diaires dans ton agenda. A quelles dates les diff\u00e9rentes phases du projet doivent-elles \u00eatre r\u00e9alis\u00e9es? Les \u00abto-dos\u00bb hebdomadaires d\u00e9couleront alors tout naturellement de ces diff\u00e9rents jalons.<\/p>\n<p><a href=\"https:\/\/www.smartphoto.ch\/fr\/cadeaux-photo\/cahier-photo\" target=\"_blank\" rel=\"noopener\"><img loading=\"lazy\" decoding=\"async\" class=\"alignnone wp-image-2880\" src=\"https:\/\/storage.googleapis.com\/smartphoto-express-production-wp-blogs-com\/17\/2019\/01\/cahier-photo.jpg\" alt=\"Cahier personnalis\u00e9\" width=\"600\" height=\"413\" srcset=\"https:\/\/storage.googleapis.com\/smartphoto-express-production-wp-blogs-com\/17\/2019\/01\/cahier-photo.jpg 780w, https:\/\/storage.googleapis.com\/smartphoto-express-production-wp-blogs-com\/17\/2019\/01\/cahier-photo-300x207.jpg 300w, https:\/\/storage.googleapis.com\/smartphoto-express-production-wp-blogs-com\/17\/2019\/01\/cahier-photo-768x529.jpg 768w\" sizes=\"auto, (max-width: 600px) 100vw, 600px\" \/><\/a><\/p>\n<p>Si tu ne souhaites pas trop charger ton agenda \/ ton calendrier, tu peux t\u2019\u00e9quiper en plus d\u2019un <a href=\"https:\/\/www.smartphoto.ch\/fr\/calendrier-photo\/cahier-photo-calendrier\" target=\"_blank\" rel=\"noopener\"><strong>cahier photo calendrier<\/strong><\/a>\u00a0ou d\u2019un <a href=\"https:\/\/www.smartphoto.ch\/fr\/cadeaux-photo\/cahier-photo\" target=\"_blank\" rel=\"noopener\"><strong>cahier photo<\/strong><\/a>. Tu auras ainsi plus de place pour noter les d\u00e9tails, les d\u00e9lais, les \u00e9tapes interm\u00e9diaires, etc. de chacun de tes projets, et m\u00eame pour ajouter des remarques. Ensuite, tu pourras reporter les points principaux dans ton agenda ou sur ton calendrier. Et pour avoir toujours tes stylos \u00e0 port\u00e9e de main, range-les dans une jolie <a href=\"https:\/\/www.smartphoto.ch\/fr\/cadeaux-photo\/trousse-metal\" target=\"_blank\" rel=\"noopener\"><strong>trousse en m\u00e9tal<\/strong><\/a>\u00a0pratique \u00e0 emporter partout \ud83d\ude09<\/p>\n<p><a href=\"https:\/\/www.smartphoto.ch\/fr\/cadeaux-photo\/conferencier-porte-documents\" target=\"_blank\" rel=\"noopener\"><img loading=\"lazy\" decoding=\"async\" class=\"alignnone wp-image-2881\" src=\"https:\/\/storage.googleapis.com\/smartphoto-express-production-wp-blogs-com\/17\/2019\/01\/porte-documents.jpg\" alt=\"Porte-documents personnalis\u00e9 avec photo\" width=\"600\" height=\"413\" srcset=\"https:\/\/storage.googleapis.com\/smartphoto-express-production-wp-blogs-com\/17\/2019\/01\/porte-documents.jpg 780w, https:\/\/storage.googleapis.com\/smartphoto-express-production-wp-blogs-com\/17\/2019\/01\/porte-documents-300x207.jpg 300w, https:\/\/storage.googleapis.com\/smartphoto-express-production-wp-blogs-com\/17\/2019\/01\/porte-documents-768x529.jpg 768w\" sizes=\"auto, (max-width: 600px) 100vw, 600px\" \/><\/a><\/p>\n<p>Tu pr\u00e9f\u00e8res que tous tes documents soient regroup\u00e9s au m\u00eame endroit quand tu les transportes? Opte pour un <a href=\"https:\/\/www.smartphoto.ch\/fr\/cadeaux-photo\/conferencier-porte-documents\" target=\"_blank\" rel=\"noopener\"><strong>conf\u00e9riencer porte-documents<\/strong><\/a>!\u00a0Tu pourras ais\u00e9ment y ranger un grand bloc-notes, tes stylos et tes papiers en tous genres. Comme \u00e7a, tu es s\u00fbr(e) de tout retrouver \ud83d\ude09 Cerise sur le g\u00e2teau: tu peux personnaliser la couverture avec ta photo ou ta citation pr\u00e9f\u00e9r\u00e9e. Sympa, non?<\/p>\n<p><a href=\"https:\/\/www.smartphoto.ch\/fr\/cadeaux-photo\/sous-main-papier-photo\" target=\"_blank\" rel=\"noopener\"><img loading=\"lazy\" decoding=\"async\" class=\"alignnone wp-image-2882\" src=\"https:\/\/storage.googleapis.com\/smartphoto-express-production-wp-blogs-com\/17\/2019\/01\/sous-main-papier-photo.jpg\" alt=\"Sous-main papier personnalis\u00e9 avec photos\" width=\"600\" height=\"413\" srcset=\"https:\/\/storage.googleapis.com\/smartphoto-express-production-wp-blogs-com\/17\/2019\/01\/sous-main-papier-photo.jpg 780w, https:\/\/storage.googleapis.com\/smartphoto-express-production-wp-blogs-com\/17\/2019\/01\/sous-main-papier-photo-300x207.jpg 300w, https:\/\/storage.googleapis.com\/smartphoto-express-production-wp-blogs-com\/17\/2019\/01\/sous-main-papier-photo-768x529.jpg 768w\" sizes=\"auto, (max-width: 600px) 100vw, 600px\" \/><\/a><\/p>\n<p>Tu travailles principalement \u00e0 ton bureau? Dans ce cas, un <a href=\"https:\/\/www.smartphoto.ch\/fr\/cadeaux-photo\/sous-main-papier-photo\" target=\"_blank\" rel=\"noopener\"><strong>sous-main papier<\/strong><\/a>\u00a0pourrait \u00eatre une bonne id\u00e9e! Il se compose de 35\u00a0feuilles d\u00e9tachables sur lesquelles tu pourras griffonner et dessiner \u00e0 loisir. C\u2019est la garantie d\u2019avoir toujours tes notes sous les yeux!<\/p>\n<p>Lorsque ton projet entrera dans sa phase la plus critique et que tu te r\u00e9veilleras la nuit parce que ton cerveau grouille d\u2019id\u00e9es, pourquoi ne pas placer un petit bloc-notes ou un cahier et un stylo sur ta table de nuit? \ud83d\ude09 Ainsi, tu pourras noter chacune de tes id\u00e9es puis te rendormir tranquillement. Personnellement, j\u2019ai toujours trouv\u00e9 \u00e7a tr\u00e8s utile pendant les p\u00e9riodes stressantes \ud83d\ude42 Tu peux par exemple te cr\u00e9er un joli <strong><a href=\"https:\/\/www.smartphoto.ch\/fr\/cadeaux-photo\/bloc-notes-photo\" target=\"_blank\" rel=\"noopener\">bloc-notes personnalis\u00e9 avec photo<\/a><\/strong>.<\/p>\n<p><a href=\"https:\/\/www.smartphoto.ch\/fr\/cadeaux-photo\/bloc-notes-photo\" target=\"_blank\" rel=\"noopener\"><img loading=\"lazy\" decoding=\"async\" class=\"alignnone wp-image-2879\" src=\"https:\/\/storage.googleapis.com\/smartphoto-express-production-wp-blogs-com\/17\/2019\/01\/bloc-notes-photo.jpg\" alt=\"Bloc-notes personnalis\u00e9 avec photos\" width=\"600\" height=\"413\" srcset=\"https:\/\/storage.googleapis.com\/smartphoto-express-production-wp-blogs-com\/17\/2019\/01\/bloc-notes-photo.jpg 780w, https:\/\/storage.googleapis.com\/smartphoto-express-production-wp-blogs-com\/17\/2019\/01\/bloc-notes-photo-300x207.jpg 300w, https:\/\/storage.googleapis.com\/smartphoto-express-production-wp-blogs-com\/17\/2019\/01\/bloc-notes-photo-768x529.jpg 768w\" sizes=\"auto, (max-width: 600px) 100vw, 600px\" \/><\/a><\/p>\n<p>Et si tu as pr\u00e9vu de te marier cette ann\u00e9e, consulte vite notre <a href=\"https:\/\/storage.googleapis.com\/smartphoto-express-production-wp-blogs-com\/17\/2018\/04\/Hochzeits-Checkliste_FR_final.pdf\" target=\"_blank\" rel=\"noopener\"><strong>check-list de mariage<\/strong><\/a>. Tu y trouveras plein d\u2019informations importantes ainsi qu\u2019un r\u00e9troplanning qui pourront t\u2019\u00eatre utiles pour l\u2019organisation du plus beau jour de ta vie \ud83d\ude42<\/p>\n<p>Et maintenant, \u00e0 toi de jouer!<\/p>\n","protected":false},"excerpt":{"rendered":"<p>\u00c7a y est, la nouvelle ann\u00e9e a commenc\u00e9. C\u2019est parti pour 365 jours remplis d\u2019id\u00e9es, de projets et de bonnes r\u00e9solutions, qui m\u00e9riteraient sans doute un peu de structure et d\u2019organisation \ud83d\ude09 Tu trouveras ici quelques trucs et astuces qui pourront t\u2019aider \u00e0 organiser un projet, un mariage, un voyage ou tout simplement ta semaine ou ton quotidien. Pour commencer, il te faut un agenda\u00a0ou un calendrier. Pour ma part, j\u2019ai command\u00e9 un agenda photo Luxe\u00a0que j\u2019ai personnalis\u00e9 avec des citations qui me plaisent et me motivent. J\u2019ai choisi un design qui m\u2019offre suffisamment de place pour noter mes rendez-vous<\/p>\n","protected":false},"author":14,"featured_media":2889,"comment_status":"open","ping_status":"open","sticky":false,"template":"","format":"standard","meta":{"om_disable_all_campaigns":false,"_monsterinsights_skip_tracking":false,"_monsterinsights_sitenote_active":false,"_monsterinsights_sitenote_note":"","_monsterinsights_sitenote_category":0,"footnotes":""},"categories":[274],"tags":[4,447,457,453,435,401,455,212,452,21,456,454],"class_list":["post-2876","post","type-post","status-publish","format-standard","has-post-thumbnail","hentry","category-trucs-et-astuces","tag-agenda","tag-agenda-photo-luxe","tag-bloc-notes-personnalise-avec-photo","tag-cahier-photo","tag-cahier-photo-calendrier","tag-calendrier","tag-conferencier-porte-documents","tag-mariage","tag-organisation","tag-smartphoto","tag-sous-main-papier","tag-trousse-en-metal"],"yoast_head":"<!-- This site is optimized with the Yoast SEO plugin v23.8 - https:\/\/yoast.com\/wordpress\/plugins\/seo\/ -->\n<title>Trucs et astuces pour une organisation b\u00e9ton - Ton monde de cadeaux<\/title>\n<meta name=\"description\" content=\"Tu trouveras ici quelques trucs et astuces qui pourront t\u2019aider \u00e0 organiser un projet, un mariage, un voyage ou tout simplement ta semaine ou ton quotidien.\" \/>\n<meta name=\"robots\" content=\"index, follow, max-snippet:-1, max-image-preview:large, max-video-preview:-1\" \/>\n<link rel=\"canonical\" href=\"https:\/\/www.smartphoto.ch\/blogue\/trucs-et-astuces-organisation-beton\" \/>\n<meta property=\"og:locale\" content=\"fr_FR\" \/>\n<meta property=\"og:type\" content=\"article\" \/>\n<meta property=\"og:title\" content=\"Trucs et astuces pour une organisation b\u00e9ton - Ton monde de cadeaux\" \/>\n<meta property=\"og:description\" content=\"Tu trouveras ici quelques trucs et astuces qui pourront t\u2019aider \u00e0 organiser un projet, un mariage, un voyage ou tout simplement ta semaine ou ton quotidien.\" \/>\n<meta property=\"og:url\" content=\"\/blogue\/trucs-et-astuces-organisation-beton\" \/>\n<meta property=\"og:site_name\" content=\"Ton monde de cadeaux\" \/>\n<meta property=\"article:published_time\" content=\"2019-01-11T08:59:34+00:00\" \/>\n<meta property=\"og:image\" content=\"https:\/\/storage.googleapis.com\/smartphoto-express-production-wp-blogs-com\/17\/2019\/01\/organisation-beton.jpg\" \/>\n\t<meta property=\"og:image:width\" content=\"720\" \/>\n\t<meta property=\"og:image:height\" content=\"480\" \/>\n\t<meta property=\"og:image:type\" content=\"image\/jpeg\" \/>\n<meta name=\"author\" content=\"Marie\" \/>\n<meta name=\"twitter:card\" content=\"summary_large_image\" \/>\n<meta name=\"twitter:label1\" content=\"Written by\" \/>\n\t<meta name=\"twitter:data1\" content=\"Marie\" \/>\n\t<meta name=\"twitter:label2\" content=\"Est. reading time\" \/>\n\t<meta name=\"twitter:data2\" content=\"3 minutes\" \/>\n<script type=\"application\/ld+json\" class=\"yoast-schema-graph\">{\"@context\":\"https:\/\/schema.org\",\"@graph\":[{\"@type\":\"WebPage\",\"@id\":\"\/blogue\/trucs-et-astuces-organisation-beton\",\"url\":\"https:\/\/www.smartphoto.ch\/blogue\/trucs-et-astuces-organisation-beton\",\"name\":\"Trucs et astuces pour une organisation b\u00e9ton - Ton monde de cadeaux\",\"isPartOf\":{\"@id\":\"https:\/\/www.smartphoto.ch\/blogue\/#website\"},\"primaryImageOfPage\":{\"@id\":\"https:\/\/www.smartphoto.ch\/blogue\/trucs-et-astuces-organisation-beton#primaryimage\"},\"image\":{\"@id\":\"https:\/\/www.smartphoto.ch\/blogue\/trucs-et-astuces-organisation-beton#primaryimage\"},\"thumbnailUrl\":\"https:\/\/storage.googleapis.com\/smartphoto-express-production-wp-blogs-com\/17\/2019\/01\/organisation-beton.jpg\",\"datePublished\":\"2019-01-11T08:59:34+00:00\",\"dateModified\":\"2019-01-11T08:59:34+00:00\",\"author\":{\"@id\":\"https:\/\/www.smartphoto.ch\/blogue\/#\/schema\/person\/3628597c05f38a13da860d926db19a4d\"},\"description\":\"Tu trouveras ici quelques trucs et astuces qui pourront t\u2019aider \u00e0 organiser un projet, un mariage, un voyage ou tout simplement ta semaine ou ton quotidien.\",\"breadcrumb\":{\"@id\":\"https:\/\/www.smartphoto.ch\/blogue\/trucs-et-astuces-organisation-beton#breadcrumb\"},\"inLanguage\":\"fr-FR\",\"potentialAction\":[{\"@type\":\"ReadAction\",\"target\":[\"https:\/\/www.smartphoto.ch\/blogue\/trucs-et-astuces-organisation-beton\"]}]},{\"@type\":\"ImageObject\",\"inLanguage\":\"fr-FR\",\"@id\":\"https:\/\/www.smartphoto.ch\/blogue\/trucs-et-astuces-organisation-beton#primaryimage\",\"url\":\"https:\/\/storage.googleapis.com\/smartphoto-express-production-wp-blogs-com\/17\/2019\/01\/organisation-beton.jpg\",\"contentUrl\":\"https:\/\/storage.googleapis.com\/smartphoto-express-production-wp-blogs-com\/17\/2019\/01\/organisation-beton.jpg\",\"width\":720,\"height\":480},{\"@type\":\"BreadcrumbList\",\"@id\":\"https:\/\/www.smartphoto.ch\/blogue\/trucs-et-astuces-organisation-beton#breadcrumb\",\"itemListElement\":[{\"@type\":\"ListItem\",\"position\":1,\"name\":\"Home\",\"item\":\"\/blogue\/\"},{\"@type\":\"ListItem\",\"position\":2,\"name\":\"Trucs et astuces pour une organisation b\u00e9ton\"}]},{\"@type\":\"WebSite\",\"@id\":\"https:\/\/www.smartphoto.ch\/blogue\/#website\",\"url\":\"https:\/\/www.smartphoto.ch\/blogue\/\",\"name\":\"Ton monde de cadeaux\",\"description\":\"Ton monde de cadeaux\",\"potentialAction\":[{\"@type\":\"SearchAction\",\"target\":{\"@type\":\"EntryPoint\",\"urlTemplate\":\"https:\/\/www.smartphoto.ch\/blogue\/?s={search_term_string}\"},\"query-input\":{\"@type\":\"PropertyValueSpecification\",\"valueRequired\":true,\"valueName\":\"search_term_string\"}}],\"inLanguage\":\"fr-FR\"},{\"@type\":\"Person\",\"@id\":\"https:\/\/www.smartphoto.ch\/blogue\/#\/schema\/person\/3628597c05f38a13da860d926db19a4d\",\"name\":\"Marie\",\"image\":{\"@type\":\"ImageObject\",\"inLanguage\":\"fr-FR\",\"@id\":\"https:\/\/www.smartphoto.ch\/blogue\/#\/schema\/person\/image\/\",\"url\":\"https:\/\/secure.gravatar.com\/avatar\/808adf273494c4707391b67c498b5617?s=96&d=mm&r=g\",\"contentUrl\":\"https:\/\/secure.gravatar.com\/avatar\/808adf273494c4707391b67c498b5617?s=96&d=mm&r=g\",\"caption\":\"Marie\"},\"url\":\"https:\/\/www.smartphoto.ch\/blogue\/author\/dennis\"}]}<\/script>\n<!-- \/ Yoast SEO plugin. -->","yoast_head_json":{"title":"Trucs et astuces pour une organisation b\u00e9ton - Ton monde de cadeaux","description":"Tu trouveras ici quelques trucs et astuces qui pourront t\u2019aider \u00e0 organiser un projet, un mariage, un voyage ou tout simplement ta semaine ou ton quotidien.","robots":{"index":"index","follow":"follow","max-snippet":"max-snippet:-1","max-image-preview":"max-image-preview:large","max-video-preview":"max-video-preview:-1"},"canonical":"https:\/\/www.smartphoto.ch\/blogue\/trucs-et-astuces-organisation-beton","og_locale":"fr_FR","og_type":"article","og_title":"Trucs et astuces pour une organisation b\u00e9ton - Ton monde de cadeaux","og_description":"Tu trouveras ici quelques trucs et astuces qui pourront t\u2019aider \u00e0 organiser un projet, un mariage, un voyage ou tout simplement ta semaine ou ton quotidien.","og_url":"\/blogue\/trucs-et-astuces-organisation-beton","og_site_name":"Ton monde de cadeaux","article_published_time":"2019-01-11T08:59:34+00:00","og_image":[{"width":720,"height":480,"url":"https:\/\/storage.googleapis.com\/smartphoto-express-production-wp-blogs-com\/17\/2019\/01\/organisation-beton.jpg","type":"image\/jpeg"}],"author":"Marie","twitter_card":"summary_large_image","twitter_misc":{"Written by":"Marie","Est. reading time":"3 minutes"},"schema":{"@context":"https:\/\/schema.org","@graph":[{"@type":"WebPage","@id":"\/blogue\/trucs-et-astuces-organisation-beton","url":"https:\/\/www.smartphoto.ch\/blogue\/trucs-et-astuces-organisation-beton","name":"Trucs et astuces pour une organisation b\u00e9ton - Ton monde de cadeaux","isPartOf":{"@id":"https:\/\/www.smartphoto.ch\/blogue\/#website"},"primaryImageOfPage":{"@id":"https:\/\/www.smartphoto.ch\/blogue\/trucs-et-astuces-organisation-beton#primaryimage"},"image":{"@id":"https:\/\/www.smartphoto.ch\/blogue\/trucs-et-astuces-organisation-beton#primaryimage"},"thumbnailUrl":"https:\/\/storage.googleapis.com\/smartphoto-express-production-wp-blogs-com\/17\/2019\/01\/organisation-beton.jpg","datePublished":"2019-01-11T08:59:34+00:00","dateModified":"2019-01-11T08:59:34+00:00","author":{"@id":"https:\/\/www.smartphoto.ch\/blogue\/#\/schema\/person\/3628597c05f38a13da860d926db19a4d"},"description":"Tu trouveras ici quelques trucs et astuces qui pourront t\u2019aider \u00e0 organiser un projet, un mariage, un voyage ou tout simplement ta semaine ou ton quotidien.","breadcrumb":{"@id":"https:\/\/www.smartphoto.ch\/blogue\/trucs-et-astuces-organisation-beton#breadcrumb"},"inLanguage":"fr-FR","potentialAction":[{"@type":"ReadAction","target":["https:\/\/www.smartphoto.ch\/blogue\/trucs-et-astuces-organisation-beton"]}]},{"@type":"ImageObject","inLanguage":"fr-FR","@id":"https:\/\/www.smartphoto.ch\/blogue\/trucs-et-astuces-organisation-beton#primaryimage","url":"https:\/\/storage.googleapis.com\/smartphoto-express-production-wp-blogs-com\/17\/2019\/01\/organisation-beton.jpg","contentUrl":"https:\/\/storage.googleapis.com\/smartphoto-express-production-wp-blogs-com\/17\/2019\/01\/organisation-beton.jpg","width":720,"height":480},{"@type":"BreadcrumbList","@id":"https:\/\/www.smartphoto.ch\/blogue\/trucs-et-astuces-organisation-beton#breadcrumb","itemListElement":[{"@type":"ListItem","position":1,"name":"Home","item":"\/blogue\/"},{"@type":"ListItem","position":2,"name":"Trucs et astuces pour une organisation b\u00e9ton"}]},{"@type":"WebSite","@id":"https:\/\/www.smartphoto.ch\/blogue\/#website","url":"https:\/\/www.smartphoto.ch\/blogue\/","name":"Ton monde de cadeaux","description":"Ton monde de cadeaux","potentialAction":[{"@type":"SearchAction","target":{"@type":"EntryPoint","urlTemplate":"https:\/\/www.smartphoto.ch\/blogue\/?s={search_term_string}"},"query-input":{"@type":"PropertyValueSpecification","valueRequired":true,"valueName":"search_term_string"}}],"inLanguage":"fr-FR"},{"@type":"Person","@id":"https:\/\/www.smartphoto.ch\/blogue\/#\/schema\/person\/3628597c05f38a13da860d926db19a4d","name":"Marie","image":{"@type":"ImageObject","inLanguage":"fr-FR","@id":"https:\/\/www.smartphoto.ch\/blogue\/#\/schema\/person\/image\/","url":"https:\/\/secure.gravatar.com\/avatar\/808adf273494c4707391b67c498b5617?s=96&d=mm&r=g","contentUrl":"https:\/\/secure.gravatar.com\/avatar\/808adf273494c4707391b67c498b5617?s=96&d=mm&r=g","caption":"Marie"},"url":"https:\/\/www.smartphoto.ch\/blogue\/author\/dennis"}]}},"_links":{"self":[{"href":"https:\/\/www.smartphoto.ch\/blogue\/wp-json\/wp\/v2\/posts\/2876","targetHints":{"allow":["GET"]}}],"collection":[{"href":"https:\/\/www.smartphoto.ch\/blogue\/wp-json\/wp\/v2\/posts"}],"about":[{"href":"https:\/\/www.smartphoto.ch\/blogue\/wp-json\/wp\/v2\/types\/post"}],"author":[{"embeddable":true,"href":"https:\/\/www.smartphoto.ch\/blogue\/wp-json\/wp\/v2\/users\/14"}],"replies":[{"embeddable":true,"href":"https:\/\/www.smartphoto.ch\/blogue\/wp-json\/wp\/v2\/comments?post=2876"}],"version-history":[{"count":6,"href":"https:\/\/www.smartphoto.ch\/blogue\/wp-json\/wp\/v2\/posts\/2876\/revisions"}],"predecessor-version":[{"id":2890,"href":"https:\/\/www.smartphoto.ch\/blogue\/wp-json\/wp\/v2\/posts\/2876\/revisions\/2890"}],"wp:featuredmedia":[{"embeddable":true,"href":"https:\/\/www.smartphoto.ch\/blogue\/wp-json\/wp\/v2\/media\/2889"}],"wp:attachment":[{"href":"https:\/\/www.smartphoto.ch\/blogue\/wp-json\/wp\/v2\/media?parent=2876"}],"wp:term":[{"taxonomy":"category","embeddable":true,"href":"https:\/\/www.smartphoto.ch\/blogue\/wp-json\/wp\/v2\/categories?post=2876"},{"taxonomy":"post_tag","embeddable":true,"href":"https:\/\/www.smartphoto.ch\/blogue\/wp-json\/wp\/v2\/tags?post=2876"}],"curies":[{"name":"wp","href":"https:\/\/api.w.org\/{rel}","templated":true}]}}