{"id":2942,"date":"2019-02-04T14:34:35","date_gmt":"2019-02-04T13:34:35","guid":{"rendered":"\/blogue\/?p=2942"},"modified":"2019-02-04T14:34:35","modified_gmt":"2019-02-04T13:34:35","slug":"livres-photo-un-vaste-choix-de-designs","status":"publish","type":"post","link":"https:\/\/www.smartphoto.ch\/blogue\/livres-photo-un-vaste-choix-de-designs","title":{"rendered":"Livres photo: un vaste choix de designs"},"content":{"rendered":"<div id=\"bsf_rt_marker\"><\/div><p>Tu veux cr\u00e9er un <a href=\"https:\/\/www.smartphoto.ch\/fr\/livre-photo\" target=\"_blank\" rel=\"noopener\"><strong>livre photo<\/strong><\/a> mais tu ne sais pas par o\u00f9 commencer? Nous sommes l\u00e0 pour t\u2019aider!<\/p>\n<p>Tout d&rsquo;abord, choisis la dimension (XL, L ou M) et le format (portrait, paysage ou carr\u00e9). Puis le type de couverture (rigide ou souple) et enfin la reliure (\u00e0 spirales ou thermocoll\u00e9e). Si tu optes pour un livre photo \u00e0 couverture rigide, tu as en plus la possibilit\u00e9 de choisir une <strong>reliure \u00e0 plat<\/strong>: ton livre s\u2019ouvrira alors \u00e0 180\u00b0.<\/p>\n<p>Apr\u00e8s ces premi\u00e8res \u00e9tapes, tu arrives sur la page des designs. Ici, tu peux r\u00e9aliser <strong>ta propre cr\u00e9ation<\/strong> \u00e0 partir d\u2019un livre photo vierge. Si tu pr\u00e9f\u00e8res, tu peux aussi s\u00e9lectionner l\u2019un des <strong>designs smartphoto <\/strong>propos\u00e9s. Ces \u00abmod\u00e8les\u00bb te permettront de r\u00e9aliser un livre photo personnel styl\u00e9 en relativement peu de temps, sans avoir de connaissances particuli\u00e8res en la mati\u00e8re. Et en plus, ils sont <strong>tous gratuits<\/strong> \ud83d\ude42<\/p>\n<p><a href=\"https:\/\/storage.googleapis.com\/smartphoto-express-production-wp-blogs-com\/17\/2019\/01\/livre-photo-creation-personnelle.jpg\" target=\"_blank\" rel=\"noopener\"><img loading=\"lazy\" decoding=\"async\" class=\"alignnone wp-image-2957 size-large\" src=\"https:\/\/storage.googleapis.com\/smartphoto-express-production-wp-blogs-com\/17\/2019\/01\/livre-photo-creation-personnelle-1024x667.jpg\" alt=\"Cr\u00e9er un livre photo\" width=\"680\" height=\"443\" srcset=\"https:\/\/storage.googleapis.com\/smartphoto-express-production-wp-blogs-com\/17\/2019\/01\/livre-photo-creation-personnelle-1024x667.jpg 1024w, https:\/\/storage.googleapis.com\/smartphoto-express-production-wp-blogs-com\/17\/2019\/01\/livre-photo-creation-personnelle-300x195.jpg 300w, https:\/\/storage.googleapis.com\/smartphoto-express-production-wp-blogs-com\/17\/2019\/01\/livre-photo-creation-personnelle-768x500.jpg 768w, https:\/\/storage.googleapis.com\/smartphoto-express-production-wp-blogs-com\/17\/2019\/01\/livre-photo-creation-personnelle.jpg 1419w\" sizes=\"auto, (max-width: 680px) 100vw, 680px\" \/><\/a><\/p>\n<p>&nbsp;<\/p>\n<p>Si tu d\u00e9cides de r\u00e9aliser ta cr\u00e9ation \u00e0 partir d\u2019un design pr\u00e9d\u00e9fini, tu as la possibilit\u00e9 de filtrer les diff\u00e9rents mod\u00e8les propos\u00e9s par <strong>\u00e9v\u00e9nement<\/strong> ou par <strong>couleur<\/strong>.<\/p>\n<p>Dans la cat\u00e9gorie <strong>Ev\u00e9nement<\/strong>, tu as le choix entre:\u00a0<strong>Annuel, B\u00e9b\u00e9s, De tous les jours, D\u00e9clarations d\u2019amour, Enfants\/communion, Livre de recettes, Mariage, Soir\u00e9es, Vacances<\/strong> et <strong>Autres.<\/strong><\/p>\n<p><a href=\"https:\/\/storage.googleapis.com\/smartphoto-express-production-wp-blogs-com\/17\/2019\/01\/apercu-designs-bebe.jpg\" target=\"_blank\" rel=\"noopener\"><img loading=\"lazy\" decoding=\"async\" class=\"alignnone wp-image-2952 size-large\" src=\"https:\/\/storage.googleapis.com\/smartphoto-express-production-wp-blogs-com\/17\/2019\/01\/apercu-designs-bebe-1024x630.jpg\" alt=\"Designs livre photo\" width=\"680\" height=\"418\" srcset=\"https:\/\/storage.googleapis.com\/smartphoto-express-production-wp-blogs-com\/17\/2019\/01\/apercu-designs-bebe-1024x630.jpg 1024w, https:\/\/storage.googleapis.com\/smartphoto-express-production-wp-blogs-com\/17\/2019\/01\/apercu-designs-bebe-300x184.jpg 300w, https:\/\/storage.googleapis.com\/smartphoto-express-production-wp-blogs-com\/17\/2019\/01\/apercu-designs-bebe-768x472.jpg 768w, https:\/\/storage.googleapis.com\/smartphoto-express-production-wp-blogs-com\/17\/2019\/01\/apercu-designs-bebe.jpg 1509w\" sizes=\"auto, (max-width: 680px) 100vw, 680px\" \/><\/a><\/p>\n<p>Je vais maintenant te pr\u00e9senter quelques exemples de designs \ud83d\ude42<\/p>\n<p>&nbsp;<\/p>\n<h2><strong>Designs Livre photo b\u00e9b\u00e9<\/strong><\/h2>\n<p>Pour mon livre photo, j\u2019ai choisi le filtre <strong>B\u00e9b\u00e9s<\/strong> dans le menu <strong>Ev\u00e9nements<\/strong>. J\u2019ai ainsi obtenu une vue d\u2019ensemble des designs propos\u00e9s par smartphoto sur ce th\u00e8me. J\u2019en ai s\u00e9lectionn\u00e9 quelques-uns pour pouvoir te les montrer plus en d\u00e9tail:<\/p>\n<p><a href=\"https:\/\/storage.googleapis.com\/smartphoto-express-production-wp-blogs-com\/17\/2019\/01\/livre-photo-design-bebe-3.jpg\" target=\"_blank\" rel=\"noopener\"><img loading=\"lazy\" decoding=\"async\" class=\"alignnone wp-image-2946 size-full\" src=\"https:\/\/storage.googleapis.com\/smartphoto-express-production-wp-blogs-com\/17\/2019\/01\/livre-photo-design-bebe-3.jpg\" alt=\"Livre photo naissance\" width=\"579\" height=\"220\" srcset=\"https:\/\/storage.googleapis.com\/smartphoto-express-production-wp-blogs-com\/17\/2019\/01\/livre-photo-design-bebe-3.jpg 579w, https:\/\/storage.googleapis.com\/smartphoto-express-production-wp-blogs-com\/17\/2019\/01\/livre-photo-design-bebe-3-300x114.jpg 300w\" sizes=\"auto, (max-width: 579px) 100vw, 579px\" \/><\/a><\/p>\n<p><a href=\"https:\/\/storage.googleapis.com\/smartphoto-express-production-wp-blogs-com\/17\/2019\/01\/livre-photo-design-bebe-2.jpg\" target=\"_blank\" rel=\"noopener\"><img loading=\"lazy\" decoding=\"async\" class=\"alignnone wp-image-2945 size-full\" src=\"https:\/\/storage.googleapis.com\/smartphoto-express-production-wp-blogs-com\/17\/2019\/01\/livre-photo-design-bebe-2.jpg\" alt=\"Livre photo fillette\" width=\"579\" height=\"219\" srcset=\"https:\/\/storage.googleapis.com\/smartphoto-express-production-wp-blogs-com\/17\/2019\/01\/livre-photo-design-bebe-2.jpg 579w, https:\/\/storage.googleapis.com\/smartphoto-express-production-wp-blogs-com\/17\/2019\/01\/livre-photo-design-bebe-2-300x113.jpg 300w\" sizes=\"auto, (max-width: 579px) 100vw, 579px\" \/><\/a><\/p>\n<p><a href=\"https:\/\/storage.googleapis.com\/smartphoto-express-production-wp-blogs-com\/17\/2019\/01\/livre-photo-design-bebe-1.jpg\" target=\"_blank\" rel=\"noopener\"><img loading=\"lazy\" decoding=\"async\" class=\"alignnone wp-image-2944 size-full\" src=\"https:\/\/storage.googleapis.com\/smartphoto-express-production-wp-blogs-com\/17\/2019\/01\/livre-photo-design-bebe-1.jpg\" alt=\"Livre photo enfants\" width=\"572\" height=\"216\" srcset=\"https:\/\/storage.googleapis.com\/smartphoto-express-production-wp-blogs-com\/17\/2019\/01\/livre-photo-design-bebe-1.jpg 572w, https:\/\/storage.googleapis.com\/smartphoto-express-production-wp-blogs-com\/17\/2019\/01\/livre-photo-design-bebe-1-300x113.jpg 300w\" sizes=\"auto, (max-width: 572px) 100vw, 572px\" \/><\/a><\/p>\n<p>&nbsp;<\/p>\n<h2><strong>Designs Livre photo de mariage<\/strong><\/h2>\n<p>Si tu viens de te marier et que tu souhaites r\u00e9aliser un <a href=\"https:\/\/www.smartphoto.ch\/fr\/livre-photo\" target=\"_blank\" rel=\"noopener\"><strong>livre photo<\/strong><\/a>\u00a0du plus beau jour de ta vie ou de ta lune de miel, le choix du design te permettra peut-\u00eatre de mettre encore davantage en valeur votre amour. Voici un \u00e9chantillon des designs propos\u00e9s lorsque tu choisis le filtre <strong>Mariage<\/strong>:<\/p>\n<p><a href=\"https:\/\/storage.googleapis.com\/smartphoto-express-production-wp-blogs-com\/17\/2019\/01\/livre-photo-design-mariage-1.jpg\" target=\"_blank\" rel=\"noopener\"><img loading=\"lazy\" decoding=\"async\" class=\"alignnone wp-image-2947\" src=\"https:\/\/storage.googleapis.com\/smartphoto-express-production-wp-blogs-com\/17\/2019\/01\/livre-photo-design-mariage-1.jpg\" alt=\"Livre photo mariage\" width=\"579\" height=\"220\" srcset=\"https:\/\/storage.googleapis.com\/smartphoto-express-production-wp-blogs-com\/17\/2019\/01\/livre-photo-design-mariage-1.jpg 643w, https:\/\/storage.googleapis.com\/smartphoto-express-production-wp-blogs-com\/17\/2019\/01\/livre-photo-design-mariage-1-300x114.jpg 300w\" sizes=\"auto, (max-width: 579px) 100vw, 579px\" \/><\/a><\/p>\n<p><a href=\"https:\/\/storage.googleapis.com\/smartphoto-express-production-wp-blogs-com\/17\/2019\/01\/livre-photo-design-mariage-2.jpg\" target=\"_blank\" rel=\"noopener\"><img loading=\"lazy\" decoding=\"async\" class=\"alignnone wp-image-2948 size-full\" src=\"https:\/\/storage.googleapis.com\/smartphoto-express-production-wp-blogs-com\/17\/2019\/01\/livre-photo-design-mariage-2.jpg\" alt=\"Livre photo mari\u00e9s\" width=\"585\" height=\"214\" srcset=\"https:\/\/storage.googleapis.com\/smartphoto-express-production-wp-blogs-com\/17\/2019\/01\/livre-photo-design-mariage-2.jpg 585w, https:\/\/storage.googleapis.com\/smartphoto-express-production-wp-blogs-com\/17\/2019\/01\/livre-photo-design-mariage-2-300x110.jpg 300w\" sizes=\"auto, (max-width: 585px) 100vw, 585px\" \/><\/a><\/p>\n<p>&nbsp;<\/p>\n<h2><strong>Designs Livre photo de vacances<\/strong><\/h2>\n<p>Tu reviens d\u2019une escapade citadine ou de vacances farniente en bord de mer et tu veux rassembler tous ces beaux souvenirs dans un <strong><a href=\"https:\/\/www.smartphoto.ch\/fr\/livre-photo\" target=\"_blank\" rel=\"noopener\">livre photo<\/a><\/strong>?\u00a0Dans ce cas, choisis le filtre <strong>Vacances <\/strong>et laisse-toi s\u00e9duire par l\u2019un des designs propos\u00e9s. Voici quelques exemples:<\/p>\n<p><a href=\"https:\/\/storage.googleapis.com\/smartphoto-express-production-wp-blogs-com\/17\/2019\/01\/livre-photo-design-vacances-3.jpg\" target=\"_blank\" rel=\"noopener\"><img loading=\"lazy\" decoding=\"async\" class=\"alignnone wp-image-2951\" src=\"https:\/\/storage.googleapis.com\/smartphoto-express-production-wp-blogs-com\/17\/2019\/01\/livre-photo-design-vacances-3.jpg\" alt=\"Livre photo Vacances \u00e0 la mer\" width=\"579\" height=\"220\" srcset=\"https:\/\/storage.googleapis.com\/smartphoto-express-production-wp-blogs-com\/17\/2019\/01\/livre-photo-design-vacances-3.jpg 640w, https:\/\/storage.googleapis.com\/smartphoto-express-production-wp-blogs-com\/17\/2019\/01\/livre-photo-design-vacances-3-300x114.jpg 300w\" sizes=\"auto, (max-width: 579px) 100vw, 579px\" \/><\/a><\/p>\n<p><a href=\"https:\/\/storage.googleapis.com\/smartphoto-express-production-wp-blogs-com\/17\/2019\/01\/livre-photo-design-vacances-1.jpg\" target=\"_blank\" rel=\"noopener\"><img loading=\"lazy\" decoding=\"async\" class=\"alignnone wp-image-2949\" src=\"https:\/\/storage.googleapis.com\/smartphoto-express-production-wp-blogs-com\/17\/2019\/01\/livre-photo-design-vacances-1.jpg\" alt=\"Livre photo Escapade citadine\" width=\"579\" height=\"222\" srcset=\"https:\/\/storage.googleapis.com\/smartphoto-express-production-wp-blogs-com\/17\/2019\/01\/livre-photo-design-vacances-1.jpg 642w, https:\/\/storage.googleapis.com\/smartphoto-express-production-wp-blogs-com\/17\/2019\/01\/livre-photo-design-vacances-1-300x115.jpg 300w\" sizes=\"auto, (max-width: 579px) 100vw, 579px\" \/><\/a><\/p>\n<p><a href=\"https:\/\/storage.googleapis.com\/smartphoto-express-production-wp-blogs-com\/17\/2019\/01\/livre-photo-design-vacances-2.jpg\" target=\"_blank\" rel=\"noopener\"><img loading=\"lazy\" decoding=\"async\" class=\"alignnone wp-image-2950\" src=\"https:\/\/storage.googleapis.com\/smartphoto-express-production-wp-blogs-com\/17\/2019\/01\/livre-photo-design-vacances-2.jpg\" alt=\"Livre photo Vacances en famille\" width=\"579\" height=\"208\" srcset=\"https:\/\/storage.googleapis.com\/smartphoto-express-production-wp-blogs-com\/17\/2019\/01\/livre-photo-design-vacances-2.jpg 635w, https:\/\/storage.googleapis.com\/smartphoto-express-production-wp-blogs-com\/17\/2019\/01\/livre-photo-design-vacances-2-300x108.jpg 300w\" sizes=\"auto, (max-width: 579px) 100vw, 579px\" \/><\/a><\/p>\n<p>&nbsp;<\/p>\n<h2><strong>Designs Livre photo de l\u2019ann\u00e9e <\/strong><\/h2>\n<p>Si tu souhaites cr\u00e9er ta propre <a href=\"https:\/\/www.smartphoto.ch\/fr\/designselection.aspx?dg=yearbook\" target=\"_blank\" rel=\"noopener\"><strong>r\u00e9trospective de l\u2019ann\u00e9e<\/strong><\/a>\u00a0ou consacrer un livre photo par exemple \u00e0 la 1<sup>re<\/sup>, 2<sup>e<\/sup> ou 3<sup>e<\/sup> ann\u00e9e de ton enfant, smartphoto te propose \u00e9galement des designs adapt\u00e9s (filtre <strong>Annuel<\/strong>):<\/p>\n<p><a href=\"https:\/\/storage.googleapis.com\/smartphoto-express-production-wp-blogs-com\/17\/2019\/01\/livre-de-lannee-design-2.jpg\" target=\"_blank\" rel=\"noopener\"><img loading=\"lazy\" decoding=\"async\" class=\"alignnone wp-image-2954 size-full\" src=\"https:\/\/storage.googleapis.com\/smartphoto-express-production-wp-blogs-com\/17\/2019\/01\/livre-de-lannee-design-2.jpg\" alt=\"Cr\u00e9er un livre photo de l'ann\u00e9e\" width=\"581\" height=\"212\" srcset=\"https:\/\/storage.googleapis.com\/smartphoto-express-production-wp-blogs-com\/17\/2019\/01\/livre-de-lannee-design-2.jpg 581w, https:\/\/storage.googleapis.com\/smartphoto-express-production-wp-blogs-com\/17\/2019\/01\/livre-de-lannee-design-2-300x109.jpg 300w\" sizes=\"auto, (max-width: 581px) 100vw, 581px\" \/><\/a><\/p>\n<p><a href=\"https:\/\/storage.googleapis.com\/smartphoto-express-production-wp-blogs-com\/17\/2019\/01\/livre-de-lannee-design-1.jpg\" target=\"_blank\" rel=\"noopener\"><img loading=\"lazy\" decoding=\"async\" class=\"alignnone wp-image-2953 size-full\" src=\"https:\/\/storage.googleapis.com\/smartphoto-express-production-wp-blogs-com\/17\/2019\/01\/livre-de-lannee-design-1.jpg\" alt=\"Livre photo de l'ann\u00e9e personnalis\u00e9\" width=\"579\" height=\"204\" srcset=\"https:\/\/storage.googleapis.com\/smartphoto-express-production-wp-blogs-com\/17\/2019\/01\/livre-de-lannee-design-1.jpg 579w, https:\/\/storage.googleapis.com\/smartphoto-express-production-wp-blogs-com\/17\/2019\/01\/livre-de-lannee-design-1-300x106.jpg 300w\" sizes=\"auto, (max-width: 579px) 100vw, 579px\" \/><\/a><\/p>\n<h2><strong>Design Livre de recettes<\/strong><\/h2>\n<p>Tu as collect\u00e9 un certain nombre de recettes que tu as rang\u00e9es en vrac dans un livre de cuisine ou dans un classeur quelconque? Que dirais-tu de les rassembler dans un beau <a href=\"https:\/\/www.smartphoto.ch\/fr\/designselection.aspx?dg=cookbookblackline\" target=\"_blank\" rel=\"noopener\"><strong>livre de recettes<\/strong><\/a>?\u00a0\ud83d\ude42 Le design Livre de recettes de smartphoto convient aussi \u00e0 merveille comme livre d\u2019or \u00e0 un mariage. Besoin d\u2019id\u00e9es? Tu en trouveras <a href=\"https:\/\/www.smartphoto.ch\/blogue\/livre-dor-quelques-idees-mariage\" target=\"_blank\" rel=\"noopener\">dans cet article<\/a>.<\/p>\n<p><a href=\"https:\/\/storage.googleapis.com\/smartphoto-express-production-wp-blogs-com\/17\/2019\/01\/livre-de-recettes-design-1.jpg\" target=\"_blank\" rel=\"noopener\"><img loading=\"lazy\" decoding=\"async\" class=\"alignnone wp-image-2955\" src=\"https:\/\/storage.googleapis.com\/smartphoto-express-production-wp-blogs-com\/17\/2019\/01\/livre-de-recettes-design-1.jpg\" alt=\"Cr\u00e9er un livre de recettes\" width=\"579\" height=\"225\" srcset=\"https:\/\/storage.googleapis.com\/smartphoto-express-production-wp-blogs-com\/17\/2019\/01\/livre-de-recettes-design-1.jpg 640w, https:\/\/storage.googleapis.com\/smartphoto-express-production-wp-blogs-com\/17\/2019\/01\/livre-de-recettes-design-1-300x117.jpg 300w\" sizes=\"auto, (max-width: 579px) 100vw, 579px\" \/><\/a><\/p>\n<p><a href=\"https:\/\/storage.googleapis.com\/smartphoto-express-production-wp-blogs-com\/17\/2019\/01\/livre-de-recettes-design-2.jpg\" target=\"_blank\" rel=\"noopener\"><img loading=\"lazy\" decoding=\"async\" class=\"alignnone wp-image-2956\" src=\"https:\/\/storage.googleapis.com\/smartphoto-express-production-wp-blogs-com\/17\/2019\/01\/livre-de-recettes-design-2.jpg\" alt=\"Livre de recettes personnalis\u00e9\" width=\"579\" height=\"207\" srcset=\"https:\/\/storage.googleapis.com\/smartphoto-express-production-wp-blogs-com\/17\/2019\/01\/livre-de-recettes-design-2.jpg 643w, https:\/\/storage.googleapis.com\/smartphoto-express-production-wp-blogs-com\/17\/2019\/01\/livre-de-recettes-design-2-300x107.jpg 300w\" sizes=\"auto, (max-width: 579px) 100vw, 579px\" \/><\/a><\/p>\n<p>&nbsp;<\/p>\n<p>Comme tu peux le constater, smartphoto a pr\u00e9vu des designs adapt\u00e9s pour tous les \u00e9v\u00e9nements (ou presque!) \ud83d\ude42 Et comme je le disais au d\u00e9but, si tu le souhaites, tu as aussi la possibilit\u00e9 de cr\u00e9er ton propre livre photo de A \u00e0 Z, sans design smartphoto. Besoin de trucs et astuces pour t\u2019aider \u00e0 r\u00e9aliser ton \u0153uvre? Tu en trouveras toute une s\u00e9rie\u00a0<a href=\"https:\/\/www.smartphoto.ch\/blogue\/astuces-livre-photo\" target=\"_blank\" rel=\"noopener\">dans cet article<\/a>.<\/p>\n<p>Et si tu as encore des questions, notre <a href=\"https:\/\/www.smartphoto.ch\/fr\/smartservices\" target=\"_blank\" rel=\"noopener\"><strong>service client\u00e8le<\/strong><\/a> se fera un plaisir d\u2019y r\u00e9pondre \ud83d\ude42<\/p>\n","protected":false},"excerpt":{"rendered":"<p>Tu veux cr\u00e9er un livre photo mais tu ne sais pas par o\u00f9 commencer? Nous sommes l\u00e0 pour t\u2019aider! Tout d&rsquo;abord, choisis la dimension (XL, L ou M) et le format (portrait, paysage ou carr\u00e9). Puis le type de couverture (rigide ou souple) et enfin la reliure (\u00e0 spirales ou thermocoll\u00e9e). Si tu optes pour un livre photo \u00e0 couverture rigide, tu as en plus la possibilit\u00e9 de choisir une reliure \u00e0 plat: ton livre s\u2019ouvrira alors \u00e0 180\u00b0. Apr\u00e8s ces premi\u00e8res \u00e9tapes, tu arrives sur la page des designs. Ici, tu peux r\u00e9aliser ta propre cr\u00e9ation \u00e0 partir d\u2019un<\/p>\n","protected":false},"author":14,"featured_media":2972,"comment_status":"open","ping_status":"open","sticky":false,"template":"","format":"standard","meta":{"om_disable_all_campaigns":false,"_monsterinsights_skip_tracking":false,"_monsterinsights_sitenote_active":false,"_monsterinsights_sitenote_note":"","_monsterinsights_sitenote_category":0,"footnotes":""},"categories":[274],"tags":[146,478,476,475,480,179,299,212,477,479,21,52],"class_list":["post-2942","post","type-post","status-publish","format-standard","has-post-thumbnail","hentry","category-trucs-et-astuces","tag-bebe","tag-creer-un-livre-photo","tag-designs","tag-evenement","tag-livre-de-recettes-personnalise","tag-livre-photo","tag-livre-photo-de-lannee","tag-mariage","tag-modeles","tag-retrospective-de-lannee","tag-smartphoto","tag-vacances"],"yoast_head":"<!-- This site is optimized with the Yoast SEO plugin v23.8 - https:\/\/yoast.com\/wordpress\/plugins\/seo\/ -->\n<title>Livres photo: un vaste choix de designs - Ton monde de cadeaux<\/title>\n<meta name=\"description\" content=\"Tu veux cr\u00e9er un livre photo mais tu ne sais pas exactement quel design choisir? Tu trouveras ici quelques trucs et astuces pour te faciliter la t\u00e2che!\" \/>\n<meta name=\"robots\" content=\"index, follow, max-snippet:-1, max-image-preview:large, max-video-preview:-1\" \/>\n<link rel=\"canonical\" href=\"https:\/\/www.smartphoto.ch\/blogue\/livres-photo-un-vaste-choix-de-designs\" \/>\n<meta property=\"og:locale\" content=\"fr_FR\" \/>\n<meta property=\"og:type\" content=\"article\" \/>\n<meta property=\"og:title\" content=\"Livres photo: un vaste choix de designs - Ton monde de cadeaux\" \/>\n<meta property=\"og:description\" content=\"Tu veux cr\u00e9er un livre photo mais tu ne sais pas exactement quel design choisir? Tu trouveras ici quelques trucs et astuces pour te faciliter la t\u00e2che!\" \/>\n<meta property=\"og:url\" content=\"\/blogue\/livres-photo-un-vaste-choix-de-designs\" \/>\n<meta property=\"og:site_name\" content=\"Ton monde de cadeaux\" \/>\n<meta property=\"article:published_time\" content=\"2019-02-04T13:34:35+00:00\" \/>\n<meta property=\"og:image\" content=\"https:\/\/storage.googleapis.com\/smartphoto-express-production-wp-blogs-com\/17\/2019\/01\/fotobuch-design-ferien-titelbild.jpg\" \/>\n\t<meta property=\"og:image:width\" content=\"720\" \/>\n\t<meta property=\"og:image:height\" content=\"480\" \/>\n\t<meta property=\"og:image:type\" content=\"image\/jpeg\" \/>\n<meta name=\"author\" content=\"Marie\" \/>\n<meta name=\"twitter:card\" content=\"summary_large_image\" \/>\n<meta name=\"twitter:label1\" content=\"Written by\" \/>\n\t<meta name=\"twitter:data1\" content=\"Marie\" \/>\n\t<meta name=\"twitter:label2\" content=\"Est. reading time\" \/>\n\t<meta name=\"twitter:data2\" content=\"3 minutes\" \/>\n<script type=\"application\/ld+json\" class=\"yoast-schema-graph\">{\"@context\":\"https:\/\/schema.org\",\"@graph\":[{\"@type\":\"WebPage\",\"@id\":\"\/blogue\/livres-photo-un-vaste-choix-de-designs\",\"url\":\"https:\/\/www.smartphoto.ch\/blogue\/livres-photo-un-vaste-choix-de-designs\",\"name\":\"Livres photo: un vaste choix de designs - Ton monde de cadeaux\",\"isPartOf\":{\"@id\":\"https:\/\/www.smartphoto.ch\/blogue\/#website\"},\"primaryImageOfPage\":{\"@id\":\"https:\/\/www.smartphoto.ch\/blogue\/livres-photo-un-vaste-choix-de-designs#primaryimage\"},\"image\":{\"@id\":\"https:\/\/www.smartphoto.ch\/blogue\/livres-photo-un-vaste-choix-de-designs#primaryimage\"},\"thumbnailUrl\":\"https:\/\/storage.googleapis.com\/smartphoto-express-production-wp-blogs-com\/17\/2019\/01\/fotobuch-design-ferien-titelbild.jpg\",\"datePublished\":\"2019-02-04T13:34:35+00:00\",\"dateModified\":\"2019-02-04T13:34:35+00:00\",\"author\":{\"@id\":\"https:\/\/www.smartphoto.ch\/blogue\/#\/schema\/person\/3628597c05f38a13da860d926db19a4d\"},\"description\":\"Tu veux cr\u00e9er un livre photo mais tu ne sais pas exactement quel design choisir? Tu trouveras ici quelques trucs et astuces pour te faciliter la t\u00e2che!\",\"breadcrumb\":{\"@id\":\"https:\/\/www.smartphoto.ch\/blogue\/livres-photo-un-vaste-choix-de-designs#breadcrumb\"},\"inLanguage\":\"fr-FR\",\"potentialAction\":[{\"@type\":\"ReadAction\",\"target\":[\"https:\/\/www.smartphoto.ch\/blogue\/livres-photo-un-vaste-choix-de-designs\"]}]},{\"@type\":\"ImageObject\",\"inLanguage\":\"fr-FR\",\"@id\":\"https:\/\/www.smartphoto.ch\/blogue\/livres-photo-un-vaste-choix-de-designs#primaryimage\",\"url\":\"https:\/\/storage.googleapis.com\/smartphoto-express-production-wp-blogs-com\/17\/2019\/01\/fotobuch-design-ferien-titelbild.jpg\",\"contentUrl\":\"https:\/\/storage.googleapis.com\/smartphoto-express-production-wp-blogs-com\/17\/2019\/01\/fotobuch-design-ferien-titelbild.jpg\",\"width\":720,\"height\":480},{\"@type\":\"BreadcrumbList\",\"@id\":\"https:\/\/www.smartphoto.ch\/blogue\/livres-photo-un-vaste-choix-de-designs#breadcrumb\",\"itemListElement\":[{\"@type\":\"ListItem\",\"position\":1,\"name\":\"Home\",\"item\":\"\/blogue\/\"},{\"@type\":\"ListItem\",\"position\":2,\"name\":\"Livres photo: un vaste choix de designs\"}]},{\"@type\":\"WebSite\",\"@id\":\"https:\/\/www.smartphoto.ch\/blogue\/#website\",\"url\":\"https:\/\/www.smartphoto.ch\/blogue\/\",\"name\":\"Ton monde de cadeaux\",\"description\":\"Ton monde de cadeaux\",\"potentialAction\":[{\"@type\":\"SearchAction\",\"target\":{\"@type\":\"EntryPoint\",\"urlTemplate\":\"https:\/\/www.smartphoto.ch\/blogue\/?s={search_term_string}\"},\"query-input\":{\"@type\":\"PropertyValueSpecification\",\"valueRequired\":true,\"valueName\":\"search_term_string\"}}],\"inLanguage\":\"fr-FR\"},{\"@type\":\"Person\",\"@id\":\"https:\/\/www.smartphoto.ch\/blogue\/#\/schema\/person\/3628597c05f38a13da860d926db19a4d\",\"name\":\"Marie\",\"image\":{\"@type\":\"ImageObject\",\"inLanguage\":\"fr-FR\",\"@id\":\"https:\/\/www.smartphoto.ch\/blogue\/#\/schema\/person\/image\/\",\"url\":\"https:\/\/secure.gravatar.com\/avatar\/808adf273494c4707391b67c498b5617?s=96&d=mm&r=g\",\"contentUrl\":\"https:\/\/secure.gravatar.com\/avatar\/808adf273494c4707391b67c498b5617?s=96&d=mm&r=g\",\"caption\":\"Marie\"},\"url\":\"https:\/\/www.smartphoto.ch\/blogue\/author\/dennis\"}]}<\/script>\n<!-- \/ Yoast SEO plugin. -->","yoast_head_json":{"title":"Livres photo: un vaste choix de designs - Ton monde de cadeaux","description":"Tu veux cr\u00e9er un livre photo mais tu ne sais pas exactement quel design choisir? Tu trouveras ici quelques trucs et astuces pour te faciliter la t\u00e2che!","robots":{"index":"index","follow":"follow","max-snippet":"max-snippet:-1","max-image-preview":"max-image-preview:large","max-video-preview":"max-video-preview:-1"},"canonical":"https:\/\/www.smartphoto.ch\/blogue\/livres-photo-un-vaste-choix-de-designs","og_locale":"fr_FR","og_type":"article","og_title":"Livres photo: un vaste choix de designs - Ton monde de cadeaux","og_description":"Tu veux cr\u00e9er un livre photo mais tu ne sais pas exactement quel design choisir? Tu trouveras ici quelques trucs et astuces pour te faciliter la t\u00e2che!","og_url":"\/blogue\/livres-photo-un-vaste-choix-de-designs","og_site_name":"Ton monde de cadeaux","article_published_time":"2019-02-04T13:34:35+00:00","og_image":[{"width":720,"height":480,"url":"https:\/\/storage.googleapis.com\/smartphoto-express-production-wp-blogs-com\/17\/2019\/01\/fotobuch-design-ferien-titelbild.jpg","type":"image\/jpeg"}],"author":"Marie","twitter_card":"summary_large_image","twitter_misc":{"Written by":"Marie","Est. reading time":"3 minutes"},"schema":{"@context":"https:\/\/schema.org","@graph":[{"@type":"WebPage","@id":"\/blogue\/livres-photo-un-vaste-choix-de-designs","url":"https:\/\/www.smartphoto.ch\/blogue\/livres-photo-un-vaste-choix-de-designs","name":"Livres photo: un vaste choix de designs - Ton monde de cadeaux","isPartOf":{"@id":"https:\/\/www.smartphoto.ch\/blogue\/#website"},"primaryImageOfPage":{"@id":"https:\/\/www.smartphoto.ch\/blogue\/livres-photo-un-vaste-choix-de-designs#primaryimage"},"image":{"@id":"https:\/\/www.smartphoto.ch\/blogue\/livres-photo-un-vaste-choix-de-designs#primaryimage"},"thumbnailUrl":"https:\/\/storage.googleapis.com\/smartphoto-express-production-wp-blogs-com\/17\/2019\/01\/fotobuch-design-ferien-titelbild.jpg","datePublished":"2019-02-04T13:34:35+00:00","dateModified":"2019-02-04T13:34:35+00:00","author":{"@id":"https:\/\/www.smartphoto.ch\/blogue\/#\/schema\/person\/3628597c05f38a13da860d926db19a4d"},"description":"Tu veux cr\u00e9er un livre photo mais tu ne sais pas exactement quel design choisir? Tu trouveras ici quelques trucs et astuces pour te faciliter la t\u00e2che!","breadcrumb":{"@id":"https:\/\/www.smartphoto.ch\/blogue\/livres-photo-un-vaste-choix-de-designs#breadcrumb"},"inLanguage":"fr-FR","potentialAction":[{"@type":"ReadAction","target":["https:\/\/www.smartphoto.ch\/blogue\/livres-photo-un-vaste-choix-de-designs"]}]},{"@type":"ImageObject","inLanguage":"fr-FR","@id":"https:\/\/www.smartphoto.ch\/blogue\/livres-photo-un-vaste-choix-de-designs#primaryimage","url":"https:\/\/storage.googleapis.com\/smartphoto-express-production-wp-blogs-com\/17\/2019\/01\/fotobuch-design-ferien-titelbild.jpg","contentUrl":"https:\/\/storage.googleapis.com\/smartphoto-express-production-wp-blogs-com\/17\/2019\/01\/fotobuch-design-ferien-titelbild.jpg","width":720,"height":480},{"@type":"BreadcrumbList","@id":"https:\/\/www.smartphoto.ch\/blogue\/livres-photo-un-vaste-choix-de-designs#breadcrumb","itemListElement":[{"@type":"ListItem","position":1,"name":"Home","item":"\/blogue\/"},{"@type":"ListItem","position":2,"name":"Livres photo: un vaste choix de designs"}]},{"@type":"WebSite","@id":"https:\/\/www.smartphoto.ch\/blogue\/#website","url":"https:\/\/www.smartphoto.ch\/blogue\/","name":"Ton monde de cadeaux","description":"Ton monde de cadeaux","potentialAction":[{"@type":"SearchAction","target":{"@type":"EntryPoint","urlTemplate":"https:\/\/www.smartphoto.ch\/blogue\/?s={search_term_string}"},"query-input":{"@type":"PropertyValueSpecification","valueRequired":true,"valueName":"search_term_string"}}],"inLanguage":"fr-FR"},{"@type":"Person","@id":"https:\/\/www.smartphoto.ch\/blogue\/#\/schema\/person\/3628597c05f38a13da860d926db19a4d","name":"Marie","image":{"@type":"ImageObject","inLanguage":"fr-FR","@id":"https:\/\/www.smartphoto.ch\/blogue\/#\/schema\/person\/image\/","url":"https:\/\/secure.gravatar.com\/avatar\/808adf273494c4707391b67c498b5617?s=96&d=mm&r=g","contentUrl":"https:\/\/secure.gravatar.com\/avatar\/808adf273494c4707391b67c498b5617?s=96&d=mm&r=g","caption":"Marie"},"url":"https:\/\/www.smartphoto.ch\/blogue\/author\/dennis"}]}},"_links":{"self":[{"href":"https:\/\/www.smartphoto.ch\/blogue\/wp-json\/wp\/v2\/posts\/2942","targetHints":{"allow":["GET"]}}],"collection":[{"href":"https:\/\/www.smartphoto.ch\/blogue\/wp-json\/wp\/v2\/posts"}],"about":[{"href":"https:\/\/www.smartphoto.ch\/blogue\/wp-json\/wp\/v2\/types\/post"}],"author":[{"embeddable":true,"href":"https:\/\/www.smartphoto.ch\/blogue\/wp-json\/wp\/v2\/users\/14"}],"replies":[{"embeddable":true,"href":"https:\/\/www.smartphoto.ch\/blogue\/wp-json\/wp\/v2\/comments?post=2942"}],"version-history":[{"count":13,"href":"https:\/\/www.smartphoto.ch\/blogue\/wp-json\/wp\/v2\/posts\/2942\/revisions"}],"predecessor-version":[{"id":2984,"href":"https:\/\/www.smartphoto.ch\/blogue\/wp-json\/wp\/v2\/posts\/2942\/revisions\/2984"}],"wp:featuredmedia":[{"embeddable":true,"href":"https:\/\/www.smartphoto.ch\/blogue\/wp-json\/wp\/v2\/media\/2972"}],"wp:attachment":[{"href":"https:\/\/www.smartphoto.ch\/blogue\/wp-json\/wp\/v2\/media?parent=2942"}],"wp:term":[{"taxonomy":"category","embeddable":true,"href":"https:\/\/www.smartphoto.ch\/blogue\/wp-json\/wp\/v2\/categories?post=2942"},{"taxonomy":"post_tag","embeddable":true,"href":"https:\/\/www.smartphoto.ch\/blogue\/wp-json\/wp\/v2\/tags?post=2942"}],"curies":[{"name":"wp","href":"https:\/\/api.w.org\/{rel}","templated":true}]}}