{"id":4506,"date":"2025-10-10T10:04:35","date_gmt":"2025-10-10T08:04:35","guid":{"rendered":"\/blogue\/?p=4506"},"modified":"2025-10-14T11:32:34","modified_gmt":"2025-10-14T09:32:34","slug":"pourquoi-faut-il-changer-lheure","status":"publish","type":"post","link":"https:\/\/www.smartphoto.ch\/blogue\/pourquoi-faut-il-changer-lheure","title":{"rendered":"Pourquoi jouer avec le temps?"},"content":{"rendered":"<div id=\"bsf_rt_marker\"><\/div>\n<p>Non, pour une fois ce n\u2019est pas la panth\u00e8re rose qui a jou\u00e9 avec le temps. Mais, si ce n\u2019est pas la panth\u00e8re rose, qui est-ce? Nous avons la r\u00e9ponse! Retrouvez toutes les explications \u00e0 ce sujet et quelques astuces qui te faciliteront tr\u00e8s certainement le passage \u00e0 l\u2019heure d\u2019hiver dans cet article.<\/p>\n\n\n\n<figure class=\"wp-block-image size-large\"><img loading=\"lazy\" decoding=\"async\" width=\"1024\" height=\"683\" src=\"https:\/\/storage.googleapis.com\/smartphoto-express-production-wp-blogs-com\/17\/2022\/10\/iStock-1069776618-1024x683.jpg\" alt=\"\" class=\"wp-image-4507\" srcset=\"https:\/\/storage.googleapis.com\/smartphoto-express-production-wp-blogs-com\/17\/2022\/10\/iStock-1069776618-1024x683.jpg 1024w, https:\/\/storage.googleapis.com\/smartphoto-express-production-wp-blogs-com\/17\/2022\/10\/iStock-1069776618-300x200.jpg 300w, https:\/\/storage.googleapis.com\/smartphoto-express-production-wp-blogs-com\/17\/2022\/10\/iStock-1069776618-768x513.jpg 768w, https:\/\/storage.googleapis.com\/smartphoto-express-production-wp-blogs-com\/17\/2022\/10\/iStock-1069776618.jpg 1254w\" sizes=\"auto, (max-width: 1024px) 100vw, 1024px\" \/><figcaption class=\"wp-element-caption\">Le passage \u00e0 l\u2019heure d\u2019hiver se fait le dernier weekend d\u2019octobre<\/figcaption><\/figure>\n\n\n\n<h2 class=\"wp-block-heading\"><strong>Quand faut-il changer l\u2019heure?<\/strong><\/h2>\n\n\n\n<p>Tous les ans, nous reculons nos montres d\u2019une heure le dernier weekend d\u2019octobre. Cela se d\u00e9roule \u00e0 trois heures du matin, et gr\u00e2ce \u00e0 ce changement d\u2019heure, nous profitons d\u2019une heure de sommeil r\u00e9parateur suppl\u00e9mentaire.&nbsp;<\/p>\n\n\n\n<p>Nous faisons l\u2019inverse le dernier weekend de mars en avan\u00e7ant les aiguilles de nos montres d\u2019une heure. Tu as suivi? Non? Pas grave, nous te donnons une petite astuce mn\u00e9motechnique pour mieux te rappeler du raisonnement:&nbsp;<\/p>\n\n\n\n<p>\u201cEn avril, on avance, et en octobre on recule\u201d<\/p>\n\n\n\n<p>Les mots \u201c<strong>\u00e9t\u00e9<\/strong>\u201d et \u201c<strong>avance<\/strong>\u201d commencent par une voyelle comme le verbe \u201c<strong>avancer<\/strong>\u201d.&nbsp;<\/p>\n\n\n\n<p>Les mots \u201c<strong>hiver<\/strong>\u201d et \u201c<strong>recule<\/strong>\u201d commencent par une consonne comme le verbe \u201c<strong>reculer<\/strong>\u201d.<\/p>\n\n\n\n<figure class=\"wp-block-image size-full\"><img loading=\"lazy\" decoding=\"async\" width=\"780\" height=\"537\" src=\"https:\/\/storage.googleapis.com\/smartphoto-express-production-wp-blogs-com\/17\/2022\/10\/carrousel7.jpg\" alt=\"\" class=\"wp-image-4508\" srcset=\"https:\/\/storage.googleapis.com\/smartphoto-express-production-wp-blogs-com\/17\/2022\/10\/carrousel7.jpg 780w, https:\/\/storage.googleapis.com\/smartphoto-express-production-wp-blogs-com\/17\/2022\/10\/carrousel7-300x207.jpg 300w, https:\/\/storage.googleapis.com\/smartphoto-express-production-wp-blogs-com\/17\/2022\/10\/carrousel7-768x529.jpg 768w\" sizes=\"auto, (max-width: 780px) 100vw, 780px\" \/><figcaption class=\"wp-element-caption\">Diff\u00e9rents fuseaux horaires &#8211; diff\u00e9rentes heures<br><\/figcaption><\/figure>\n\n\n\n<h2 class=\"wp-block-heading\"><strong>Pourquoi changer l&rsquo;heure? <\/strong><\/h2>\n\n\n\n<p>Pour r\u00e9pondre \u00e0 cette question, il convient de se r\u00e9f\u00e9rer \u00e0 l&rsquo;expression anglaise \u00ab\u00a0Daylight Saving Time\u00a0\u00bb, qui litt\u00e9ralement traduite, signifie \u201c\u00e9conomie de la lumi\u00e8re du jour\u201d. En \u00e9t\u00e9, sans changement d\u2019horaire, il ferait jour beaucoup trop t\u00f4t et personne n\u2019en profiterait. Il en serait de m\u00eame le soir, o\u00f9 la nuit tomberait beaucoup trop t\u00f4t. Lors du choc p\u00e9trolier dans les ann\u00e9es 70, <strong>l\u2019\u00e9conomie d\u2019\u00e9nergie<\/strong> au sein des foyers f\u00fbt mise en avant afin d\u2019argumenter le changement d\u2019horaire.<\/p>\n\n\n\n<figure class=\"wp-block-image size-large\"><img loading=\"lazy\" decoding=\"async\" width=\"1024\" height=\"678\" src=\"https:\/\/storage.googleapis.com\/smartphoto-express-production-wp-blogs-com\/17\/2022\/10\/iStock-471767795-1024x678.jpg\" alt=\"\" class=\"wp-image-4509\" srcset=\"https:\/\/storage.googleapis.com\/smartphoto-express-production-wp-blogs-com\/17\/2022\/10\/iStock-471767795-1024x678.jpg 1024w, https:\/\/storage.googleapis.com\/smartphoto-express-production-wp-blogs-com\/17\/2022\/10\/iStock-471767795-300x199.jpg 300w, https:\/\/storage.googleapis.com\/smartphoto-express-production-wp-blogs-com\/17\/2022\/10\/iStock-471767795-768x509.jpg 768w, https:\/\/storage.googleapis.com\/smartphoto-express-production-wp-blogs-com\/17\/2022\/10\/iStock-471767795.jpg 1258w\" sizes=\"auto, (max-width: 1024px) 100vw, 1024px\" \/><figcaption class=\"wp-element-caption\">http:\/\/i1306.photobucket.com\/albums\/s573\/gldburger\/isolated_banner_clocks_zpsb5d0fa5a.jpg<\/figcaption><\/figure>\n\n\n\n<h2 class=\"wp-block-heading\"><strong>Pourquoi notre corps peine-t-il \u00e0 s\u2019adapter au changement?&nbsp;<\/strong><\/h2>\n\n\n\n<p>Il n\u2019est pas rare de voir le corps humain \u00e9prouver quelques difficult\u00e9s \u00e0 s\u2019adapter au changement d\u2019heure. Les sympt\u00f4mes ressentis peuvent s\u2019apparenter \u00e0 un <strong>jetlag<\/strong>, provoqu\u00e9 par le d\u00e9r\u00e8glement de l\u2019horloge interne du corps, le <a href=\"https:\/\/www.biron.com\/fr\/centre-du-savoir\/parole-de-specialiste\/rythme-circadien\/\">rythme circadien<\/a>. Notre organisme est tr\u00e8s organis\u00e9, il a ses habitudes et r\u00e8gles qui participent \u00e0 la bonne gestion de fonctions vitales. Lorsque nous lui faisons subir des changements, le corps doit se synchroniser afin de s\u2019habituer aux nouveaux param\u00e8tres. Ce n\u2019est donc pas rare de voir certaines personnes boulevers\u00e9es et fatigu\u00e9es apr\u00e8s un changement d\u2019horaire.&nbsp;<\/p>\n\n\n\n<h2 class=\"wp-block-heading\"><strong>Nos astuces pour un passage \u00e0 l\u2019heure d\u2019hiver en toute s\u00e9r\u00e9nit\u00e9&nbsp;<\/strong><\/h2>\n\n\n\n<p>En premier lieu, il est important de rester \u00e9veill\u00e9 la journ\u00e9e et de se forcer \u00e0 adapter ce nouveau rythme, m\u00eame si la fatigue se fait ressentir! Et surtout, on r\u00e9siste \u00e0 l\u2019envie de faire une sieste! Pour une meilleure transition, tu peux \u00e9galement suivre les conseils suivants:&nbsp;<\/p>\n\n\n\n<ul class=\"wp-block-list\">\n<li>En <strong>\u00e9t\u00e9<\/strong>, quelques jours avant le changement d\u2019heure, habitue-toi \u00e0 te coucher et \u00e0 te lever plus t\u00f4t. Pour cela, tu peux te coucher progressivement 15, 30 \u00e0 45 minutes plus t\u00f4t, de sorte \u00e0 pr\u00e9parer ton organisme. N\u2019oublie pas de noter le changement d\u2019heure dans ton agenda, ton <a href=\"https:\/\/www.smartphoto.ch\/fr\/calendrier-photo\">calendrier mural<\/a> ou sur un <a href=\"https:\/\/www.smartphoto.ch\/fr\/cadeaux-photo\/bloc-notes-photo\">post-it<\/a>.\u00a0<\/li>\n<\/ul>\n\n\n\n<ul class=\"wp-block-list\"><li>Une pr\u00e9paration naturelle \u00e0 base de plantes (phytoth\u00e9rapie ou hom\u00e9opathie) peut soutenir ton syst\u00e8me nerveux v\u00e9g\u00e9tatif. Une bonne <a href=\"https:\/\/www.smartphoto.ch\/fr\/search?searchTerm=th%C3%A9\">tasse de th\u00e9<\/a> peut \u00e9galement avoir un effet relaxant avec les <strong>herbes m\u00e9dicinales<\/strong> suivantes:&nbsp;<ul><li>Lavande<\/li><\/ul><ul><li>Val\u00e9riane<\/li><li>tilleul<\/li><li>Menthe poivr\u00e9e<\/li><li>Camomille<\/li><li>M\u00e9lisse<\/li><li>Millepertuis<\/li><\/ul><\/li><\/ul>\n\n\n\n<p>Pour stocker tes sachets de th\u00e9, tu peux opter pour une bo\u00eete \u00e0 th\u00e9 personnalisable.<\/p>\n\n\n\n<figure class=\"wp-block-image size-full\"><img loading=\"lazy\" decoding=\"async\" width=\"780\" height=\"537\" src=\"https:\/\/storage.googleapis.com\/smartphoto-express-production-wp-blogs-com\/17\/2022\/10\/carrousel_2.jpg\" alt=\"\" class=\"wp-image-4510\" srcset=\"https:\/\/storage.googleapis.com\/smartphoto-express-production-wp-blogs-com\/17\/2022\/10\/carrousel_2.jpg 780w, https:\/\/storage.googleapis.com\/smartphoto-express-production-wp-blogs-com\/17\/2022\/10\/carrousel_2-300x207.jpg 300w, https:\/\/storage.googleapis.com\/smartphoto-express-production-wp-blogs-com\/17\/2022\/10\/carrousel_2-768x529.jpg 768w\" sizes=\"auto, (max-width: 780px) 100vw, 780px\" \/><figcaption class=\"wp-element-caption\">Un effet relaxant: une d\u00e9licieuse infusion<\/figcaption><\/figure>\n\n\n\n<ul class=\"wp-block-list\"><li>En cas de fatigue, une <strong>promenade<\/strong> \u00e0 l\u2019air libre peut faire des miracles. La lumi\u00e8re du jour favorise la production de s\u00e9rotonine et la s\u00e9cr\u00e9tion de m\u00e9latonine. La m\u00e9latonine contribue \u00e0 un bon sommeil, c\u2019est pourquoi la lumi\u00e8re du jour est n\u00e9cessaire pour la r\u00e9gulation de ces deux hormones et permet de rester \u00e9veill\u00e9. Il faut \u00e9galement \u00e9viter les \u00e9crans le soir, car ces derniers sont consid\u00e9r\u00e9s comme une source de lumi\u00e8re par ces hormones.&nbsp;<\/li><\/ul>\n\n\n\n<ul class=\"wp-block-list\">\n<li><strong>Rester calme et prendre du temps pour soi<\/strong>. Il faut savoir se chouchouter, alors ne charge pas ton agenda les jours pr\u00e9c\u00e9dant le changement d\u2019horaire et profite d\u2019un instant au calme dans ton bain. Les parfums aromatiques et les bougies cr\u00e9ent une atmosph\u00e8re particuli\u00e8rement agr\u00e9able et reposante.\u00a0Ou blottis-toi avec ta <a href=\"https:\/\/www.smartphoto.ch\/fr\/cadeaux-photo\/plaid-polaire\">couverture<\/a> pr\u00e9f\u00e9r\u00e9e sur le canap\u00e9 pour lire un <a href=\"https:\/\/www.smartphoto.ch\/fr\/des-designs-pour-vous\/designs-bouquineurs?theme=theme.booklovers\">livre<\/a>.<\/li>\n<\/ul>\n\n\n\n<figure class=\"wp-block-image size-large\"><a href=\"https:\/\/www.smartphoto.ch\/fr\/cadeaux-photo\/plaid-polaire\"><img loading=\"lazy\" decoding=\"async\" width=\"1024\" height=\"681\" src=\"https:\/\/storage.googleapis.com\/smartphoto-express-production-wp-blogs-com\/17\/2025\/10\/Blanket_Shoot_Lifestyle9-min-2-1024x681.jpg\" alt=\"\" class=\"wp-image-5266\" srcset=\"https:\/\/storage.googleapis.com\/smartphoto-express-production-wp-blogs-com\/17\/2025\/10\/Blanket_Shoot_Lifestyle9-min-2-1024x681.jpg 1024w, https:\/\/storage.googleapis.com\/smartphoto-express-production-wp-blogs-com\/17\/2025\/10\/Blanket_Shoot_Lifestyle9-min-2-300x200.jpg 300w, https:\/\/storage.googleapis.com\/smartphoto-express-production-wp-blogs-com\/17\/2025\/10\/Blanket_Shoot_Lifestyle9-min-2-768x511.jpg 768w, https:\/\/storage.googleapis.com\/smartphoto-express-production-wp-blogs-com\/17\/2025\/10\/Blanket_Shoot_Lifestyle9-min-2-1536x1022.jpg 1536w, https:\/\/storage.googleapis.com\/smartphoto-express-production-wp-blogs-com\/17\/2025\/10\/Blanket_Shoot_Lifestyle9-min-2-2048x1362.jpg 2048w\" sizes=\"auto, (max-width: 1024px) 100vw, 1024px\" \/><\/a><figcaption class=\"wp-element-caption\">Simplement confortablement enroul\u00e9 dans une <a href=\"https:\/\/www.smartphoto.ch\/fr\/cadeaux-photo\/plaid-polaire\">couverture<\/a>, d\u00e9tends-toi sur le canap\u00e9.<\/figcaption><\/figure>\n\n\n\n<ul class=\"wp-block-list\">\n<li> Pratiquer le <a href=\"https:\/\/www.smartphoto.ch\/blogue\/gym-yoga-votre-chemin-vers-la-sante-et-le-bien-etre-avec-des-gadgets-personnalises\">yoga<\/a>, la m\u00e9ditation ou colorier des mandalas peut \u00e9galement avoir des vertus <strong>d\u00e9stressantes et relaxantes.<\/strong><\/li>\n<\/ul>\n\n\n\n<ul class=\"wp-block-list\"><li>Fais-toi plaisir avec une belle <strong><a href=\"\/\/www.smartphoto.ch\/fr\/cadeaux-photo\/horloge-photo\">horloge personnalis\u00e9e<\/a> <\/strong>\u00e0 accrocher chez toi.<\/li><\/ul>\n\n\n\n<figure class=\"wp-block-image size-full\"><img loading=\"lazy\" decoding=\"async\" width=\"780\" height=\"537\" src=\"https:\/\/storage.googleapis.com\/smartphoto-express-production-wp-blogs-com\/17\/2022\/10\/carrousel1.jpg\" alt=\"\" class=\"wp-image-4511\" srcset=\"https:\/\/storage.googleapis.com\/smartphoto-express-production-wp-blogs-com\/17\/2022\/10\/carrousel1.jpg 780w, https:\/\/storage.googleapis.com\/smartphoto-express-production-wp-blogs-com\/17\/2022\/10\/carrousel1-300x207.jpg 300w, https:\/\/storage.googleapis.com\/smartphoto-express-production-wp-blogs-com\/17\/2022\/10\/carrousel1-768x529.jpg 768w\" sizes=\"auto, (max-width: 780px) 100vw, 780px\" \/><figcaption class=\"wp-element-caption\">Une belle montre \u00e0 accrocher chez soi<\/figcaption><\/figure>\n","protected":false},"excerpt":{"rendered":"<p>Non, pour une fois ce n\u2019est pas la panth\u00e8re rose qui a jou\u00e9 avec le temps. Mais, si ce n\u2019est pas la panth\u00e8re rose, qui est-ce? Nous avons la r\u00e9ponse! Retrouvez toutes les explications \u00e0 ce sujet et quelques astuces qui te faciliteront tr\u00e8s certainement le passage \u00e0 l\u2019heure d\u2019hiver dans cet article. Quand faut-il changer l\u2019heure? Tous les ans, nous reculons nos montres d\u2019une heure le dernier weekend d\u2019octobre. Cela se d\u00e9roule \u00e0 trois heures du matin, et gr\u00e2ce \u00e0 ce changement d\u2019heure, nous profitons d\u2019une heure de sommeil r\u00e9parateur suppl\u00e9mentaire.&nbsp; Nous faisons l\u2019inverse le dernier weekend de mars<\/p>\n","protected":false},"author":72,"featured_media":4507,"comment_status":"closed","ping_status":"open","sticky":false,"template":"","format":"standard","meta":{"om_disable_all_campaigns":false,"_monsterinsights_skip_tracking":false,"_monsterinsights_sitenote_active":false,"_monsterinsights_sitenote_note":"","_monsterinsights_sitenote_category":0,"footnotes":""},"categories":[274],"tags":[21],"class_list":["post-4506","post","type-post","status-publish","format-standard","has-post-thumbnail","hentry","category-trucs-et-astuces","tag-smartphoto"],"yoast_head":"<!-- This site is optimized with the Yoast SEO plugin v23.8 - https:\/\/yoast.com\/wordpress\/plugins\/seo\/ -->\n<title>Pourquoi faut-il changer l&#039;heure? Astuces et explications - smartphoto<\/title>\n<meta name=\"description\" content=\"Pourquoi faut-il changer l\u2019heure en \u00e9t\u00e9 et en hiver? Comment prot\u00e9ger son organisme face aux diff\u00e9rents changements que cela implique?\" \/>\n<meta name=\"robots\" content=\"index, follow, max-snippet:-1, max-image-preview:large, max-video-preview:-1\" \/>\n<link rel=\"canonical\" href=\"https:\/\/www.smartphoto.ch\/blogue\/pourquoi-faut-il-changer-lheure\" \/>\n<meta property=\"og:locale\" content=\"fr_FR\" \/>\n<meta property=\"og:type\" content=\"article\" \/>\n<meta property=\"og:title\" content=\"Pourquoi faut-il changer l&#039;heure? Astuces et explications - smartphoto\" \/>\n<meta property=\"og:description\" content=\"Pourquoi faut-il changer l\u2019heure en \u00e9t\u00e9 et en hiver? Comment prot\u00e9ger son organisme face aux diff\u00e9rents changements que cela implique?\" \/>\n<meta property=\"og:url\" content=\"https:\/\/www.smartphoto.ch\/blogue\/pourquoi-faut-il-changer-lheure\" \/>\n<meta property=\"og:site_name\" content=\"Ton monde de cadeaux\" \/>\n<meta property=\"article:published_time\" content=\"2025-10-10T08:04:35+00:00\" \/>\n<meta property=\"article:modified_time\" content=\"2025-10-14T09:32:34+00:00\" \/>\n<meta property=\"og:image\" content=\"https:\/\/storage.googleapis.com\/smartphoto-express-production-wp-blogs-com\/17\/2022\/10\/iStock-1069776618.jpg\" \/>\n\t<meta property=\"og:image:width\" content=\"1254\" \/>\n\t<meta property=\"og:image:height\" content=\"837\" \/>\n\t<meta property=\"og:image:type\" content=\"image\/jpeg\" \/>\n<meta name=\"author\" content=\"vanessa\" \/>\n<meta name=\"twitter:card\" content=\"summary_large_image\" \/>\n<meta name=\"twitter:label1\" content=\"Written by\" \/>\n\t<meta name=\"twitter:data1\" content=\"vanessa\" \/>\n\t<meta name=\"twitter:label2\" content=\"Est. reading time\" \/>\n\t<meta name=\"twitter:data2\" content=\"6 minutes\" \/>\n<script type=\"application\/ld+json\" class=\"yoast-schema-graph\">{\"@context\":\"https:\/\/schema.org\",\"@graph\":[{\"@type\":\"WebPage\",\"@id\":\"https:\/\/www.smartphoto.ch\/blogue\/pourquoi-faut-il-changer-lheure\",\"url\":\"https:\/\/www.smartphoto.ch\/blogue\/pourquoi-faut-il-changer-lheure\",\"name\":\"Pourquoi faut-il changer l'heure? Astuces et explications - smartphoto\",\"isPartOf\":{\"@id\":\"https:\/\/www.smartphoto.ch\/blogue\/#website\"},\"primaryImageOfPage\":{\"@id\":\"https:\/\/www.smartphoto.ch\/blogue\/pourquoi-faut-il-changer-lheure#primaryimage\"},\"image\":{\"@id\":\"https:\/\/www.smartphoto.ch\/blogue\/pourquoi-faut-il-changer-lheure#primaryimage\"},\"thumbnailUrl\":\"https:\/\/storage.googleapis.com\/smartphoto-express-production-wp-blogs-com\/17\/2022\/10\/iStock-1069776618.jpg\",\"datePublished\":\"2025-10-10T08:04:35+00:00\",\"dateModified\":\"2025-10-14T09:32:34+00:00\",\"author\":{\"@id\":\"https:\/\/www.smartphoto.ch\/blogue\/#\/schema\/person\/cecd065cbfb0f252b438519dd6c6141b\"},\"description\":\"Pourquoi faut-il changer l\u2019heure en \u00e9t\u00e9 et en hiver? Comment prot\u00e9ger son organisme face aux diff\u00e9rents changements que cela implique?\",\"breadcrumb\":{\"@id\":\"https:\/\/www.smartphoto.ch\/blogue\/pourquoi-faut-il-changer-lheure#breadcrumb\"},\"inLanguage\":\"fr-FR\",\"potentialAction\":[{\"@type\":\"ReadAction\",\"target\":[\"https:\/\/www.smartphoto.ch\/blogue\/pourquoi-faut-il-changer-lheure\"]}]},{\"@type\":\"ImageObject\",\"inLanguage\":\"fr-FR\",\"@id\":\"https:\/\/www.smartphoto.ch\/blogue\/pourquoi-faut-il-changer-lheure#primaryimage\",\"url\":\"https:\/\/storage.googleapis.com\/smartphoto-express-production-wp-blogs-com\/17\/2022\/10\/iStock-1069776618.jpg\",\"contentUrl\":\"https:\/\/storage.googleapis.com\/smartphoto-express-production-wp-blogs-com\/17\/2022\/10\/iStock-1069776618.jpg\",\"width\":1254,\"height\":837,\"caption\":\"Autumn season time, retro vintage alarm clock in dry fall leaves - daylight saving time concept\"},{\"@type\":\"BreadcrumbList\",\"@id\":\"https:\/\/www.smartphoto.ch\/blogue\/pourquoi-faut-il-changer-lheure#breadcrumb\",\"itemListElement\":[{\"@type\":\"ListItem\",\"position\":1,\"name\":\"Home\",\"item\":\"\/blogue\/\"},{\"@type\":\"ListItem\",\"position\":2,\"name\":\"Pourquoi jouer avec le temps?\"}]},{\"@type\":\"WebSite\",\"@id\":\"https:\/\/www.smartphoto.ch\/blogue\/#website\",\"url\":\"https:\/\/www.smartphoto.ch\/blogue\/\",\"name\":\"Ton monde de cadeaux\",\"description\":\"Ton monde de cadeaux\",\"potentialAction\":[{\"@type\":\"SearchAction\",\"target\":{\"@type\":\"EntryPoint\",\"urlTemplate\":\"https:\/\/www.smartphoto.ch\/blogue\/?s={search_term_string}\"},\"query-input\":{\"@type\":\"PropertyValueSpecification\",\"valueRequired\":true,\"valueName\":\"search_term_string\"}}],\"inLanguage\":\"fr-FR\"},{\"@type\":\"Person\",\"@id\":\"https:\/\/www.smartphoto.ch\/blogue\/#\/schema\/person\/cecd065cbfb0f252b438519dd6c6141b\",\"name\":\"vanessa\",\"image\":{\"@type\":\"ImageObject\",\"inLanguage\":\"fr-FR\",\"@id\":\"https:\/\/www.smartphoto.ch\/blogue\/#\/schema\/person\/image\/\",\"url\":\"https:\/\/secure.gravatar.com\/avatar\/11d5000a90efa62b8fee406b9533b4d2?s=96&d=mm&r=g\",\"contentUrl\":\"https:\/\/secure.gravatar.com\/avatar\/11d5000a90efa62b8fee406b9533b4d2?s=96&d=mm&r=g\",\"caption\":\"vanessa\"},\"url\":\"https:\/\/www.smartphoto.ch\/blogue\/author\/vanessa\"}]}<\/script>\n<!-- \/ Yoast SEO plugin. -->","yoast_head_json":{"title":"Pourquoi faut-il changer l'heure? Astuces et explications - smartphoto","description":"Pourquoi faut-il changer l\u2019heure en \u00e9t\u00e9 et en hiver? Comment prot\u00e9ger son organisme face aux diff\u00e9rents changements que cela implique?","robots":{"index":"index","follow":"follow","max-snippet":"max-snippet:-1","max-image-preview":"max-image-preview:large","max-video-preview":"max-video-preview:-1"},"canonical":"https:\/\/www.smartphoto.ch\/blogue\/pourquoi-faut-il-changer-lheure","og_locale":"fr_FR","og_type":"article","og_title":"Pourquoi faut-il changer l'heure? Astuces et explications - smartphoto","og_description":"Pourquoi faut-il changer l\u2019heure en \u00e9t\u00e9 et en hiver? Comment prot\u00e9ger son organisme face aux diff\u00e9rents changements que cela implique?","og_url":"https:\/\/www.smartphoto.ch\/blogue\/pourquoi-faut-il-changer-lheure","og_site_name":"Ton monde de cadeaux","article_published_time":"2025-10-10T08:04:35+00:00","article_modified_time":"2025-10-14T09:32:34+00:00","og_image":[{"width":1254,"height":837,"url":"https:\/\/storage.googleapis.com\/smartphoto-express-production-wp-blogs-com\/17\/2022\/10\/iStock-1069776618.jpg","type":"image\/jpeg"}],"author":"vanessa","twitter_card":"summary_large_image","twitter_misc":{"Written by":"vanessa","Est. reading time":"6 minutes"},"schema":{"@context":"https:\/\/schema.org","@graph":[{"@type":"WebPage","@id":"https:\/\/www.smartphoto.ch\/blogue\/pourquoi-faut-il-changer-lheure","url":"https:\/\/www.smartphoto.ch\/blogue\/pourquoi-faut-il-changer-lheure","name":"Pourquoi faut-il changer l'heure? Astuces et explications - smartphoto","isPartOf":{"@id":"https:\/\/www.smartphoto.ch\/blogue\/#website"},"primaryImageOfPage":{"@id":"https:\/\/www.smartphoto.ch\/blogue\/pourquoi-faut-il-changer-lheure#primaryimage"},"image":{"@id":"https:\/\/www.smartphoto.ch\/blogue\/pourquoi-faut-il-changer-lheure#primaryimage"},"thumbnailUrl":"https:\/\/storage.googleapis.com\/smartphoto-express-production-wp-blogs-com\/17\/2022\/10\/iStock-1069776618.jpg","datePublished":"2025-10-10T08:04:35+00:00","dateModified":"2025-10-14T09:32:34+00:00","author":{"@id":"https:\/\/www.smartphoto.ch\/blogue\/#\/schema\/person\/cecd065cbfb0f252b438519dd6c6141b"},"description":"Pourquoi faut-il changer l\u2019heure en \u00e9t\u00e9 et en hiver? Comment prot\u00e9ger son organisme face aux diff\u00e9rents changements que cela implique?","breadcrumb":{"@id":"https:\/\/www.smartphoto.ch\/blogue\/pourquoi-faut-il-changer-lheure#breadcrumb"},"inLanguage":"fr-FR","potentialAction":[{"@type":"ReadAction","target":["https:\/\/www.smartphoto.ch\/blogue\/pourquoi-faut-il-changer-lheure"]}]},{"@type":"ImageObject","inLanguage":"fr-FR","@id":"https:\/\/www.smartphoto.ch\/blogue\/pourquoi-faut-il-changer-lheure#primaryimage","url":"https:\/\/storage.googleapis.com\/smartphoto-express-production-wp-blogs-com\/17\/2022\/10\/iStock-1069776618.jpg","contentUrl":"https:\/\/storage.googleapis.com\/smartphoto-express-production-wp-blogs-com\/17\/2022\/10\/iStock-1069776618.jpg","width":1254,"height":837,"caption":"Autumn season time, retro vintage alarm clock in dry fall leaves - daylight saving time concept"},{"@type":"BreadcrumbList","@id":"https:\/\/www.smartphoto.ch\/blogue\/pourquoi-faut-il-changer-lheure#breadcrumb","itemListElement":[{"@type":"ListItem","position":1,"name":"Home","item":"\/blogue\/"},{"@type":"ListItem","position":2,"name":"Pourquoi jouer avec le temps?"}]},{"@type":"WebSite","@id":"https:\/\/www.smartphoto.ch\/blogue\/#website","url":"https:\/\/www.smartphoto.ch\/blogue\/","name":"Ton monde de cadeaux","description":"Ton monde de cadeaux","potentialAction":[{"@type":"SearchAction","target":{"@type":"EntryPoint","urlTemplate":"https:\/\/www.smartphoto.ch\/blogue\/?s={search_term_string}"},"query-input":{"@type":"PropertyValueSpecification","valueRequired":true,"valueName":"search_term_string"}}],"inLanguage":"fr-FR"},{"@type":"Person","@id":"https:\/\/www.smartphoto.ch\/blogue\/#\/schema\/person\/cecd065cbfb0f252b438519dd6c6141b","name":"vanessa","image":{"@type":"ImageObject","inLanguage":"fr-FR","@id":"https:\/\/www.smartphoto.ch\/blogue\/#\/schema\/person\/image\/","url":"https:\/\/secure.gravatar.com\/avatar\/11d5000a90efa62b8fee406b9533b4d2?s=96&d=mm&r=g","contentUrl":"https:\/\/secure.gravatar.com\/avatar\/11d5000a90efa62b8fee406b9533b4d2?s=96&d=mm&r=g","caption":"vanessa"},"url":"https:\/\/www.smartphoto.ch\/blogue\/author\/vanessa"}]}},"_links":{"self":[{"href":"https:\/\/www.smartphoto.ch\/blogue\/wp-json\/wp\/v2\/posts\/4506","targetHints":{"allow":["GET"]}}],"collection":[{"href":"https:\/\/www.smartphoto.ch\/blogue\/wp-json\/wp\/v2\/posts"}],"about":[{"href":"https:\/\/www.smartphoto.ch\/blogue\/wp-json\/wp\/v2\/types\/post"}],"author":[{"embeddable":true,"href":"https:\/\/www.smartphoto.ch\/blogue\/wp-json\/wp\/v2\/users\/72"}],"replies":[{"embeddable":true,"href":"https:\/\/www.smartphoto.ch\/blogue\/wp-json\/wp\/v2\/comments?post=4506"}],"version-history":[{"count":7,"href":"https:\/\/www.smartphoto.ch\/blogue\/wp-json\/wp\/v2\/posts\/4506\/revisions"}],"predecessor-version":[{"id":5268,"href":"https:\/\/www.smartphoto.ch\/blogue\/wp-json\/wp\/v2\/posts\/4506\/revisions\/5268"}],"wp:featuredmedia":[{"embeddable":true,"href":"https:\/\/www.smartphoto.ch\/blogue\/wp-json\/wp\/v2\/media\/4507"}],"wp:attachment":[{"href":"https:\/\/www.smartphoto.ch\/blogue\/wp-json\/wp\/v2\/media?parent=4506"}],"wp:term":[{"taxonomy":"category","embeddable":true,"href":"https:\/\/www.smartphoto.ch\/blogue\/wp-json\/wp\/v2\/categories?post=4506"},{"taxonomy":"post_tag","embeddable":true,"href":"https:\/\/www.smartphoto.ch\/blogue\/wp-json\/wp\/v2\/tags?post=4506"}],"curies":[{"name":"wp","href":"https:\/\/api.w.org\/{rel}","templated":true}]}}