{"id":4538,"date":"2025-11-05T08:06:13","date_gmt":"2025-11-05T07:06:13","guid":{"rendered":"\/blogue\/?p=4538"},"modified":"2025-11-06T12:14:45","modified_gmt":"2025-11-06T11:14:45","slug":"couronnes-de-lavent-coutumes-traditionnelles","status":"publish","type":"post","link":"https:\/\/www.smartphoto.ch\/blogue\/couronnes-de-lavent-coutumes-traditionnelles","title":{"rendered":"Couronnes de l&rsquo;Avent &amp; coutumes traditionnelles"},"content":{"rendered":"<div id=\"bsf_rt_marker\"><\/div>\n<p class=\"wp-block-paragraph\">Un bel arrangement de brindilles de sapin d\u00e9cor\u00e9 de 4 bougies imposantes, une tradition bien connue et r\u00e9pandue qui apporte chaleur et lumi\u00e8re \u00e0 nos pi\u00e8ces et nos coeurs. Si tu pr\u00e9f\u00e8res les couronnes plus atypiques, laisse-toi inspirer par nos id\u00e9es DIY et cr\u00e9e ta propre couronne pour \u00e9pater tes amis.<\/p>\n\n\n\n<p class=\"wp-block-paragraph\"><a href=\"#tradition\">Tradition, origine et coutumes<\/a><br><a href=\"#existe\">Depuis quand le calendrier de l&rsquo;avent existe-t-il ?<\/a><br><a href=\"#bricoleurs\">Pour les bricoleurs en herbe: des calendriers DIY Smart et astucieux<\/a><br><a href=\"#cul\">Cul sec les amies &#8211; un arrangement recyclable avec verre \u00e0 vin chaud et brindilles d\u2019eucalyptus Couronne de l\u2019Avent en bois<\/a><\/p>\n\n\n\n<figure class=\"wp-block-image size-large is-resized\"><img loading=\"lazy\" decoding=\"async\" src=\"https:\/\/storage.googleapis.com\/smartphoto-express-production-wp-blogs-com\/17\/2022\/11\/iStock-1264121998-1024x683.jpg\" alt=\"\" class=\"wp-image-4540\" width=\"840\" height=\"560\" srcset=\"https:\/\/storage.googleapis.com\/smartphoto-express-production-wp-blogs-com\/17\/2022\/11\/iStock-1264121998-1024x683.jpg 1024w, https:\/\/storage.googleapis.com\/smartphoto-express-production-wp-blogs-com\/17\/2022\/11\/iStock-1264121998-300x200.jpg 300w, https:\/\/storage.googleapis.com\/smartphoto-express-production-wp-blogs-com\/17\/2022\/11\/iStock-1264121998-768x512.jpg 768w, https:\/\/storage.googleapis.com\/smartphoto-express-production-wp-blogs-com\/17\/2022\/11\/iStock-1264121998.jpg 1254w\" sizes=\"auto, (max-width: 840px) 100vw, 840px\" \/><figcaption class=\"wp-element-caption\">Une tradition bien ancr\u00e9e: la couronne<\/figcaption><\/figure>\n\n\n\n<h2 class=\"wp-block-heading\" id=\"tradition\">Tradition, origine et coutumes<\/h2>\n\n\n\n<p class=\"wp-block-paragraph\">Le mot \u00ab\u00a0<strong>Avent<\/strong>\u00a0\u00bb trouve son origine dans le latin \u00ab\u00a0adventus\u00a0\u00bb, qui signifie \u00ab\u00a0arriv\u00e9e\u00a0\u00bb. Dans le christianisme, le temps de l&rsquo;Avent sert \u00e0 pr\u00e9parer la venue de J\u00e9sus sur terre, que nous c\u00e9l\u00e9brons le 24 d\u00e9cembre. Au Moyen-\u00c2ge, on annon\u00e7ait la venue du Seigneur par \u00ab\u00a0Adventus Domini\u00a0\u00bb, afin de se pr\u00e9parer \u00e0 la naissance du Sauveur.<\/p>\n\n\n\n<p class=\"wp-block-paragraph\">En 1839, le th\u00e9ologien et p\u00e9dagogue \u00e9vang\u00e9lique Johann Hinrich Wichern voulait illustrer l&rsquo;attente de la naissance de J\u00e9sus pour les enfants d\u00e9munis pour embellir le temps d&rsquo;attente. Pour cela, il prit une roue de chariot en bois avec des bougies et des pommes de pin (chandelier de l&rsquo;Avent) &#8211; quatre bougies blanches pour les dimanches et des bougies rouges, plus petites pour les jours ouvrables. Dans les ann\u00e9es qui suivirent, on d\u00e9corait en plus avec des sapins en signe d&rsquo;espoir et de vie &#8211; les bougies des jours ouvrables furent supprim\u00e9es.&nbsp;<\/p>\n\n\n\n<figure class=\"wp-block-image size-large\"><img loading=\"lazy\" decoding=\"async\" width=\"1024\" height=\"732\" src=\"https:\/\/storage.googleapis.com\/smartphoto-express-production-wp-blogs-com\/17\/2022\/11\/iStock-1440740150-1024x732.jpg\" alt=\"\" class=\"wp-image-4642\" srcset=\"https:\/\/storage.googleapis.com\/smartphoto-express-production-wp-blogs-com\/17\/2022\/11\/iStock-1440740150-1024x732.jpg 1024w, https:\/\/storage.googleapis.com\/smartphoto-express-production-wp-blogs-com\/17\/2022\/11\/iStock-1440740150-300x214.jpg 300w, https:\/\/storage.googleapis.com\/smartphoto-express-production-wp-blogs-com\/17\/2022\/11\/iStock-1440740150-768x549.jpg 768w, https:\/\/storage.googleapis.com\/smartphoto-express-production-wp-blogs-com\/17\/2022\/11\/iStock-1440740150-1536x1097.jpg 1536w, https:\/\/storage.googleapis.com\/smartphoto-express-production-wp-blogs-com\/17\/2022\/11\/iStock-1440740150.jpg 2048w\" sizes=\"auto, (max-width: 1024px) 100vw, 1024px\" \/><figcaption class=\"wp-element-caption\">Que la lumi\u00e8re soit : des tasses comme couronne de l&rsquo;Avent<\/figcaption><\/figure>\n\n\n\n<p class=\"wp-block-paragraph\">La f\u00eate de No\u00ebl a toujours \u00e9t\u00e9 associ\u00e9e \u00e0 la lumi\u00e8re, la lumi\u00e8re divine qui apporte l&rsquo;espoir aux hommes dans les heures les plus sombres. En allumant les bougies de l\u2019Avent, les journ\u00e9es de plus en plus courtes sont c\u00e9l\u00e9br\u00e9es.<\/p>\n\n\n\n<h2 class=\"wp-block-heading\" id=\"existe\"><strong>Depuis quand le calendrier de l&rsquo;avent existe-t-il ?<\/strong><\/h2>\n\n\n\n<p class=\"wp-block-paragraph\">Les<a href=\"https:\/\/www.smartphoto.ch\/fr\/calendrier-photo\/calendrier-avent\"> calendriers de l\u2019Avent <\/a>existent sous diff\u00e9rentes formes et variantes, avec <a href=\"https:\/\/www.smartphoto.ch\/de\/fotokalender-fotoagenden\/adventskalender-mit-schokolade\">ou<\/a> sans chocolat. L&rsquo;origine exacte n&rsquo;est pas tr\u00e8s claire, mais la coutume de compter les jours jusqu&rsquo;au 24 d\u00e9cembre existe depuis le 19e si\u00e8cle. Sur les pr\u00e9c\u00e9dents mod\u00e8les on avait tendance \u00e0 arracher les pages jour apr\u00e8s jour, ou de dessiner des traits de craie sur les murs pour compter les jours restants jusqu\u2019\u00e0 No\u00ebl. C\u2019est au d\u00e9but du 20e si\u00e8cle que l\u2019\u00e9diteur munichois Gerhard Lang lan\u00e7a sur le march\u00e9 le premier calendrier commercial avec 24 images autocollantes. D\u2019ailleurs, m\u00eame si cette tradition est typiquement allemande, elle rencontre un grand succ\u00e8s aux Etats-Unis.<\/p>\n\n\n\n<figure class=\"wp-block-image size-large\"><img loading=\"lazy\" decoding=\"async\" width=\"1024\" height=\"757\" src=\"https:\/\/storage.googleapis.com\/smartphoto-express-production-wp-blogs-com\/17\/2022\/11\/AdventCalenderDIY_Shoot_LifestyleGroup1-min-2-1-1024x757.jpg\" alt=\"\" class=\"wp-image-4542\" srcset=\"https:\/\/storage.googleapis.com\/smartphoto-express-production-wp-blogs-com\/17\/2022\/11\/AdventCalenderDIY_Shoot_LifestyleGroup1-min-2-1-1024x757.jpg 1024w, https:\/\/storage.googleapis.com\/smartphoto-express-production-wp-blogs-com\/17\/2022\/11\/AdventCalenderDIY_Shoot_LifestyleGroup1-min-2-1-300x222.jpg 300w, https:\/\/storage.googleapis.com\/smartphoto-express-production-wp-blogs-com\/17\/2022\/11\/AdventCalenderDIY_Shoot_LifestyleGroup1-min-2-1-768x567.jpg 768w, https:\/\/storage.googleapis.com\/smartphoto-express-production-wp-blogs-com\/17\/2022\/11\/AdventCalenderDIY_Shoot_LifestyleGroup1-min-2-1-1536x1135.jpg 1536w, https:\/\/storage.googleapis.com\/smartphoto-express-production-wp-blogs-com\/17\/2022\/11\/AdventCalenderDIY_Shoot_LifestyleGroup1-min-2-1-2048x1513.jpg 2048w\" sizes=\"auto, (max-width: 1024px) 100vw, 1024px\" \/><figcaption class=\"wp-element-caption\"><a href=\"https:\/\/www.smartphoto.ch\/fr\/calendrier-photo\/calendrier-avent\">Avec ou sans chocolat<\/a><\/figcaption><\/figure>\n\n\n\n<h2 class=\"wp-block-heading\"><strong>Pour les bricoleurs en herbe: des calendriers DIY Smart et astucieux<\/strong><\/h2>\n\n\n\n<p class=\"wp-block-paragraph\">En alternative aux brindilles de sapin avec bougies, nous vous proposons deux exemples cr\u00e9atifs que vous pourrez personnaliser \u00e0 souhait.<\/p>\n\n\n\n<h3 class=\"wp-block-heading\"><strong>Cul sec les amies &#8211; un arrangement recyclable avec verre \u00e0 vin chaud et brindilles d\u2019eucalyptus<\/strong><\/h3>\n\n\n\n<p class=\"wp-block-paragraph\">Vous avez besoin de:<\/p>\n\n\n\n<ul class=\"wp-block-list\">\n<li>4 grandes bougies \/ bougies \u00e0 tige \/ bougies LED<\/li>\n\n\n\n<li>4<a href=\"https:\/\/www.smartphoto.ch\/fr\/cadeaux-photo\/mugs\"> Tasses<\/a><\/li>\n\n\n\n<li>El\u00e9ments de d\u00e9coration (Nous avons utiliser de la mousse (oui, celle qu\u2019on trouve sur les arbres))<\/li>\n\n\n\n<li>Couronne d&rsquo;eucalyptus (Fleurs artificielles)&nbsp;<\/li>\n\n\n\n<li>Boules de No\u00ebl<\/li>\n\n\n\n<li>Mousse florale (mousse verte \u00e0 piquer)<\/li>\n<\/ul>\n\n\n\n<figure class=\"wp-block-image size-large\"><img loading=\"lazy\" decoding=\"async\" width=\"1024\" height=\"768\" src=\"https:\/\/storage.googleapis.com\/smartphoto-express-production-wp-blogs-com\/17\/2022\/11\/DIY1-1024x768.jpg\" alt=\"\" class=\"wp-image-4543\" srcset=\"https:\/\/storage.googleapis.com\/smartphoto-express-production-wp-blogs-com\/17\/2022\/11\/DIY1-1024x768.jpg 1024w, https:\/\/storage.googleapis.com\/smartphoto-express-production-wp-blogs-com\/17\/2022\/11\/DIY1-300x225.jpg 300w, https:\/\/storage.googleapis.com\/smartphoto-express-production-wp-blogs-com\/17\/2022\/11\/DIY1-768x576.jpg 768w, https:\/\/storage.googleapis.com\/smartphoto-express-production-wp-blogs-com\/17\/2022\/11\/DIY1-1536x1152.jpg 1536w, https:\/\/storage.googleapis.com\/smartphoto-express-production-wp-blogs-com\/17\/2022\/11\/DIY1.jpg 2048w\" sizes=\"auto, (max-width: 1024px) 100vw, 1024px\" \/><\/figure>\n\n\n\n<p class=\"wp-block-paragraph\"><strong>Instructions:<\/strong><\/p>\n\n\n\n<p class=\"wp-block-paragraph\">Enfoncer les bougies dans la mousse et compl\u00e9ter l\u2019espace vide dans la <a href=\"https:\/\/www.smartphoto.ch\/fr\/cadeaux-photo\/mugs\">tasse <\/a>avec de la mousse.Poser les tasses sur la couronne d\u2019eucalyptus, laquelle \u00e0 \u00e9t\u00e9 d\u00e9cor\u00e9e au pr\u00e9alable.&nbsp; Important: ne jamais laisser une bougie allum\u00e9e sans surveillance! Pour \u00e9viter toute surprise d\u00e9sagr\u00e9able, vous pouvez \u00e9galement utiliser des bougies LED.&nbsp;<\/p>\n\n\n\n<h3 class=\"wp-block-heading\"><strong>Plateau d\u00e9coratif naturel avec bougies parfum\u00e9es faites maison<\/strong><\/h3>\n\n\n\n<p class=\"wp-block-paragraph\">Ce dont vous avez besoin :<\/p>\n\n\n\n<ul class=\"wp-block-list\">\n<li>Cire bio<\/li>\n\n\n\n<li>b\u00e2tonnets en bois<\/li>\n\n\n\n<li>casserole<\/li>\n\n\n\n<li>pince \u00e0 linge<\/li>\n\n\n\n<li>M\u00e8che<\/li>\n\n\n\n<li>Huile essentielle<\/li>\n\n\n\n<li>Facultatif : colorant alimentaire<\/li>\n\n\n\n<li>4 <a href=\"https:\/\/www.smartphoto.ch\/fr\/cadeaux-photo\/mugs\">tasses<\/a><\/li>\n\n\n\n<li>Objets de d\u00e9coration<\/li>\n\n\n\n<li>Mousse<\/li>\n\n\n\n<li>Branches de sapin<\/li>\n\n\n\n<li>Plateau<\/li>\n<\/ul>\n\n\n\n<p class=\"wp-block-paragraph\">Tout d&rsquo;abord, il faut verser les perles de cire dans les tasses et les faire fondre au bain-marie dans une casserole d&rsquo;eau. Une fois la cire fondue, tu peux y ajouter du colorant pour colorer tes bougies. Laisse refroidir un peu avant de mettre tes huiles essentielles (5 gouttes). Ensuite, prends la m\u00eache et enroule-la autour du b\u00e2ton ou fixe-la avec une pince pour la tremper dans la tasse afin qu&rsquo;elle se solidifie.<\/p>\n\n\n\n<p class=\"wp-block-paragraph\">Tu trouveras pleins d\u2019autres id\u00e9es en faisant quelques recherches sur internet ou sur Pinterest. N\u2019h\u00e9site pas \u00e0 nous envoyer une photo de tes cr\u00e9ations ou de nous mentionner dans tes publications.<\/p>\n\n\n\n<p class=\"wp-block-paragraph\">Il ne reste plus qu&rsquo;\u00e0 d\u00e9corer la couronne de l&rsquo;Avent sur le plateau avec des \u00e9l\u00e9ments de d\u00e9coration, selon l&rsquo;humeur du moment.<\/p>\n\n\n\n<figure class=\"wp-block-image size-full\"><img loading=\"lazy\" decoding=\"async\" width=\"720\" height=\"480\" src=\"https:\/\/storage.googleapis.com\/smartphoto-express-production-wp-blogs-com\/17\/2023\/11\/Blau-Einbeziehen-Grundlagen-Blog-Banner-720-\u00d7-480-px-5.png\" alt=\"\" class=\"wp-image-4645\" srcset=\"https:\/\/storage.googleapis.com\/smartphoto-express-production-wp-blogs-com\/17\/2023\/11\/Blau-Einbeziehen-Grundlagen-Blog-Banner-720-\u00d7-480-px-5.png 720w, https:\/\/storage.googleapis.com\/smartphoto-express-production-wp-blogs-com\/17\/2023\/11\/Blau-Einbeziehen-Grundlagen-Blog-Banner-720-\u00d7-480-px-5-300x200.png 300w\" sizes=\"auto, (max-width: 720px) 100vw, 720px\" \/><figcaption class=\"wp-element-caption\">Arrangement naturel avec des pommes de pin et des bougies parfum\u00e9es faites maison<\/figcaption><\/figure>\n\n\n\n<p class=\"wp-block-paragraph\">Vous trouverez bien s\u00fbr d&rsquo;autres inspirations sur le web ou sur Pinterest. Montrez-nous votre cr\u00e9ation, nous nous ferons un plaisir de la publier sur nos canaux de m\u00e9dias sociaux !<\/p>\n\n\n\n<figure class=\"wp-block-image size-full is-resized\"><a href=\"https:\/\/www.smartphoto.ch\/fr\/whitepaper-xmas\"><img loading=\"lazy\" decoding=\"async\" src=\"https:\/\/storage.googleapis.com\/smartphoto-express-production-wp-blogs-com\/17\/2022\/11\/Halloween-CTA-Blog.png\" alt=\"\" class=\"wp-image-4544\" width=\"839\" height=\"326\" srcset=\"https:\/\/storage.googleapis.com\/smartphoto-express-production-wp-blogs-com\/17\/2022\/11\/Halloween-CTA-Blog.png 720w, https:\/\/storage.googleapis.com\/smartphoto-express-production-wp-blogs-com\/17\/2022\/11\/Halloween-CTA-Blog-300x117.png 300w\" sizes=\"auto, (max-width: 839px) 100vw, 839px\" \/><\/a><\/figure>\n\n\n<nav class=\"is-responsive wp-block-navigation is-layout-flex wp-block-navigation-is-layout-flex\" aria-label=\"bricolage\" \n\t\t data-wp-interactive=\"core\/navigation\" data-wp-context='{\"overlayOpenedBy\":{\"click\":false,\"hover\":false,\"focus\":false},\"type\":\"overlay\",\"roleAttribute\":\"\",\"ariaLabel\":\"Menu\"}'><button aria-haspopup=\"dialog\" aria-label=\"Open menu\" class=\"wp-block-navigation__responsive-container-open\" \n\t\t\t\tdata-wp-on--click=\"actions.openMenuOnClick\"\n\t\t\t\tdata-wp-on--keydown=\"actions.handleMenuKeydown\"\n\t\t\t><svg width=\"24\" height=\"24\" xmlns=\"http:\/\/www.w3.org\/2000\/svg\" viewBox=\"0 0 24 24\" aria-hidden=\"true\" focusable=\"false\"><path d=\"M4 7.5h16v1.5H4z\"><\/path><path d=\"M4 15h16v1.5H4z\"><\/path><\/svg><\/button>\n\t\t\t\t<div class=\"wp-block-navigation__responsive-container\"  id=\"modal-1\" \n\t\t\t\tdata-wp-class--has-modal-open=\"state.isMenuOpen\"\n\t\t\t\tdata-wp-class--is-menu-open=\"state.isMenuOpen\"\n\t\t\t\tdata-wp-watch=\"callbacks.initMenu\"\n\t\t\t\tdata-wp-on--keydown=\"actions.handleMenuKeydown\"\n\t\t\t\tdata-wp-on--focusout=\"actions.handleMenuFocusout\"\n\t\t\t\ttabindex=\"-1\"\n\t\t\t>\n\t\t\t\t\t<div class=\"wp-block-navigation__responsive-close\" tabindex=\"-1\">\n\t\t\t\t\t\t<div class=\"wp-block-navigation__responsive-dialog\" \n\t\t\t\tdata-wp-bind--aria-modal=\"state.ariaModal\"\n\t\t\t\tdata-wp-bind--aria-label=\"state.ariaLabel\"\n\t\t\t\tdata-wp-bind--role=\"state.roleAttribute\"\n\t\t\t>\n\t\t\t\t\t\t\t<button aria-label=\"Close menu\" class=\"wp-block-navigation__responsive-container-close\" \n\t\t\t\tdata-wp-on--click=\"actions.closeMenuOnClick\"\n\t\t\t><svg xmlns=\"http:\/\/www.w3.org\/2000\/svg\" viewBox=\"0 0 24 24\" width=\"24\" height=\"24\" aria-hidden=\"true\" focusable=\"false\"><path d=\"m13.06 12 6.47-6.47-1.06-1.06L12 10.94 5.53 4.47 4.47 5.53 10.94 12l-6.47 6.47 1.06 1.06L12 13.06l6.47 6.47 1.06-1.06L13.06 12Z\"><\/path><\/svg><\/button>\n\t\t\t\t\t\t\t<div class=\"wp-block-navigation__responsive-container-content\" \n\t\t\t\tdata-wp-watch=\"callbacks.focusFirstElement\"\n\t\t\t id=\"modal-1-content\">\n\t\t\t\t\t\t\t\t\n\t\t\t\t\t\t\t\t\n\t\t\t\t\t\t\t<\/div>\n\t\t\t\t\t\t<\/div>\n\t\t\t\t\t<\/div>\n\t\t\t\t<\/div><\/nav>","protected":false},"excerpt":{"rendered":"<p>Un bel arrangement de brindilles de sapin d\u00e9cor\u00e9 de 4 bougies imposantes, une tradition bien connue et r\u00e9pandue qui apporte chaleur et lumi\u00e8re \u00e0 nos pi\u00e8ces et nos coeurs. Si tu pr\u00e9f\u00e8res les couronnes plus atypiques, laisse-toi inspirer par nos id\u00e9es DIY et cr\u00e9e ta propre couronne pour \u00e9pater tes amis.<\/p>\n","protected":false},"author":72,"featured_media":4642,"comment_status":"open","ping_status":"open","sticky":false,"template":"","format":"standard","meta":{"om_disable_all_campaigns":false,"_monsterinsights_skip_tracking":false,"footnotes":"","_members_access_role":[],"_members_access_error":""},"categories":[274],"tags":[91,40,56,628,627,32,629,630,7,21],"class_list":["post-4538","post","type-post","status-publish","format-standard","has-post-thumbnail","hentry","category-trucs-et-astuces","tag-bricoler","tag-cadeaux","tag-cadeaux-photo","tag-cadeux-de-noel","tag-couronne-de-lavent","tag-deco","tag-decoration-de-noel","tag-decoration-interieur","tag-photo","tag-smartphoto"],"yoast_head":"<!-- This site is optimized with the Yoast SEO plugin v28.1 - https:\/\/yoast.com\/product\/yoast-seo-wordpress\/ -->\n<title>Couronnes de l&#039;avent DYI - smartphoto<\/title>\n<meta name=\"description\" content=\"Cette ann\u00e9e je bricole ma propre couronne de l&#039;Avent DYI! smartphoto t&#039;aide \u00e0 trouver l&#039;inspiration pour optimiser ta d\u00e9co de No\u00ebl...\" \/>\n<meta name=\"robots\" content=\"index, follow, max-snippet:-1, max-image-preview:large, max-video-preview:-1\" \/>\n<link rel=\"canonical\" href=\"https:\/\/www.smartphoto.ch\/blogue\/couronnes-de-lavent-coutumes-traditionnelles\" \/>\n<meta property=\"og:locale\" content=\"fr_FR\" \/>\n<meta property=\"og:type\" content=\"article\" \/>\n<meta property=\"og:title\" content=\"Couronnes de l&#039;avent DYI - smartphoto\" \/>\n<meta property=\"og:description\" content=\"Cette ann\u00e9e je bricole ma propre couronne de l&#039;Avent DYI! smartphoto t&#039;aide \u00e0 trouver l&#039;inspiration pour optimiser ta d\u00e9co de No\u00ebl...\" \/>\n<meta property=\"og:url\" content=\"https:\/\/www.smartphoto.ch\/blogue\/couronnes-de-lavent-coutumes-traditionnelles\" \/>\n<meta property=\"og:site_name\" content=\"Ton monde de cadeaux\" \/>\n<meta property=\"article:published_time\" content=\"2025-11-05T07:06:13+00:00\" \/>\n<meta property=\"article:modified_time\" content=\"2025-11-06T11:14:45+00:00\" \/>\n<meta property=\"og:image\" content=\"https:\/\/storage.googleapis.com\/smartphoto-express-production-wp-blogs-com\/17\/2022\/11\/iStock-1440740150.jpg\" \/>\n\t<meta property=\"og:image:width\" content=\"2048\" \/>\n\t<meta property=\"og:image:height\" content=\"1463\" \/>\n\t<meta property=\"og:image:type\" content=\"image\/jpeg\" \/>\n<meta name=\"author\" content=\"vanessa\" \/>\n<meta name=\"twitter:card\" content=\"summary_large_image\" \/>\n<meta name=\"twitter:label1\" content=\"Written by\" \/>\n\t<meta name=\"twitter:data1\" content=\"vanessa\" \/>\n\t<meta name=\"twitter:label2\" content=\"Est. reading time\" \/>\n\t<meta name=\"twitter:data2\" content=\"6 minutes\" \/>\n<script type=\"application\/ld+json\" class=\"yoast-schema-graph\">{\"@context\":\"https:\\\/\\\/schema.org\",\"@graph\":[{\"@type\":\"Article\",\"@id\":\"https:\\\/\\\/www.smartphoto.ch\\\/blogue\\\/couronnes-de-lavent-coutumes-traditionnelles#article\",\"isPartOf\":{\"@id\":\"https:\\\/\\\/www.smartphoto.ch\\\/blogue\\\/couronnes-de-lavent-coutumes-traditionnelles\"},\"author\":{\"name\":\"vanessa\",\"@id\":\"https:\\\/\\\/www.smartphoto.ch\\\/blogue\\\/#\\\/schema\\\/person\\\/cecd065cbfb0f252b438519dd6c6141b\"},\"headline\":\"Couronnes de l&rsquo;Avent &amp; coutumes traditionnelles\",\"datePublished\":\"2025-11-05T07:06:13+00:00\",\"dateModified\":\"2025-11-06T11:14:45+00:00\",\"mainEntityOfPage\":{\"@id\":\"https:\\\/\\\/www.smartphoto.ch\\\/blogue\\\/couronnes-de-lavent-coutumes-traditionnelles\"},\"wordCount\":862,\"commentCount\":0,\"image\":{\"@id\":\"https:\\\/\\\/www.smartphoto.ch\\\/blogue\\\/couronnes-de-lavent-coutumes-traditionnelles#primaryimage\"},\"thumbnailUrl\":\"https:\\\/\\\/storage.googleapis.com\\\/smartphoto-express-production-wp-blogs-com\\\/17\\\/2022\\\/11\\\/iStock-1440740150.jpg\",\"keywords\":[\"bricoler\",\"cadeaux\",\"cadeaux photo\",\"cadeux de No\u00ebl\",\"couronne de l&#039;Avent\",\"d\u00e9co\",\"d\u00e9coration de No\u00ebl\",\"d\u00e9coration int\u00e9rieur\",\"Photo\",\"smartphoto\"],\"articleSection\":[\"trucs et astuces\"],\"inLanguage\":\"fr-FR\",\"potentialAction\":[{\"@type\":\"CommentAction\",\"name\":\"Comment\",\"target\":[\"https:\\\/\\\/www.smartphoto.ch\\\/blogue\\\/couronnes-de-lavent-coutumes-traditionnelles#respond\"]}]},{\"@type\":\"WebPage\",\"@id\":\"https:\\\/\\\/www.smartphoto.ch\\\/blogue\\\/couronnes-de-lavent-coutumes-traditionnelles\",\"url\":\"https:\\\/\\\/www.smartphoto.ch\\\/blogue\\\/couronnes-de-lavent-coutumes-traditionnelles\",\"name\":\"Couronnes de l'avent DYI - smartphoto\",\"isPartOf\":{\"@id\":\"https:\\\/\\\/www.smartphoto.ch\\\/blogue\\\/#website\"},\"primaryImageOfPage\":{\"@id\":\"https:\\\/\\\/www.smartphoto.ch\\\/blogue\\\/couronnes-de-lavent-coutumes-traditionnelles#primaryimage\"},\"image\":{\"@id\":\"https:\\\/\\\/www.smartphoto.ch\\\/blogue\\\/couronnes-de-lavent-coutumes-traditionnelles#primaryimage\"},\"thumbnailUrl\":\"https:\\\/\\\/storage.googleapis.com\\\/smartphoto-express-production-wp-blogs-com\\\/17\\\/2022\\\/11\\\/iStock-1440740150.jpg\",\"datePublished\":\"2025-11-05T07:06:13+00:00\",\"dateModified\":\"2025-11-06T11:14:45+00:00\",\"author\":{\"@id\":\"https:\\\/\\\/www.smartphoto.ch\\\/blogue\\\/#\\\/schema\\\/person\\\/cecd065cbfb0f252b438519dd6c6141b\"},\"description\":\"Cette ann\u00e9e je bricole ma propre couronne de l'Avent DYI! smartphoto t'aide \u00e0 trouver l'inspiration pour optimiser ta d\u00e9co de No\u00ebl...\",\"breadcrumb\":{\"@id\":\"https:\\\/\\\/www.smartphoto.ch\\\/blogue\\\/couronnes-de-lavent-coutumes-traditionnelles#breadcrumb\"},\"inLanguage\":\"fr-FR\",\"potentialAction\":[{\"@type\":\"ReadAction\",\"target\":[\"https:\\\/\\\/www.smartphoto.ch\\\/blogue\\\/couronnes-de-lavent-coutumes-traditionnelles\"]}]},{\"@type\":\"ImageObject\",\"inLanguage\":\"fr-FR\",\"@id\":\"https:\\\/\\\/www.smartphoto.ch\\\/blogue\\\/couronnes-de-lavent-coutumes-traditionnelles#primaryimage\",\"url\":\"https:\\\/\\\/storage.googleapis.com\\\/smartphoto-express-production-wp-blogs-com\\\/17\\\/2022\\\/11\\\/iStock-1440740150.jpg\",\"contentUrl\":\"https:\\\/\\\/storage.googleapis.com\\\/smartphoto-express-production-wp-blogs-com\\\/17\\\/2022\\\/11\\\/iStock-1440740150.jpg\",\"width\":2048,\"height\":1463,\"caption\":\"Girl hand lighting the fourth candle on a handmade advent wreath decorated with red checkerberries. Christmas home decoration concept. Copy space.\"},{\"@type\":\"BreadcrumbList\",\"@id\":\"https:\\\/\\\/www.smartphoto.ch\\\/blogue\\\/couronnes-de-lavent-coutumes-traditionnelles#breadcrumb\",\"itemListElement\":[{\"@type\":\"ListItem\",\"position\":1,\"name\":\"Home\",\"item\":\"\\\/blogue\\\/\"},{\"@type\":\"ListItem\",\"position\":2,\"name\":\"Couronnes de l&rsquo;Avent &amp; coutumes traditionnelles\"}]},{\"@type\":\"WebSite\",\"@id\":\"https:\\\/\\\/www.smartphoto.ch\\\/blogue\\\/#website\",\"url\":\"https:\\\/\\\/www.smartphoto.ch\\\/blogue\\\/\",\"name\":\"Ton monde de cadeaux\",\"description\":\"Ton monde de cadeaux\",\"potentialAction\":[{\"@type\":\"SearchAction\",\"target\":{\"@type\":\"EntryPoint\",\"urlTemplate\":\"https:\\\/\\\/www.smartphoto.ch\\\/blogue\\\/?s={search_term_string}\"},\"query-input\":{\"@type\":\"PropertyValueSpecification\",\"valueRequired\":true,\"valueName\":\"search_term_string\"}}],\"inLanguage\":\"fr-FR\"},{\"@type\":\"Person\",\"@id\":\"https:\\\/\\\/www.smartphoto.ch\\\/blogue\\\/#\\\/schema\\\/person\\\/cecd065cbfb0f252b438519dd6c6141b\",\"name\":\"vanessa\",\"image\":{\"@type\":\"ImageObject\",\"inLanguage\":\"fr-FR\",\"@id\":\"https:\\\/\\\/secure.gravatar.com\\\/avatar\\\/366624c6f165e4dc0f3ef8dee39adb4ebffb3223c80c6737fa0aec9f25ac4a76?s=96&d=mm&r=g\",\"url\":\"https:\\\/\\\/secure.gravatar.com\\\/avatar\\\/366624c6f165e4dc0f3ef8dee39adb4ebffb3223c80c6737fa0aec9f25ac4a76?s=96&d=mm&r=g\",\"contentUrl\":\"https:\\\/\\\/secure.gravatar.com\\\/avatar\\\/366624c6f165e4dc0f3ef8dee39adb4ebffb3223c80c6737fa0aec9f25ac4a76?s=96&d=mm&r=g\",\"caption\":\"vanessa\"},\"url\":\"https:\\\/\\\/www.smartphoto.ch\\\/blogue\\\/author\\\/vanessa\"}]}<\/script>\n<!-- \/ Yoast SEO plugin. -->","yoast_head_json":{"title":"Couronnes de l'avent DYI - smartphoto","description":"Cette ann\u00e9e je bricole ma propre couronne de l'Avent DYI! smartphoto t'aide \u00e0 trouver l'inspiration pour optimiser ta d\u00e9co de No\u00ebl...","robots":{"index":"index","follow":"follow","max-snippet":"max-snippet:-1","max-image-preview":"max-image-preview:large","max-video-preview":"max-video-preview:-1"},"canonical":"https:\/\/www.smartphoto.ch\/blogue\/couronnes-de-lavent-coutumes-traditionnelles","og_locale":"fr_FR","og_type":"article","og_title":"Couronnes de l'avent DYI - smartphoto","og_description":"Cette ann\u00e9e je bricole ma propre couronne de l'Avent DYI! smartphoto t'aide \u00e0 trouver l'inspiration pour optimiser ta d\u00e9co de No\u00ebl...","og_url":"https:\/\/www.smartphoto.ch\/blogue\/couronnes-de-lavent-coutumes-traditionnelles","og_site_name":"Ton monde de cadeaux","article_published_time":"2025-11-05T07:06:13+00:00","article_modified_time":"2025-11-06T11:14:45+00:00","og_image":[{"width":2048,"height":1463,"url":"https:\/\/storage.googleapis.com\/smartphoto-express-production-wp-blogs-com\/17\/2022\/11\/iStock-1440740150.jpg","type":"image\/jpeg"}],"author":"vanessa","twitter_card":"summary_large_image","twitter_misc":{"Written by":"vanessa","Est. reading time":"6 minutes"},"schema":{"@context":"https:\/\/schema.org","@graph":[{"@type":"Article","@id":"https:\/\/www.smartphoto.ch\/blogue\/couronnes-de-lavent-coutumes-traditionnelles#article","isPartOf":{"@id":"https:\/\/www.smartphoto.ch\/blogue\/couronnes-de-lavent-coutumes-traditionnelles"},"author":{"name":"vanessa","@id":"https:\/\/www.smartphoto.ch\/blogue\/#\/schema\/person\/cecd065cbfb0f252b438519dd6c6141b"},"headline":"Couronnes de l&rsquo;Avent &amp; coutumes traditionnelles","datePublished":"2025-11-05T07:06:13+00:00","dateModified":"2025-11-06T11:14:45+00:00","mainEntityOfPage":{"@id":"https:\/\/www.smartphoto.ch\/blogue\/couronnes-de-lavent-coutumes-traditionnelles"},"wordCount":862,"commentCount":0,"image":{"@id":"https:\/\/www.smartphoto.ch\/blogue\/couronnes-de-lavent-coutumes-traditionnelles#primaryimage"},"thumbnailUrl":"https:\/\/storage.googleapis.com\/smartphoto-express-production-wp-blogs-com\/17\/2022\/11\/iStock-1440740150.jpg","keywords":["bricoler","cadeaux","cadeaux photo","cadeux de No\u00ebl","couronne de l&#039;Avent","d\u00e9co","d\u00e9coration de No\u00ebl","d\u00e9coration int\u00e9rieur","Photo","smartphoto"],"articleSection":["trucs et astuces"],"inLanguage":"fr-FR","potentialAction":[{"@type":"CommentAction","name":"Comment","target":["https:\/\/www.smartphoto.ch\/blogue\/couronnes-de-lavent-coutumes-traditionnelles#respond"]}]},{"@type":"WebPage","@id":"https:\/\/www.smartphoto.ch\/blogue\/couronnes-de-lavent-coutumes-traditionnelles","url":"https:\/\/www.smartphoto.ch\/blogue\/couronnes-de-lavent-coutumes-traditionnelles","name":"Couronnes de l'avent DYI - smartphoto","isPartOf":{"@id":"https:\/\/www.smartphoto.ch\/blogue\/#website"},"primaryImageOfPage":{"@id":"https:\/\/www.smartphoto.ch\/blogue\/couronnes-de-lavent-coutumes-traditionnelles#primaryimage"},"image":{"@id":"https:\/\/www.smartphoto.ch\/blogue\/couronnes-de-lavent-coutumes-traditionnelles#primaryimage"},"thumbnailUrl":"https:\/\/storage.googleapis.com\/smartphoto-express-production-wp-blogs-com\/17\/2022\/11\/iStock-1440740150.jpg","datePublished":"2025-11-05T07:06:13+00:00","dateModified":"2025-11-06T11:14:45+00:00","author":{"@id":"https:\/\/www.smartphoto.ch\/blogue\/#\/schema\/person\/cecd065cbfb0f252b438519dd6c6141b"},"description":"Cette ann\u00e9e je bricole ma propre couronne de l'Avent DYI! smartphoto t'aide \u00e0 trouver l'inspiration pour optimiser ta d\u00e9co de No\u00ebl...","breadcrumb":{"@id":"https:\/\/www.smartphoto.ch\/blogue\/couronnes-de-lavent-coutumes-traditionnelles#breadcrumb"},"inLanguage":"fr-FR","potentialAction":[{"@type":"ReadAction","target":["https:\/\/www.smartphoto.ch\/blogue\/couronnes-de-lavent-coutumes-traditionnelles"]}]},{"@type":"ImageObject","inLanguage":"fr-FR","@id":"https:\/\/www.smartphoto.ch\/blogue\/couronnes-de-lavent-coutumes-traditionnelles#primaryimage","url":"https:\/\/storage.googleapis.com\/smartphoto-express-production-wp-blogs-com\/17\/2022\/11\/iStock-1440740150.jpg","contentUrl":"https:\/\/storage.googleapis.com\/smartphoto-express-production-wp-blogs-com\/17\/2022\/11\/iStock-1440740150.jpg","width":2048,"height":1463,"caption":"Girl hand lighting the fourth candle on a handmade advent wreath decorated with red checkerberries. Christmas home decoration concept. Copy space."},{"@type":"BreadcrumbList","@id":"https:\/\/www.smartphoto.ch\/blogue\/couronnes-de-lavent-coutumes-traditionnelles#breadcrumb","itemListElement":[{"@type":"ListItem","position":1,"name":"Home","item":"\/blogue\/"},{"@type":"ListItem","position":2,"name":"Couronnes de l&rsquo;Avent &amp; coutumes traditionnelles"}]},{"@type":"WebSite","@id":"https:\/\/www.smartphoto.ch\/blogue\/#website","url":"https:\/\/www.smartphoto.ch\/blogue\/","name":"Ton monde de cadeaux","description":"Ton monde de cadeaux","potentialAction":[{"@type":"SearchAction","target":{"@type":"EntryPoint","urlTemplate":"https:\/\/www.smartphoto.ch\/blogue\/?s={search_term_string}"},"query-input":{"@type":"PropertyValueSpecification","valueRequired":true,"valueName":"search_term_string"}}],"inLanguage":"fr-FR"},{"@type":"Person","@id":"https:\/\/www.smartphoto.ch\/blogue\/#\/schema\/person\/cecd065cbfb0f252b438519dd6c6141b","name":"vanessa","image":{"@type":"ImageObject","inLanguage":"fr-FR","@id":"https:\/\/secure.gravatar.com\/avatar\/366624c6f165e4dc0f3ef8dee39adb4ebffb3223c80c6737fa0aec9f25ac4a76?s=96&d=mm&r=g","url":"https:\/\/secure.gravatar.com\/avatar\/366624c6f165e4dc0f3ef8dee39adb4ebffb3223c80c6737fa0aec9f25ac4a76?s=96&d=mm&r=g","contentUrl":"https:\/\/secure.gravatar.com\/avatar\/366624c6f165e4dc0f3ef8dee39adb4ebffb3223c80c6737fa0aec9f25ac4a76?s=96&d=mm&r=g","caption":"vanessa"},"url":"https:\/\/www.smartphoto.ch\/blogue\/author\/vanessa"}]}},"_links":{"self":[{"href":"https:\/\/www.smartphoto.ch\/blogue\/wp-json\/wp\/v2\/posts\/4538","targetHints":{"allow":["GET"]}}],"collection":[{"href":"https:\/\/www.smartphoto.ch\/blogue\/wp-json\/wp\/v2\/posts"}],"about":[{"href":"https:\/\/www.smartphoto.ch\/blogue\/wp-json\/wp\/v2\/types\/post"}],"author":[{"embeddable":true,"href":"https:\/\/www.smartphoto.ch\/blogue\/wp-json\/wp\/v2\/users\/72"}],"replies":[{"embeddable":true,"href":"https:\/\/www.smartphoto.ch\/blogue\/wp-json\/wp\/v2\/comments?post=4538"}],"version-history":[{"count":12,"href":"https:\/\/www.smartphoto.ch\/blogue\/wp-json\/wp\/v2\/posts\/4538\/revisions"}],"predecessor-version":[{"id":4716,"href":"https:\/\/www.smartphoto.ch\/blogue\/wp-json\/wp\/v2\/posts\/4538\/revisions\/4716"}],"wp:featuredmedia":[{"embeddable":true,"href":"https:\/\/www.smartphoto.ch\/blogue\/wp-json\/wp\/v2\/media\/4642"}],"wp:attachment":[{"href":"https:\/\/www.smartphoto.ch\/blogue\/wp-json\/wp\/v2\/media?parent=4538"}],"wp:term":[{"taxonomy":"category","embeddable":true,"href":"https:\/\/www.smartphoto.ch\/blogue\/wp-json\/wp\/v2\/categories?post=4538"},{"taxonomy":"post_tag","embeddable":true,"href":"https:\/\/www.smartphoto.ch\/blogue\/wp-json\/wp\/v2\/tags?post=4538"}],"curies":[{"name":"wp","href":"https:\/\/api.w.org\/{rel}","templated":true}]}}