{"id":5121,"date":"2025-02-12T11:25:24","date_gmt":"2025-02-12T10:25:24","guid":{"rendered":"https:\/\/www.smartphoto.ch\/blogue\/?p=5121"},"modified":"2025-02-12T11:52:08","modified_gmt":"2025-02-12T10:52:08","slug":"la-generation-z-sous-les-projecteurs-ce-que-cette-jeune-generation-aime-vraiment","status":"publish","type":"post","link":"https:\/\/www.smartphoto.ch\/blogue\/la-generation-z-sous-les-projecteurs-ce-que-cette-jeune-generation-aime-vraiment","title":{"rendered":"La G\u00e9n\u00e9ration Z sous les projecteurs:  Ce que cette jeune g\u00e9n\u00e9ration aime vraiment"},"content":{"rendered":"<div id=\"bsf_rt_marker\"><\/div>\n<p>La g\u00e9n\u00e9ration Z, ces \u00ab\u00a0jeunes\u00a0\u00bb n\u00e9s entre 1997 et 2012 qui ont grandis avec l&rsquo;essors explosif technologique et qui aujourd&rsquo;hui accordent une grande importance \u00e0 l&rsquo;authenticit\u00e9 et au d\u00e9veloppement durable. Qu&rsquo;est-ce qui caract\u00e9rise pr\u00e9cis\u00e9ment la g\u00e9n\u00e9ration Z et qu&rsquo;est-ce qui est particuli\u00e8rement \u00e0 la mode pour cette g\u00e9n\u00e9ration?<\/p>\n\n\n\n<figure class=\"wp-block-image size-full is-resized\"><img loading=\"lazy\" decoding=\"async\" width=\"720\" height=\"480\" src=\"https:\/\/storage.googleapis.com\/smartphoto-express-production-wp-blogs-com\/17\/2025\/02\/Blau-Einbeziehen-Grundlagen-Blog-Banner-720-\u00d7-480-px-720-\u00d7-480-px-4.jpg\" alt=\"\" class=\"wp-image-5122\" style=\"width:840px;height:auto\" srcset=\"https:\/\/storage.googleapis.com\/smartphoto-express-production-wp-blogs-com\/17\/2025\/02\/Blau-Einbeziehen-Grundlagen-Blog-Banner-720-\u00d7-480-px-720-\u00d7-480-px-4.jpg 720w, https:\/\/storage.googleapis.com\/smartphoto-express-production-wp-blogs-com\/17\/2025\/02\/Blau-Einbeziehen-Grundlagen-Blog-Banner-720-\u00d7-480-px-720-\u00d7-480-px-4-300x200.jpg 300w\" sizes=\"auto, (max-width: 720px) 100vw, 720px\" \/><figcaption class=\"wp-element-caption\">La nouvelle g\u00e9n\u00e9ration aime la transparence et l&rsquo;authenticit\u00e9<\/figcaption><\/figure>\n\n\n\n<h2 class=\"wp-block-heading\">La g\u00e9n\u00e9ration Z, une jeunesse engag\u00e9e et ouverte<\/h2>\n\n\n\n<p>Ouverte sur la diversit\u00e9 culturelle, de genre, d&rsquo;orientation sexuelle et d&rsquo;origines, la g\u00e9n\u00e9ration Z accorde une grande importance \u00e0 l&rsquo;\u00e9galit\u00e9 des sexes. Face \u00e0 un environnement en constante \u00e9volution, cette jeunesse fait preuve d&rsquo;une grande capacit\u00e9 d&rsquo;adaptation, d\u00e9veloppant ainsi une flexibilit\u00e9 remarquable dans des domaines tels que la carri\u00e8re ou le style de vie.<\/p>\n\n\n\n<p>Au-del\u00e0 de cette ouverture d&rsquo;esprit, la g\u00e9n\u00e9ration Z se distingue par son engagement pour l&rsquo;environnement. Soucieux de la protection de la nature, ses membres privil\u00e9gient les produits et modes de vie durables. Une alimentation saine et une activit\u00e9 physique r\u00e9guli\u00e8re contribuent \u00e9galement \u00e0 leur bien-\u00eatre mental, un aspect essentiel pour cette g\u00e9n\u00e9ration.<\/p>\n\n\n\n<p>Enfin, les jeunes adultes de la g\u00e9n\u00e9ration Z se caract\u00e9risent par leur ma\u00eetrise des nouvelles technologies. Ils utilisent intens\u00e9ment les m\u00e9dias sociaux et les plateformes num\u00e9riques pour communiquer et s&rsquo;informer. Leur sens aigu de la justice et du changement social les pousse \u00e0 s&rsquo;impliquer pour b\u00e2tir un monde plus \u00e9quitable.<\/p>\n\n\n\n<h2 class=\"wp-block-heading\">La technologie, vecteur d&rsquo;expression pour la g\u00e9n\u00e9ration Z<\/h2>\n\n\n\n<h3 class=\"wp-block-heading\"><strong>La personalisation avant tout<\/strong><\/h3>\n\n\n\n<p>Les smartphones, ordinateurs portables, tablettes et appareils portables font partie int\u00e9grante de leur vie quotidienne. Les produits Apple, Samsung et d&rsquo;autres marques connues sont particuli\u00e8rement appr\u00e9ci\u00e9s. De plus, la g\u00e9n\u00e9ration mise sur l&rsquo;individualit\u00e9 et l&rsquo;\u00e9panouissement personnel. Elle veut se d\u00e9marquer de la masse et d\u00e9velopper son propre style. Les gadgets personnalisables sont donc tr\u00e8s pris\u00e9s.<\/p>\n\n\n\n<figure class=\"wp-block-image size-full is-resized\"><img loading=\"lazy\" decoding=\"async\" width=\"720\" height=\"480\" src=\"https:\/\/storage.googleapis.com\/smartphoto-express-production-wp-blogs-com\/17\/2025\/02\/Blau-Einbeziehen-Grundlagen-Blog-Banner-720-\u00d7-480-px-720-\u00d7-480-px-1.png\" alt=\"\" class=\"wp-image-5126\" style=\"width:840px;height:auto\" srcset=\"https:\/\/storage.googleapis.com\/smartphoto-express-production-wp-blogs-com\/17\/2025\/02\/Blau-Einbeziehen-Grundlagen-Blog-Banner-720-\u00d7-480-px-720-\u00d7-480-px-1.png 720w, https:\/\/storage.googleapis.com\/smartphoto-express-production-wp-blogs-com\/17\/2025\/02\/Blau-Einbeziehen-Grundlagen-Blog-Banner-720-\u00d7-480-px-720-\u00d7-480-px-1-300x200.png 300w\" sizes=\"auto, (max-width: 720px) 100vw, 720px\" \/><figcaption class=\"wp-element-caption\">Sac \u00e0 dos pour <a href=\"https:\/\/www.smartphoto.ch\/fr\/cadeaux-photo\/coque-telephone\">ordinateur portable<\/a> et \u00e9tui pour <a href=\"https:\/\/www.smartphoto.ch\/fr\/cadeaux-photo\/coque-telephone\">t\u00e9l\u00e9phone portable<\/a> dans le style tendance Gen Z &#8211; pour les amateurs d&rsquo;\u00e9criture, il y a m\u00eame un <a href=\"https:\/\/www.smartphoto.ch\/fr\/cadeaux-photo\/cahier-photo\">bloc-notes personnalisable<\/a><\/figcaption><\/figure>\n\n\n\n<h3 class=\"wp-block-heading\">Des produits responsables et durables<\/h3>\n\n\n\n<p>Pour la g\u00e9n\u00e9ration Z, le d\u00e9veloppement durable, la responsabilit\u00e9 sociale et l&rsquo;\u00e9thique sont devenus des crit\u00e8res essentiels dans leurs choix de consommation. Ils ne se contentent plus d&rsquo;un beau design ou d&rsquo;une jolie couleur, mais attendent bien davantage de la part des produits qu&rsquo;ils ach\u00e8tent.<\/p>\n\n\n\n<p>Au-del\u00e0 de l&rsquo;apparence, ces jeunes consommateurs sont \u00e0 la recherche d&rsquo;articles r\u00e9utilisables, recyclables ou fabriqu\u00e9s de mani\u00e8re \u00e9thique. Les <a href=\"https:\/\/www.smartphoto.ch\/fr\/cadeaux-photo\/mug-voyage-isotherme\">tasses \u00e0 caf\u00e9 durables<\/a>, <a href=\"https:\/\/www.smartphoto.ch\/fr\/cadeaux-photo\/gourde-inox\">les gourdes r\u00e9utilisables<\/a> ou encore les <a href=\"https:\/\/www.smartphoto.ch\/fr\/cadeaux-photo\/boite-de-conservation\">bo\u00eetes de conservation<\/a> r\u00e9pondent parfaitement \u00e0 cette tendance.<\/p>\n\n\n\n<figure class=\"wp-block-image size-full is-resized\"><a href=\"https:\/\/www.smartphoto.ch\/fr\/cadeaux-photo\/mug-voyage-isotherme\"><img loading=\"lazy\" decoding=\"async\" width=\"720\" height=\"480\" src=\"https:\/\/storage.googleapis.com\/smartphoto-express-production-wp-blogs-com\/17\/2025\/02\/Blau-Einbeziehen-Grundlagen-Blog-Banner-720-\u00d7-480-px-720-\u00d7-480-px-5.png\" alt=\"\" class=\"wp-image-5129\" style=\"width:840px;height:auto\" srcset=\"https:\/\/storage.googleapis.com\/smartphoto-express-production-wp-blogs-com\/17\/2025\/02\/Blau-Einbeziehen-Grundlagen-Blog-Banner-720-\u00d7-480-px-720-\u00d7-480-px-5.png 720w, https:\/\/storage.googleapis.com\/smartphoto-express-production-wp-blogs-com\/17\/2025\/02\/Blau-Einbeziehen-Grundlagen-Blog-Banner-720-\u00d7-480-px-720-\u00d7-480-px-5-300x200.png 300w\" sizes=\"auto, (max-width: 720px) 100vw, 720px\" \/><\/a><figcaption class=\"wp-element-caption\">Pour la route : <a href=\"https:\/\/www.smartphoto.ch\/fr\/cadeaux-photo\/mug-voyage-isotherme\">Tasse \u00e0 caf\u00e9 r\u00e9utilisable<\/a><\/figcaption><\/figure>\n\n\n\n<h2 class=\"wp-block-heading\">Mode &amp; Beaut\u00e9<\/h2>\n\n\n\n<p>Le second-hand et le vintage font d\u00e9sormais partie int\u00e9grante du <strong>style de vie <\/strong>de la g\u00e9n\u00e9ration Z. Non seulement ces pratiques leur permettent de jouer sur les codes vestimentaires et de se d\u00e9marquer, mais elles contribuent \u00e9galement \u00e0 une consommation plus \u00e9thique et durable. Les t-shirts et sweats personnalis\u00e9s permettent \u00e0 la g\u00e9n\u00e9ration Z d&rsquo;exprimer leur personnalit\u00e9 et de souligner leur <strong>unicit\u00e9<\/strong>.<\/p>\n\n\n\n<p>La jeune g\u00e9n\u00e9ration milite pour une d\u00e9finition plus large et inclusive de la beaut\u00e9. Loin des canons traditionnels, elle embrasse la diversit\u00e9 des teintes de peau, des formes de corps et des identit\u00e9s de genre.<\/p>\n\n\n\n<p>Une approche minimaliste de la beaut\u00e9 gagne \u00e9galement en popularit\u00e9 aupr\u00e8s de cette g\u00e9n\u00e9ration. Plut\u00f4t que de rechercher une apparence parfaite, les jeunes pr\u00e9f\u00e8rent mettre en valeur leur beaut\u00e9 naturelle \u00e0 travers des produits et des looks \u00e9pur\u00e9s. Bien s\u00fbr, dans <a href=\"https:\/\/www.smartphoto.ch\/fr\/cadeaux-photo\/trousses-velours\">un sac \u00e0 cosm\u00e9tiques<\/a> tendance et recycl\u00e9.<\/p>\n\n\n\n<figure class=\"wp-block-image size-full is-resized\"><a href=\"https:\/\/www.smartphoto.ch\/fr\/cadeaux-photo\/trousses-velours\"><img loading=\"lazy\" decoding=\"async\" width=\"720\" height=\"480\" src=\"https:\/\/storage.googleapis.com\/smartphoto-express-production-wp-blogs-com\/17\/2025\/02\/Blau-Einbeziehen-Grundlagen-Blog-Banner-720-\u00d7-480-px-720-\u00d7-480-px-6.png\" alt=\"\" class=\"wp-image-5132\" style=\"width:840px;height:auto\" srcset=\"https:\/\/storage.googleapis.com\/smartphoto-express-production-wp-blogs-com\/17\/2025\/02\/Blau-Einbeziehen-Grundlagen-Blog-Banner-720-\u00d7-480-px-720-\u00d7-480-px-6.png 720w, https:\/\/storage.googleapis.com\/smartphoto-express-production-wp-blogs-com\/17\/2025\/02\/Blau-Einbeziehen-Grundlagen-Blog-Banner-720-\u00d7-480-px-720-\u00d7-480-px-6-300x200.png 300w\" sizes=\"auto, (max-width: 720px) 100vw, 720px\" \/><\/a><figcaption class=\"wp-element-caption\">Adorable petit <a href=\"https:\/\/www.smartphoto.ch\/fr\/cadeaux-photo\/trousses-velours\">sac cosm\u00e9tique<\/a> pour les personnes branch\u00e9es<\/figcaption><\/figure>\n\n\n\n<h2 class=\"wp-block-heading\"><strong>Les jeux vid\u00e9o, bien plus qu&rsquo;un simple divertissement pour la g\u00e9n\u00e9ration Z<\/strong><\/h2>\n\n\n\n<p>Les jeux vid\u00e9o sont bien plus qu&rsquo;un simple passe-temps pour la g\u00e9n\u00e9ration Z. Ils repr\u00e9sentent un v\u00e9ritable ph\u00e9nom\u00e8ne culturel, favorisant les interactions sociales, la cr\u00e9ativit\u00e9 et la construction de l&rsquo;identit\u00e9.<\/p>\n\n\n\n<p>Des titres comme Fortnite, League of Legends ou Among Us ne sont pas seulement des jeux, mais aussi des plateformes de contacts sociaux et de construction de communaut\u00e9s. De nombreux jeunes de cette g\u00e9n\u00e9ration y trouvent de v\u00e9ritables amiti\u00e9s et un sentiment d&rsquo;appartenance.<\/p>\n\n\n\n<p>Les plateformes de communication comme Discord permettent d&rsquo;ailleurs aux joueurs de se rassembler, d&rsquo;\u00e9changer et de jouer ensemble, renfor\u00e7ant ainsi les liens sociaux.<\/p>\n\n\n\n<figure class=\"wp-block-image size-full is-resized\"><a href=\"https:\/\/www.smartphoto.ch\/fr\/cadeaux-photo\/support-casque-audio\"><img loading=\"lazy\" decoding=\"async\" width=\"720\" height=\"480\" src=\"https:\/\/storage.googleapis.com\/smartphoto-express-production-wp-blogs-com\/17\/2025\/02\/Blau-Einbeziehen-Grundlagen-Blog-Banner-720-\u00d7-480-px-720-\u00d7-480-px-8.png\" alt=\"\" class=\"wp-image-5134\" style=\"width:834px;height:auto\" srcset=\"https:\/\/storage.googleapis.com\/smartphoto-express-production-wp-blogs-com\/17\/2025\/02\/Blau-Einbeziehen-Grundlagen-Blog-Banner-720-\u00d7-480-px-720-\u00d7-480-px-8.png 720w, https:\/\/storage.googleapis.com\/smartphoto-express-production-wp-blogs-com\/17\/2025\/02\/Blau-Einbeziehen-Grundlagen-Blog-Banner-720-\u00d7-480-px-720-\u00d7-480-px-8-300x200.png 300w\" sizes=\"auto, (max-width: 720px) 100vw, 720px\" \/><\/a><figcaption class=\"wp-element-caption\">Gadget tr\u00e8s convoit\u00e9\u00a0:<a href=\"https:\/\/www.smartphoto.ch\/fr\/cadeaux-photo\/support-casque-audio\"> support pour \u00e9couteurs<\/a><br><\/figcaption><\/figure>\n\n\n\n<h2 class=\"wp-block-heading\">Souvenirs nostalgiques<\/h2>\n\n\n\n<p>Si les images num\u00e9riques ont pris une place pr\u00e9pond\u00e9rante dans nos vies, de nombreux membres de la g\u00e9n\u00e9ration Z red\u00e9couvrent les vertus des impressions photographiques.<\/p>\n\n\n\n<p>Pour cette jeune g\u00e9n\u00e9ration, les tirages physiques offrent un lien \u00e9motionnel et tangible avec leurs souvenirs. L&rsquo;acte m\u00eame d&rsquo;imprimer une <a href=\"https:\/\/www.smartphoto.ch\/fr\/cadeaux-photo\/coque-telephone\">photo<\/a> permet d&rsquo;\u00e9voquer des sentiments de nostalgie et de c\u00e9l\u00e9brer des moments importants.<\/p>\n\n\n\n<p>Contrairement aux images stock\u00e9es sur un \u00e9cran, les impressions photographiques ont une profondeur \u00e9motionnelle que le num\u00e9rique peine souvent \u00e0 atteindre. Elles deviennent de v\u00e9ritables objets de m\u00e9moire, que l&rsquo;on peut toucher, contempler et partager.<\/p>\n\n\n\n<figure class=\"wp-block-image size-full is-resized\"><a href=\"https:\/\/www.smartphoto.ch\/fr\/cadeaux-photo\/coque-telephone\"><img loading=\"lazy\" decoding=\"async\" width=\"720\" height=\"480\" src=\"https:\/\/storage.googleapis.com\/smartphoto-express-production-wp-blogs-com\/17\/2025\/02\/Blau-Einbeziehen-Grundlagen-Blog-Banner-720-\u00d7-480-px-720-\u00d7-480-px-9.png\" alt=\"\" class=\"wp-image-5135\" style=\"width:840px;height:auto\" srcset=\"https:\/\/storage.googleapis.com\/smartphoto-express-production-wp-blogs-com\/17\/2025\/02\/Blau-Einbeziehen-Grundlagen-Blog-Banner-720-\u00d7-480-px-720-\u00d7-480-px-9.png 720w, https:\/\/storage.googleapis.com\/smartphoto-express-production-wp-blogs-com\/17\/2025\/02\/Blau-Einbeziehen-Grundlagen-Blog-Banner-720-\u00d7-480-px-720-\u00d7-480-px-9-300x200.png 300w\" sizes=\"auto, (max-width: 720px) 100vw, 720px\" \/><\/a><figcaption class=\"wp-element-caption\"><a href=\"https:\/\/www.smartphoto.ch\/fr\/cadeaux-photo\/coque-telephone\">Bo\u00eete \u00e0 photos<\/a> cool pour les souvenirs<br><\/figcaption><\/figure>\n","protected":false},"excerpt":{"rendered":"<p>La g\u00e9n\u00e9ration Z, ces \u00ab\u00a0jeunes\u00a0\u00bb n\u00e9s entre 1997 et 2012 qui ont grandis avec l&rsquo;essors explosif technologique et qui aujourd&rsquo;hui accordent une grande importance \u00e0 l&rsquo;authenticit\u00e9 et au d\u00e9veloppement durable. Qu&rsquo;est-ce qui caract\u00e9rise pr\u00e9cis\u00e9ment la g\u00e9n\u00e9ration Z et qu&rsquo;est-ce qui est particuli\u00e8rement \u00e0 la mode pour cette g\u00e9n\u00e9ration? La g\u00e9n\u00e9ration Z, une jeunesse engag\u00e9e et ouverte Ouverte sur la diversit\u00e9 culturelle, de genre, d&rsquo;orientation sexuelle et d&rsquo;origines, la g\u00e9n\u00e9ration Z accorde une grande importance \u00e0 l&rsquo;\u00e9galit\u00e9 des sexes. Face \u00e0 un environnement en constante \u00e9volution, cette jeunesse fait preuve d&rsquo;une grande capacit\u00e9 d&rsquo;adaptation, d\u00e9veloppant ainsi une flexibilit\u00e9 remarquable dans des<\/p>\n","protected":false},"author":72,"featured_media":5146,"comment_status":"closed","ping_status":"open","sticky":false,"template":"","format":"standard","meta":{"om_disable_all_campaigns":false,"_monsterinsights_skip_tracking":false,"_monsterinsights_sitenote_active":false,"_monsterinsights_sitenote_note":"","_monsterinsights_sitenote_category":0,"footnotes":""},"categories":[28],"tags":[694,693,687,692],"class_list":["post-5121","post","type-post","status-publish","format-standard","has-post-thumbnail","hentry","category-idees-deco","tag-beauty","tag-gaming","tag-generation-z","tag-portable"],"yoast_head":"<!-- This site is optimized with the Yoast SEO plugin v23.8 - https:\/\/yoast.com\/wordpress\/plugins\/seo\/ -->\n<title>G\u00e9n\u00e9ration Z trends - smartphoto<\/title>\n<meta name=\"description\" content=\"Qu&#039;est-ce qui caract\u00e9rise pr\u00e9cis\u00e9ment la g\u00e9n\u00e9ration Z et qu&#039;est-ce qui est particuli\u00e8rement \u00e0 la mode pour cette g\u00e9n\u00e9ration?\" \/>\n<meta name=\"robots\" content=\"index, follow, max-snippet:-1, max-image-preview:large, max-video-preview:-1\" \/>\n<link rel=\"canonical\" href=\"https:\/\/www.smartphoto.ch\/blogue\/la-generation-z-sous-les-projecteurs-ce-que-cette-jeune-generation-aime-vraiment\" \/>\n<meta property=\"og:locale\" content=\"fr_FR\" \/>\n<meta property=\"og:type\" content=\"article\" \/>\n<meta property=\"og:title\" content=\"G\u00e9n\u00e9ration Z trends - smartphoto\" \/>\n<meta property=\"og:description\" content=\"Qu&#039;est-ce qui caract\u00e9rise pr\u00e9cis\u00e9ment la g\u00e9n\u00e9ration Z et qu&#039;est-ce qui est particuli\u00e8rement \u00e0 la mode pour cette g\u00e9n\u00e9ration?\" \/>\n<meta property=\"og:url\" content=\"https:\/\/www.smartphoto.ch\/blogue\/la-generation-z-sous-les-projecteurs-ce-que-cette-jeune-generation-aime-vraiment\" \/>\n<meta property=\"og:site_name\" content=\"Ton monde de cadeaux\" \/>\n<meta property=\"article:published_time\" content=\"2025-02-12T10:25:24+00:00\" \/>\n<meta property=\"article:modified_time\" content=\"2025-02-12T10:52:08+00:00\" \/>\n<meta property=\"og:image\" content=\"https:\/\/storage.googleapis.com\/smartphoto-express-production-wp-blogs-com\/17\/2025\/02\/Blau-Einbeziehen-Grundlagen-Blog-Banner-720-\u00d7-480-px-720-\u00d7-480-px-4-1.jpg\" \/>\n\t<meta property=\"og:image:width\" content=\"720\" \/>\n\t<meta property=\"og:image:height\" content=\"480\" \/>\n\t<meta property=\"og:image:type\" content=\"image\/jpeg\" \/>\n<meta name=\"author\" content=\"vanessa\" \/>\n<meta name=\"twitter:card\" content=\"summary_large_image\" \/>\n<meta name=\"twitter:label1\" content=\"Written by\" \/>\n\t<meta name=\"twitter:data1\" content=\"vanessa\" \/>\n\t<meta name=\"twitter:label2\" content=\"Est. reading time\" \/>\n\t<meta name=\"twitter:data2\" content=\"6 minutes\" \/>\n<script type=\"application\/ld+json\" class=\"yoast-schema-graph\">{\"@context\":\"https:\/\/schema.org\",\"@graph\":[{\"@type\":\"WebPage\",\"@id\":\"https:\/\/www.smartphoto.ch\/blogue\/la-generation-z-sous-les-projecteurs-ce-que-cette-jeune-generation-aime-vraiment\",\"url\":\"https:\/\/www.smartphoto.ch\/blogue\/la-generation-z-sous-les-projecteurs-ce-que-cette-jeune-generation-aime-vraiment\",\"name\":\"G\u00e9n\u00e9ration Z trends - smartphoto\",\"isPartOf\":{\"@id\":\"https:\/\/www.smartphoto.ch\/blogue\/#website\"},\"primaryImageOfPage\":{\"@id\":\"https:\/\/www.smartphoto.ch\/blogue\/la-generation-z-sous-les-projecteurs-ce-que-cette-jeune-generation-aime-vraiment#primaryimage\"},\"image\":{\"@id\":\"https:\/\/www.smartphoto.ch\/blogue\/la-generation-z-sous-les-projecteurs-ce-que-cette-jeune-generation-aime-vraiment#primaryimage\"},\"thumbnailUrl\":\"https:\/\/storage.googleapis.com\/smartphoto-express-production-wp-blogs-com\/17\/2025\/02\/Blau-Einbeziehen-Grundlagen-Blog-Banner-720-\u00d7-480-px-720-\u00d7-480-px-4-1.jpg\",\"datePublished\":\"2025-02-12T10:25:24+00:00\",\"dateModified\":\"2025-02-12T10:52:08+00:00\",\"author\":{\"@id\":\"https:\/\/www.smartphoto.ch\/blogue\/#\/schema\/person\/cecd065cbfb0f252b438519dd6c6141b\"},\"description\":\"Qu'est-ce qui caract\u00e9rise pr\u00e9cis\u00e9ment la g\u00e9n\u00e9ration Z et qu'est-ce qui est particuli\u00e8rement \u00e0 la mode pour cette g\u00e9n\u00e9ration?\",\"breadcrumb\":{\"@id\":\"https:\/\/www.smartphoto.ch\/blogue\/la-generation-z-sous-les-projecteurs-ce-que-cette-jeune-generation-aime-vraiment#breadcrumb\"},\"inLanguage\":\"fr-FR\",\"potentialAction\":[{\"@type\":\"ReadAction\",\"target\":[\"https:\/\/www.smartphoto.ch\/blogue\/la-generation-z-sous-les-projecteurs-ce-que-cette-jeune-generation-aime-vraiment\"]}]},{\"@type\":\"ImageObject\",\"inLanguage\":\"fr-FR\",\"@id\":\"https:\/\/www.smartphoto.ch\/blogue\/la-generation-z-sous-les-projecteurs-ce-que-cette-jeune-generation-aime-vraiment#primaryimage\",\"url\":\"https:\/\/storage.googleapis.com\/smartphoto-express-production-wp-blogs-com\/17\/2025\/02\/Blau-Einbeziehen-Grundlagen-Blog-Banner-720-\u00d7-480-px-720-\u00d7-480-px-4-1.jpg\",\"contentUrl\":\"https:\/\/storage.googleapis.com\/smartphoto-express-production-wp-blogs-com\/17\/2025\/02\/Blau-Einbeziehen-Grundlagen-Blog-Banner-720-\u00d7-480-px-720-\u00d7-480-px-4-1.jpg\",\"width\":720,\"height\":480},{\"@type\":\"BreadcrumbList\",\"@id\":\"https:\/\/www.smartphoto.ch\/blogue\/la-generation-z-sous-les-projecteurs-ce-que-cette-jeune-generation-aime-vraiment#breadcrumb\",\"itemListElement\":[{\"@type\":\"ListItem\",\"position\":1,\"name\":\"Home\",\"item\":\"\/blogue\/\"},{\"@type\":\"ListItem\",\"position\":2,\"name\":\"La G\u00e9n\u00e9ration Z sous les projecteurs: Ce que cette jeune g\u00e9n\u00e9ration aime vraiment\"}]},{\"@type\":\"WebSite\",\"@id\":\"https:\/\/www.smartphoto.ch\/blogue\/#website\",\"url\":\"https:\/\/www.smartphoto.ch\/blogue\/\",\"name\":\"Ton monde de cadeaux\",\"description\":\"Ton monde de cadeaux\",\"potentialAction\":[{\"@type\":\"SearchAction\",\"target\":{\"@type\":\"EntryPoint\",\"urlTemplate\":\"https:\/\/www.smartphoto.ch\/blogue\/?s={search_term_string}\"},\"query-input\":{\"@type\":\"PropertyValueSpecification\",\"valueRequired\":true,\"valueName\":\"search_term_string\"}}],\"inLanguage\":\"fr-FR\"},{\"@type\":\"Person\",\"@id\":\"https:\/\/www.smartphoto.ch\/blogue\/#\/schema\/person\/cecd065cbfb0f252b438519dd6c6141b\",\"name\":\"vanessa\",\"image\":{\"@type\":\"ImageObject\",\"inLanguage\":\"fr-FR\",\"@id\":\"https:\/\/www.smartphoto.ch\/blogue\/#\/schema\/person\/image\/\",\"url\":\"https:\/\/secure.gravatar.com\/avatar\/11d5000a90efa62b8fee406b9533b4d2?s=96&d=mm&r=g\",\"contentUrl\":\"https:\/\/secure.gravatar.com\/avatar\/11d5000a90efa62b8fee406b9533b4d2?s=96&d=mm&r=g\",\"caption\":\"vanessa\"},\"url\":\"https:\/\/www.smartphoto.ch\/blogue\/author\/vanessa\"}]}<\/script>\n<!-- \/ Yoast SEO plugin. -->","yoast_head_json":{"title":"G\u00e9n\u00e9ration Z trends - smartphoto","description":"Qu'est-ce qui caract\u00e9rise pr\u00e9cis\u00e9ment la g\u00e9n\u00e9ration Z et qu'est-ce qui est particuli\u00e8rement \u00e0 la mode pour cette g\u00e9n\u00e9ration?","robots":{"index":"index","follow":"follow","max-snippet":"max-snippet:-1","max-image-preview":"max-image-preview:large","max-video-preview":"max-video-preview:-1"},"canonical":"https:\/\/www.smartphoto.ch\/blogue\/la-generation-z-sous-les-projecteurs-ce-que-cette-jeune-generation-aime-vraiment","og_locale":"fr_FR","og_type":"article","og_title":"G\u00e9n\u00e9ration Z trends - smartphoto","og_description":"Qu'est-ce qui caract\u00e9rise pr\u00e9cis\u00e9ment la g\u00e9n\u00e9ration Z et qu'est-ce qui est particuli\u00e8rement \u00e0 la mode pour cette g\u00e9n\u00e9ration?","og_url":"https:\/\/www.smartphoto.ch\/blogue\/la-generation-z-sous-les-projecteurs-ce-que-cette-jeune-generation-aime-vraiment","og_site_name":"Ton monde de cadeaux","article_published_time":"2025-02-12T10:25:24+00:00","article_modified_time":"2025-02-12T10:52:08+00:00","og_image":[{"width":720,"height":480,"url":"https:\/\/storage.googleapis.com\/smartphoto-express-production-wp-blogs-com\/17\/2025\/02\/Blau-Einbeziehen-Grundlagen-Blog-Banner-720-\u00d7-480-px-720-\u00d7-480-px-4-1.jpg","type":"image\/jpeg"}],"author":"vanessa","twitter_card":"summary_large_image","twitter_misc":{"Written by":"vanessa","Est. reading time":"6 minutes"},"schema":{"@context":"https:\/\/schema.org","@graph":[{"@type":"WebPage","@id":"https:\/\/www.smartphoto.ch\/blogue\/la-generation-z-sous-les-projecteurs-ce-que-cette-jeune-generation-aime-vraiment","url":"https:\/\/www.smartphoto.ch\/blogue\/la-generation-z-sous-les-projecteurs-ce-que-cette-jeune-generation-aime-vraiment","name":"G\u00e9n\u00e9ration Z trends - smartphoto","isPartOf":{"@id":"https:\/\/www.smartphoto.ch\/blogue\/#website"},"primaryImageOfPage":{"@id":"https:\/\/www.smartphoto.ch\/blogue\/la-generation-z-sous-les-projecteurs-ce-que-cette-jeune-generation-aime-vraiment#primaryimage"},"image":{"@id":"https:\/\/www.smartphoto.ch\/blogue\/la-generation-z-sous-les-projecteurs-ce-que-cette-jeune-generation-aime-vraiment#primaryimage"},"thumbnailUrl":"https:\/\/storage.googleapis.com\/smartphoto-express-production-wp-blogs-com\/17\/2025\/02\/Blau-Einbeziehen-Grundlagen-Blog-Banner-720-\u00d7-480-px-720-\u00d7-480-px-4-1.jpg","datePublished":"2025-02-12T10:25:24+00:00","dateModified":"2025-02-12T10:52:08+00:00","author":{"@id":"https:\/\/www.smartphoto.ch\/blogue\/#\/schema\/person\/cecd065cbfb0f252b438519dd6c6141b"},"description":"Qu'est-ce qui caract\u00e9rise pr\u00e9cis\u00e9ment la g\u00e9n\u00e9ration Z et qu'est-ce qui est particuli\u00e8rement \u00e0 la mode pour cette g\u00e9n\u00e9ration?","breadcrumb":{"@id":"https:\/\/www.smartphoto.ch\/blogue\/la-generation-z-sous-les-projecteurs-ce-que-cette-jeune-generation-aime-vraiment#breadcrumb"},"inLanguage":"fr-FR","potentialAction":[{"@type":"ReadAction","target":["https:\/\/www.smartphoto.ch\/blogue\/la-generation-z-sous-les-projecteurs-ce-que-cette-jeune-generation-aime-vraiment"]}]},{"@type":"ImageObject","inLanguage":"fr-FR","@id":"https:\/\/www.smartphoto.ch\/blogue\/la-generation-z-sous-les-projecteurs-ce-que-cette-jeune-generation-aime-vraiment#primaryimage","url":"https:\/\/storage.googleapis.com\/smartphoto-express-production-wp-blogs-com\/17\/2025\/02\/Blau-Einbeziehen-Grundlagen-Blog-Banner-720-\u00d7-480-px-720-\u00d7-480-px-4-1.jpg","contentUrl":"https:\/\/storage.googleapis.com\/smartphoto-express-production-wp-blogs-com\/17\/2025\/02\/Blau-Einbeziehen-Grundlagen-Blog-Banner-720-\u00d7-480-px-720-\u00d7-480-px-4-1.jpg","width":720,"height":480},{"@type":"BreadcrumbList","@id":"https:\/\/www.smartphoto.ch\/blogue\/la-generation-z-sous-les-projecteurs-ce-que-cette-jeune-generation-aime-vraiment#breadcrumb","itemListElement":[{"@type":"ListItem","position":1,"name":"Home","item":"\/blogue\/"},{"@type":"ListItem","position":2,"name":"La G\u00e9n\u00e9ration Z sous les projecteurs: Ce que cette jeune g\u00e9n\u00e9ration aime vraiment"}]},{"@type":"WebSite","@id":"https:\/\/www.smartphoto.ch\/blogue\/#website","url":"https:\/\/www.smartphoto.ch\/blogue\/","name":"Ton monde de cadeaux","description":"Ton monde de cadeaux","potentialAction":[{"@type":"SearchAction","target":{"@type":"EntryPoint","urlTemplate":"https:\/\/www.smartphoto.ch\/blogue\/?s={search_term_string}"},"query-input":{"@type":"PropertyValueSpecification","valueRequired":true,"valueName":"search_term_string"}}],"inLanguage":"fr-FR"},{"@type":"Person","@id":"https:\/\/www.smartphoto.ch\/blogue\/#\/schema\/person\/cecd065cbfb0f252b438519dd6c6141b","name":"vanessa","image":{"@type":"ImageObject","inLanguage":"fr-FR","@id":"https:\/\/www.smartphoto.ch\/blogue\/#\/schema\/person\/image\/","url":"https:\/\/secure.gravatar.com\/avatar\/11d5000a90efa62b8fee406b9533b4d2?s=96&d=mm&r=g","contentUrl":"https:\/\/secure.gravatar.com\/avatar\/11d5000a90efa62b8fee406b9533b4d2?s=96&d=mm&r=g","caption":"vanessa"},"url":"https:\/\/www.smartphoto.ch\/blogue\/author\/vanessa"}]}},"_links":{"self":[{"href":"https:\/\/www.smartphoto.ch\/blogue\/wp-json\/wp\/v2\/posts\/5121","targetHints":{"allow":["GET"]}}],"collection":[{"href":"https:\/\/www.smartphoto.ch\/blogue\/wp-json\/wp\/v2\/posts"}],"about":[{"href":"https:\/\/www.smartphoto.ch\/blogue\/wp-json\/wp\/v2\/types\/post"}],"author":[{"embeddable":true,"href":"https:\/\/www.smartphoto.ch\/blogue\/wp-json\/wp\/v2\/users\/72"}],"replies":[{"embeddable":true,"href":"https:\/\/www.smartphoto.ch\/blogue\/wp-json\/wp\/v2\/comments?post=5121"}],"version-history":[{"count":18,"href":"https:\/\/www.smartphoto.ch\/blogue\/wp-json\/wp\/v2\/posts\/5121\/revisions"}],"predecessor-version":[{"id":5147,"href":"https:\/\/www.smartphoto.ch\/blogue\/wp-json\/wp\/v2\/posts\/5121\/revisions\/5147"}],"wp:featuredmedia":[{"embeddable":true,"href":"https:\/\/www.smartphoto.ch\/blogue\/wp-json\/wp\/v2\/media\/5146"}],"wp:attachment":[{"href":"https:\/\/www.smartphoto.ch\/blogue\/wp-json\/wp\/v2\/media?parent=5121"}],"wp:term":[{"taxonomy":"category","embeddable":true,"href":"https:\/\/www.smartphoto.ch\/blogue\/wp-json\/wp\/v2\/categories?post=5121"},{"taxonomy":"post_tag","embeddable":true,"href":"https:\/\/www.smartphoto.ch\/blogue\/wp-json\/wp\/v2\/tags?post=5121"}],"curies":[{"name":"wp","href":"https:\/\/api.w.org\/{rel}","templated":true}]}}