{"id":911,"date":"2017-08-25T10:40:18","date_gmt":"2017-08-25T08:40:18","guid":{"rendered":"\/blogue\/?p=911"},"modified":"2018-08-02T11:47:33","modified_gmt":"2018-08-02T09:47:33","slug":"faire-beaux-souvenirs-de-vacances-part-2","status":"publish","type":"post","link":"https:\/\/www.smartphoto.ch\/blogue\/faire-beaux-souvenirs-de-vacances-part-2","title":{"rendered":"Que faire avec tous ces beaux souvenirs de vacances? \u2013 2e partie"},"content":{"rendered":"<div id=\"bsf_rt_marker\"><\/div><p>Dans l\u2019article pr\u00e9c\u00e9dent, je t&rsquo;ai montr\u00e9 cinq fa\u00e7ons de mettre en sc\u00e8ne tes photos de vacances. Voici \u00e0 pr\u00e9sent cinq nouvelles id\u00e9es pour replonger dans ces doux souvenirs:<\/p>\n<h3><strong>1. Album photos<\/strong><\/h3>\n<p>Comme alternative au <a href=\"https:\/\/www.smartphoto.ch\/fr\/livre-photo\" target=\"_blank\" rel=\"noopener\">livre photo<\/a> imprim\u00e9, tu peux prendre un album photo vierge et y coller des <a href=\"https:\/\/www.smartphoto.ch\/fr\/tirage-photo\/developpement-photo\" target=\"_blank\" rel=\"noopener\">photos<\/a>, cartes, tickets d&rsquo;entr\u00e9e, etc. Ainsi tu auras un souvenir de vacances vraiment personnalis\u00e9.<\/p>\n<p><a href=\"https:\/\/storage.googleapis.com\/smartphoto-express-production-wp-blogs-com\/17\/2017\/08\/Fotoalbum-DIY-e1503649004934.jpg\" target=\"_blank\" rel=\"noopener\"><img loading=\"lazy\" decoding=\"async\" class=\"alignnone wp-image-914 size-full\" src=\"https:\/\/storage.googleapis.com\/smartphoto-express-production-wp-blogs-com\/17\/2017\/08\/Fotoalbum-DIY-e1503649004934.jpg\" alt=\"Album photo\" width=\"300\" height=\"200\" \/><\/a><\/p>\n<p>&nbsp;<\/p>\n<h3><strong>2. Bo\u00eete photos<\/strong><\/h3>\n<p>Pour conserver tes souvenirs, rien de tel qu&rsquo;une <a href=\"https:\/\/www.smartphoto.ch\/fr\/cadeaux-photo\/boite-biscuits-photo\" target=\"_blank\" rel=\"noopener\">bo\u00eete photos<\/a> personnalis\u00e9e. Tu peux par exemple\u00a0<a href=\"https:\/\/www.smartphoto.ch\/fr\/cadeaux-photo\/boite-biscuits-photo\" target=\"_blank\" rel=\"noopener\">commander<\/a> une bo\u00eete avec ton motif pr\u00e9f\u00e9r\u00e9 ou d\u00e9corer une bo\u00eete \u00e0 ta guise avec des autocollants. Tu pourras ensuite y regrouper tes photos et les regarder de temps \u00e0 autre pour replonger dans tes souvenirs.<\/p>\n<p><a href=\"https:\/\/storage.googleapis.com\/smartphoto-express-production-wp-blogs-com\/17\/2017\/08\/Keksdose-mit-Fotos-e1503649049726.jpg\" target=\"_blank\" rel=\"noopener\"><img loading=\"lazy\" decoding=\"async\" class=\"alignnone wp-image-916 size-full\" src=\"https:\/\/storage.googleapis.com\/smartphoto-express-production-wp-blogs-com\/17\/2017\/08\/Keksdose-mit-Fotos-e1503649049726.jpg\" alt=\"Bo\u00eete \u00e0 photos personnalis\u00e9e\" width=\"300\" height=\"200\" \/><\/a>\u00a0<a href=\"https:\/\/storage.googleapis.com\/smartphoto-express-production-wp-blogs-com\/17\/2017\/08\/Keksdose-mit-Fotos2-e1503649069365.jpg\" target=\"_blank\" rel=\"noopener\"><img loading=\"lazy\" decoding=\"async\" class=\"alignnone wp-image-917 size-full\" src=\"https:\/\/storage.googleapis.com\/smartphoto-express-production-wp-blogs-com\/17\/2017\/08\/Keksdose-mit-Fotos2-e1503649069365.jpg\" alt=\"Bo\u00eete personnalis\u00e9e pour photos souvenirs\" width=\"300\" height=\"200\" \/><\/a><\/p>\n<p>&nbsp;<\/p>\n<h3><strong>3. Cadres photos avec billets d\u2019avion, de trains, tickets d\u2019entr\u00e9e, etc.<\/strong><\/h3>\n<p>Sur <a href=\"https:\/\/athletesabroad.wordpress.com\/2014\/02\/26\/23-creative-ways-to-decorate-your-home-with-your-travels\/\" target=\"_blank\" rel=\"noopener\">Athletes Abroad,<\/a>\u00a0j\u2019ai trouv\u00e9 une autre id\u00e9e sympa. Prends un cadre assez profond. D\u00e9coupe les lettres dans tes <a href=\"https:\/\/www.smartphoto.ch\/fr\/tirage-photo\/developpement-photo\" target=\"_blank\" rel=\"noopener\">photos pr\u00e9f\u00e9r\u00e9es<\/a> et colle-les dans le cadre avec des tickets, des pi\u00e8ces, des coquillages, du sable, etc.<\/p>\n<p><a href=\"https:\/\/storage.googleapis.com\/smartphoto-express-production-wp-blogs-com\/17\/2017\/08\/Bilder-St\u00e4dte-e1503649090997.png\" target=\"_blank\" rel=\"noopener\"><img loading=\"lazy\" decoding=\"async\" class=\"alignnone wp-image-912 size-full\" src=\"https:\/\/storage.googleapis.com\/smartphoto-express-production-wp-blogs-com\/17\/2017\/08\/Bilder-St\u00e4dte-e1503649090997.png\" alt=\"Cadres photos souvenirs de vacances\" width=\"191\" height=\"300\" \/><\/a><\/p>\n<p><strong>\u00a0<\/strong><\/p>\n<h3><strong>4. Mug avec photo<\/strong><\/h3>\n<p>Le grand classique! Choisis ta plus belle photo de vacances et fais-la imprimer sur un\u00a0<a href=\"https:\/\/www.smartphoto.ch\/fr\/cadeaux-photo\/mugs\" target=\"_blank\" rel=\"noopener\">mug<\/a>. Ainsi, tu commenceras ta journ\u00e9e avec une tasse de caf\u00e9 ou de th\u00e9 qui te rappelleras de doux souvenirs. Tu peux m\u00eame commander une seconde tasse pour le bureau!<\/p>\n<p><a href=\"https:\/\/storage.googleapis.com\/smartphoto-express-production-wp-blogs-com\/17\/2017\/08\/Fototasse-e1503649115173.jpg\" target=\"_blank\" rel=\"noopener\"><img loading=\"lazy\" decoding=\"async\" class=\"alignnone wp-image-915 size-full\" src=\"https:\/\/storage.googleapis.com\/smartphoto-express-production-wp-blogs-com\/17\/2017\/08\/Fototasse-e1503649115173.jpg\" alt=\"Mug avec photo\" width=\"300\" height=\"200\" \/><\/a><\/p>\n<p>&nbsp;<\/p>\n<h3><strong>5. Rideau de douche avec pochettes photo<\/strong><\/h3>\n<p>J&rsquo;ai litt\u00e9ralement craqu\u00e9 sur le rideau de douche avec pochettes photo (vu sur le site <a href=\"http:\/\/www.geschenkhexe.ch\/duschvorhang-fototaschen.html\" target=\"_blank\" rel=\"noopener\">Geschenkhexe<\/a>). Une id\u00e9e originale pour avoir tes photos de vacances sous les yeux en prenant ta douche&#8230; \u00e0 moins que tu ne pr\u00e9f\u00e8res l&rsquo;accrocher au mur, comme illustr\u00e9 ci-dessous.<\/p>\n<p><a href=\"https:\/\/storage.googleapis.com\/smartphoto-express-production-wp-blogs-com\/17\/2017\/08\/duschvorhang_fuer_fotos-e1503649291400.jpg\" target=\"_blank\" rel=\"noopener\"><img loading=\"lazy\" decoding=\"async\" class=\"alignnone wp-image-913 size-full\" src=\"https:\/\/storage.googleapis.com\/smartphoto-express-production-wp-blogs-com\/17\/2017\/08\/duschvorhang_fuer_fotos-e1503649291400.jpg\" alt=\"Rideau de douche avec pochettes photo\" width=\"300\" height=\"225\" \/><\/a><\/p>\n<p><strong>\u00a0<\/strong><\/p>\n<p>J\u2019esp\u00e8re t\u2019avoir donn\u00e9 quelques id\u00e9es suppl\u00e9mentaires pour conserver et mettre en sc\u00e8ne tes plus belles photos de vacances.<\/p>\n<p>Il ne me reste plus qu&rsquo;\u00e0 te souhaiter de bonnes s\u00e9ances de bricolage, de d\u00e9co&#8230; et de beaux souvenirs!<\/p>\n<p>Marie<\/p>\n","protected":false},"excerpt":{"rendered":"<p>Dans l\u2019article pr\u00e9c\u00e9dent, je t&rsquo;ai montr\u00e9 cinq fa\u00e7ons de mettre en sc\u00e8ne tes photos de vacances. Voici \u00e0 pr\u00e9sent cinq nouvelles id\u00e9es pour replonger dans ces doux souvenirs: 1. Album photos Comme alternative au livre photo imprim\u00e9, tu peux prendre un album photo vierge et y coller des photos, cartes, tickets d&rsquo;entr\u00e9e, etc. Ainsi tu auras un souvenir de vacances vraiment personnalis\u00e9. &nbsp; 2. Bo\u00eete photos Pour conserver tes souvenirs, rien de tel qu&rsquo;une bo\u00eete photos personnalis\u00e9e. Tu peux par exemple\u00a0commander une bo\u00eete avec ton motif pr\u00e9f\u00e9r\u00e9 ou d\u00e9corer une bo\u00eete \u00e0 ta guise avec des autocollants. Tu pourras ensuite<\/p>\n","protected":false},"author":14,"featured_media":914,"comment_status":"open","ping_status":"open","sticky":false,"template":"","format":"standard","meta":{"om_disable_all_campaigns":false,"_monsterinsights_skip_tracking":false,"_monsterinsights_sitenote_active":false,"_monsterinsights_sitenote_note":"","_monsterinsights_sitenote_category":0,"footnotes":""},"categories":[27,28],"tags":[107,77,108,91,106,32,31,94,35,36,55,7,99,105,104,21,100,60,52],"class_list":["post-911","post","type-post","status-publish","format-standard","has-post-thumbnail","hentry","category-bricolage","category-idees-deco","tag-album-photo","tag-boite-a-biscuits","tag-boite-photo","tag-bricoler","tag-cadres-photo","tag-deco","tag-decoration","tag-diy","tag-idees-deco","tag-idees-decoration","tag-livres-photo","tag-photo","tag-photo-de-vacances","tag-rideau-de-douche","tag-sac-cabas","tag-smartphoto","tag-suspendre-des-photos","tag-tasse-photo","tag-vacances"],"yoast_head":"<!-- This site is optimized with the Yoast SEO plugin v23.8 - https:\/\/yoast.com\/wordpress\/plugins\/seo\/ -->\n<title>Que faire avec tous ces beaux souvenirs de vacances? \u2013 2e partie - Ton monde de cadeaux<\/title>\n<meta name=\"description\" content=\"Tu veux mettre en sc\u00e8ne tes photos de vacances? Dans cet article, tu trouveras cinq nouvelles id\u00e9es pour replonger dans ces doux souvenirs.\" \/>\n<meta name=\"robots\" content=\"index, follow, max-snippet:-1, max-image-preview:large, max-video-preview:-1\" \/>\n<link rel=\"canonical\" href=\"https:\/\/www.smartphoto.ch\/blogue\/faire-beaux-souvenirs-de-vacances-part-2\" \/>\n<meta property=\"og:locale\" content=\"fr_FR\" \/>\n<meta property=\"og:type\" content=\"article\" \/>\n<meta property=\"og:title\" content=\"Que faire avec tous ces beaux souvenirs de vacances? \u2013 2e partie - Ton monde de cadeaux\" \/>\n<meta property=\"og:description\" content=\"Tu veux mettre en sc\u00e8ne tes photos de vacances? Dans cet article, tu trouveras cinq nouvelles id\u00e9es pour replonger dans ces doux souvenirs.\" \/>\n<meta property=\"og:url\" content=\"\/blogue\/faire-beaux-souvenirs-de-vacances-part-2\" \/>\n<meta property=\"og:site_name\" content=\"Ton monde de cadeaux\" \/>\n<meta property=\"article:published_time\" content=\"2017-08-25T08:40:18+00:00\" \/>\n<meta property=\"article:modified_time\" content=\"2018-08-02T09:47:33+00:00\" \/>\n<meta property=\"og:image\" content=\"https:\/\/storage.googleapis.com\/smartphoto-express-production-wp-blogs-com\/17\/2017\/08\/Fotoalbum-DIY-e1503649004934.jpg\" \/>\n\t<meta property=\"og:image:width\" content=\"300\" \/>\n\t<meta property=\"og:image:height\" content=\"200\" \/>\n\t<meta property=\"og:image:type\" content=\"image\/jpeg\" \/>\n<meta name=\"author\" content=\"Marie\" \/>\n<meta name=\"twitter:card\" content=\"summary_large_image\" \/>\n<meta name=\"twitter:label1\" content=\"Written by\" \/>\n\t<meta name=\"twitter:data1\" content=\"Marie\" \/>\n\t<meta name=\"twitter:label2\" content=\"Est. reading time\" \/>\n\t<meta name=\"twitter:data2\" content=\"2 minutes\" \/>\n<script type=\"application\/ld+json\" class=\"yoast-schema-graph\">{\"@context\":\"https:\/\/schema.org\",\"@graph\":[{\"@type\":\"WebPage\",\"@id\":\"\/blogue\/faire-beaux-souvenirs-de-vacances-part-2\",\"url\":\"https:\/\/www.smartphoto.ch\/blogue\/faire-beaux-souvenirs-de-vacances-part-2\",\"name\":\"Que faire avec tous ces beaux souvenirs de vacances? \u2013 2e partie - Ton monde de cadeaux\",\"isPartOf\":{\"@id\":\"https:\/\/www.smartphoto.ch\/blogue\/#website\"},\"primaryImageOfPage\":{\"@id\":\"https:\/\/www.smartphoto.ch\/blogue\/faire-beaux-souvenirs-de-vacances-part-2#primaryimage\"},\"image\":{\"@id\":\"https:\/\/www.smartphoto.ch\/blogue\/faire-beaux-souvenirs-de-vacances-part-2#primaryimage\"},\"thumbnailUrl\":\"https:\/\/storage.googleapis.com\/smartphoto-express-production-wp-blogs-com\/17\/2017\/08\/Fotoalbum-DIY-e1503649004934.jpg\",\"datePublished\":\"2017-08-25T08:40:18+00:00\",\"dateModified\":\"2018-08-02T09:47:33+00:00\",\"author\":{\"@id\":\"https:\/\/www.smartphoto.ch\/blogue\/#\/schema\/person\/3628597c05f38a13da860d926db19a4d\"},\"description\":\"Tu veux mettre en sc\u00e8ne tes photos de vacances? Dans cet article, tu trouveras cinq nouvelles id\u00e9es pour replonger dans ces doux souvenirs.\",\"breadcrumb\":{\"@id\":\"https:\/\/www.smartphoto.ch\/blogue\/faire-beaux-souvenirs-de-vacances-part-2#breadcrumb\"},\"inLanguage\":\"fr-FR\",\"potentialAction\":[{\"@type\":\"ReadAction\",\"target\":[\"https:\/\/www.smartphoto.ch\/blogue\/faire-beaux-souvenirs-de-vacances-part-2\"]}]},{\"@type\":\"ImageObject\",\"inLanguage\":\"fr-FR\",\"@id\":\"https:\/\/www.smartphoto.ch\/blogue\/faire-beaux-souvenirs-de-vacances-part-2#primaryimage\",\"url\":\"https:\/\/storage.googleapis.com\/smartphoto-express-production-wp-blogs-com\/17\/2017\/08\/Fotoalbum-DIY-e1503649004934.jpg\",\"contentUrl\":\"https:\/\/storage.googleapis.com\/smartphoto-express-production-wp-blogs-com\/17\/2017\/08\/Fotoalbum-DIY-e1503649004934.jpg\",\"width\":300,\"height\":200},{\"@type\":\"BreadcrumbList\",\"@id\":\"https:\/\/www.smartphoto.ch\/blogue\/faire-beaux-souvenirs-de-vacances-part-2#breadcrumb\",\"itemListElement\":[{\"@type\":\"ListItem\",\"position\":1,\"name\":\"Home\",\"item\":\"\/blogue\/\"},{\"@type\":\"ListItem\",\"position\":2,\"name\":\"Que faire avec tous ces beaux souvenirs de vacances? \u2013 2e partie\"}]},{\"@type\":\"WebSite\",\"@id\":\"https:\/\/www.smartphoto.ch\/blogue\/#website\",\"url\":\"https:\/\/www.smartphoto.ch\/blogue\/\",\"name\":\"Ton monde de cadeaux\",\"description\":\"Ton monde de cadeaux\",\"potentialAction\":[{\"@type\":\"SearchAction\",\"target\":{\"@type\":\"EntryPoint\",\"urlTemplate\":\"https:\/\/www.smartphoto.ch\/blogue\/?s={search_term_string}\"},\"query-input\":{\"@type\":\"PropertyValueSpecification\",\"valueRequired\":true,\"valueName\":\"search_term_string\"}}],\"inLanguage\":\"fr-FR\"},{\"@type\":\"Person\",\"@id\":\"https:\/\/www.smartphoto.ch\/blogue\/#\/schema\/person\/3628597c05f38a13da860d926db19a4d\",\"name\":\"Marie\",\"image\":{\"@type\":\"ImageObject\",\"inLanguage\":\"fr-FR\",\"@id\":\"https:\/\/www.smartphoto.ch\/blogue\/#\/schema\/person\/image\/\",\"url\":\"https:\/\/secure.gravatar.com\/avatar\/808adf273494c4707391b67c498b5617?s=96&d=mm&r=g\",\"contentUrl\":\"https:\/\/secure.gravatar.com\/avatar\/808adf273494c4707391b67c498b5617?s=96&d=mm&r=g\",\"caption\":\"Marie\"},\"url\":\"https:\/\/www.smartphoto.ch\/blogue\/author\/dennis\"}]}<\/script>\n<!-- \/ Yoast SEO plugin. -->","yoast_head_json":{"title":"Que faire avec tous ces beaux souvenirs de vacances? \u2013 2e partie - Ton monde de cadeaux","description":"Tu veux mettre en sc\u00e8ne tes photos de vacances? Dans cet article, tu trouveras cinq nouvelles id\u00e9es pour replonger dans ces doux souvenirs.","robots":{"index":"index","follow":"follow","max-snippet":"max-snippet:-1","max-image-preview":"max-image-preview:large","max-video-preview":"max-video-preview:-1"},"canonical":"https:\/\/www.smartphoto.ch\/blogue\/faire-beaux-souvenirs-de-vacances-part-2","og_locale":"fr_FR","og_type":"article","og_title":"Que faire avec tous ces beaux souvenirs de vacances? \u2013 2e partie - Ton monde de cadeaux","og_description":"Tu veux mettre en sc\u00e8ne tes photos de vacances? Dans cet article, tu trouveras cinq nouvelles id\u00e9es pour replonger dans ces doux souvenirs.","og_url":"\/blogue\/faire-beaux-souvenirs-de-vacances-part-2","og_site_name":"Ton monde de cadeaux","article_published_time":"2017-08-25T08:40:18+00:00","article_modified_time":"2018-08-02T09:47:33+00:00","og_image":[{"width":300,"height":200,"url":"https:\/\/storage.googleapis.com\/smartphoto-express-production-wp-blogs-com\/17\/2017\/08\/Fotoalbum-DIY-e1503649004934.jpg","type":"image\/jpeg"}],"author":"Marie","twitter_card":"summary_large_image","twitter_misc":{"Written by":"Marie","Est. reading time":"2 minutes"},"schema":{"@context":"https:\/\/schema.org","@graph":[{"@type":"WebPage","@id":"\/blogue\/faire-beaux-souvenirs-de-vacances-part-2","url":"https:\/\/www.smartphoto.ch\/blogue\/faire-beaux-souvenirs-de-vacances-part-2","name":"Que faire avec tous ces beaux souvenirs de vacances? \u2013 2e partie - Ton monde de cadeaux","isPartOf":{"@id":"https:\/\/www.smartphoto.ch\/blogue\/#website"},"primaryImageOfPage":{"@id":"https:\/\/www.smartphoto.ch\/blogue\/faire-beaux-souvenirs-de-vacances-part-2#primaryimage"},"image":{"@id":"https:\/\/www.smartphoto.ch\/blogue\/faire-beaux-souvenirs-de-vacances-part-2#primaryimage"},"thumbnailUrl":"https:\/\/storage.googleapis.com\/smartphoto-express-production-wp-blogs-com\/17\/2017\/08\/Fotoalbum-DIY-e1503649004934.jpg","datePublished":"2017-08-25T08:40:18+00:00","dateModified":"2018-08-02T09:47:33+00:00","author":{"@id":"https:\/\/www.smartphoto.ch\/blogue\/#\/schema\/person\/3628597c05f38a13da860d926db19a4d"},"description":"Tu veux mettre en sc\u00e8ne tes photos de vacances? Dans cet article, tu trouveras cinq nouvelles id\u00e9es pour replonger dans ces doux souvenirs.","breadcrumb":{"@id":"https:\/\/www.smartphoto.ch\/blogue\/faire-beaux-souvenirs-de-vacances-part-2#breadcrumb"},"inLanguage":"fr-FR","potentialAction":[{"@type":"ReadAction","target":["https:\/\/www.smartphoto.ch\/blogue\/faire-beaux-souvenirs-de-vacances-part-2"]}]},{"@type":"ImageObject","inLanguage":"fr-FR","@id":"https:\/\/www.smartphoto.ch\/blogue\/faire-beaux-souvenirs-de-vacances-part-2#primaryimage","url":"https:\/\/storage.googleapis.com\/smartphoto-express-production-wp-blogs-com\/17\/2017\/08\/Fotoalbum-DIY-e1503649004934.jpg","contentUrl":"https:\/\/storage.googleapis.com\/smartphoto-express-production-wp-blogs-com\/17\/2017\/08\/Fotoalbum-DIY-e1503649004934.jpg","width":300,"height":200},{"@type":"BreadcrumbList","@id":"https:\/\/www.smartphoto.ch\/blogue\/faire-beaux-souvenirs-de-vacances-part-2#breadcrumb","itemListElement":[{"@type":"ListItem","position":1,"name":"Home","item":"\/blogue\/"},{"@type":"ListItem","position":2,"name":"Que faire avec tous ces beaux souvenirs de vacances? \u2013 2e partie"}]},{"@type":"WebSite","@id":"https:\/\/www.smartphoto.ch\/blogue\/#website","url":"https:\/\/www.smartphoto.ch\/blogue\/","name":"Ton monde de cadeaux","description":"Ton monde de cadeaux","potentialAction":[{"@type":"SearchAction","target":{"@type":"EntryPoint","urlTemplate":"https:\/\/www.smartphoto.ch\/blogue\/?s={search_term_string}"},"query-input":{"@type":"PropertyValueSpecification","valueRequired":true,"valueName":"search_term_string"}}],"inLanguage":"fr-FR"},{"@type":"Person","@id":"https:\/\/www.smartphoto.ch\/blogue\/#\/schema\/person\/3628597c05f38a13da860d926db19a4d","name":"Marie","image":{"@type":"ImageObject","inLanguage":"fr-FR","@id":"https:\/\/www.smartphoto.ch\/blogue\/#\/schema\/person\/image\/","url":"https:\/\/secure.gravatar.com\/avatar\/808adf273494c4707391b67c498b5617?s=96&d=mm&r=g","contentUrl":"https:\/\/secure.gravatar.com\/avatar\/808adf273494c4707391b67c498b5617?s=96&d=mm&r=g","caption":"Marie"},"url":"https:\/\/www.smartphoto.ch\/blogue\/author\/dennis"}]}},"_links":{"self":[{"href":"https:\/\/www.smartphoto.ch\/blogue\/wp-json\/wp\/v2\/posts\/911","targetHints":{"allow":["GET"]}}],"collection":[{"href":"https:\/\/www.smartphoto.ch\/blogue\/wp-json\/wp\/v2\/posts"}],"about":[{"href":"https:\/\/www.smartphoto.ch\/blogue\/wp-json\/wp\/v2\/types\/post"}],"author":[{"embeddable":true,"href":"https:\/\/www.smartphoto.ch\/blogue\/wp-json\/wp\/v2\/users\/14"}],"replies":[{"embeddable":true,"href":"https:\/\/www.smartphoto.ch\/blogue\/wp-json\/wp\/v2\/comments?post=911"}],"version-history":[{"count":12,"href":"https:\/\/www.smartphoto.ch\/blogue\/wp-json\/wp\/v2\/posts\/911\/revisions"}],"predecessor-version":[{"id":2389,"href":"https:\/\/www.smartphoto.ch\/blogue\/wp-json\/wp\/v2\/posts\/911\/revisions\/2389"}],"wp:featuredmedia":[{"embeddable":true,"href":"https:\/\/www.smartphoto.ch\/blogue\/wp-json\/wp\/v2\/media\/914"}],"wp:attachment":[{"href":"https:\/\/www.smartphoto.ch\/blogue\/wp-json\/wp\/v2\/media?parent=911"}],"wp:term":[{"taxonomy":"category","embeddable":true,"href":"https:\/\/www.smartphoto.ch\/blogue\/wp-json\/wp\/v2\/categories?post=911"},{"taxonomy":"post_tag","embeddable":true,"href":"https:\/\/www.smartphoto.ch\/blogue\/wp-json\/wp\/v2\/tags?post=911"}],"curies":[{"name":"wp","href":"https:\/\/api.w.org\/{rel}","templated":true}]}}