{"id":963,"date":"2017-09-22T11:39:33","date_gmt":"2017-09-22T09:39:33","guid":{"rendered":"\/blogue\/?p=963"},"modified":"2018-08-02T11:31:26","modified_gmt":"2018-08-02T09:31:26","slug":"10-idees-organiser-images-mur","status":"publish","type":"post","link":"https:\/\/www.smartphoto.ch\/blogue\/10-idees-organiser-images-mur","title":{"rendered":"11 id\u00e9es de d\u00e9coration murale"},"content":{"rendered":"<div id=\"bsf_rt_marker\"><\/div><p>L\u2019automne approche. Nous passons \u00e0 nouveau plus de temps \u00e0 la maison. C&rsquo;est donc le moment id\u00e9al pour faire de notre int\u00e9rieur un petit nid douillet. Chez nous par exemple, nous avons encore un mur blanc sur lequel il serait urgent d\u2019afficher un peu de cr\u00e9ativit\u00e9. Du coup, je me suis mise en qu\u00eate d&rsquo;id\u00e9es pour r\u00e9aliser une belle d\u00e9coration murale. Voici les 11 id\u00e9es que j&rsquo;ai s\u00e9lectionn\u00e9es.<\/p>\n<p>&nbsp;<\/p>\n<h3><strong>1. Le panorama \u2013 Mettre une photo en sc\u00e8ne<\/strong><\/h3>\n<p>Tu as une grande photo ou une photo que tu aimes particuli\u00e8rement et que tu souhaites mettre en valeur? Si oui, donne-lui une place privil\u00e9gi\u00e9e sur le mur afin qu&rsquo;elle puisse briller de tous ses feux. Et si tu veux focaliser encore davantage l&rsquo;attention sur elle, veille \u00e0 m\u00e9nager suffisamment d&rsquo;espace tout autour. Une <a href=\"https:\/\/www.smartphoto.ch\/fr\/deco-photo\/photo-sur-toile\" target=\"_blank\" rel=\"noopener\">photo<\/a>\u00a0panoramique convient particuli\u00e8rement bien pour les petites pi\u00e8ces: elle leur apporte une ambiance styl\u00e9e sans oppresser.<\/p>\n<p><em>Astuce: veille \u00e0 ce que le centre de la photo se situe \u00e0 peu pr\u00e8s \u00e0 hauteur d\u2019yeux.<\/em><\/p>\n<p><a href=\"https:\/\/storage.googleapis.com\/smartphoto-express-production-wp-blogs-com\/17\/2017\/09\/Panorama_Bild_in_Szene_setzen-e1506071033208.jpg\" target=\"_blank\" rel=\"noopener\"><img loading=\"lazy\" decoding=\"async\" class=\"alignnone wp-image-980 size-full\" src=\"https:\/\/storage.googleapis.com\/smartphoto-express-production-wp-blogs-com\/17\/2017\/09\/Panorama_Bild_in_Szene_setzen-e1506071033208.jpg\" alt=\"Photo sur toile panoramique\" width=\"300\" height=\"200\" \/><\/a><\/p>\n<p><em>\u00a0<\/em><\/p>\n<h3><strong>2. Le mur photos \u2013 R\u00e9aliser une galerie murale<\/strong><\/h3>\n<p>Tu as plusieurs photos qui vont\u00a0<a href=\"https:\/\/www.smartphoto.ch\/fr\/deco-photo\/polyptyque-toile-plusieurs-photos\" target=\"_blank\" rel=\"noopener\">ensemble<\/a> et tu aimerais les accrocher au mur? Dispose-les en formant un carr\u00e9, une vague, un nuage ou un sextet. Tu peux placer les photos dans un m\u00eame cadre ou commander des impressions sur toile. Lorsque tu les suspendras, veille \u00e0 ce que les espaces entre les photos soient identiques (tu peux au pr\u00e9alable faire un marquage au crayon par exemple).<\/p>\n<p><em>Astuce: dispose ta composition de fa\u00e7on \u00e0 ce qu\u2019un tiers soit au-dessus du regard et deux tiers au-dessous.<\/em><\/p>\n<p><a href=\"https:\/\/storage.googleapis.com\/smartphoto-express-production-wp-blogs-com\/17\/2017\/09\/Fotowand_Galerie_Bild_Komposition_Kaktus-e1506071150937.jpg\" target=\"_blank\" rel=\"noopener\"><img loading=\"lazy\" decoding=\"async\" class=\"alignnone wp-image-972\" src=\"https:\/\/storage.googleapis.com\/smartphoto-express-production-wp-blogs-com\/17\/2017\/09\/Fotowand_Galerie_Bild_Komposition_Kaktus-e1506071150937.jpg\" alt=\"Mur photos\" width=\"199\" height=\"199\" \/><\/a>\u00a0<a href=\"https:\/\/storage.googleapis.com\/smartphoto-express-production-wp-blogs-com\/17\/2017\/09\/Fotowand_Galerie_Bild_Komposition_Wandtattoo_Baby-e1506071191777.jpg\" target=\"_blank\" rel=\"noopener\"><img loading=\"lazy\" decoding=\"async\" class=\"alignnone wp-image-973 size-full\" src=\"https:\/\/storage.googleapis.com\/smartphoto-express-production-wp-blogs-com\/17\/2017\/09\/Fotowand_Galerie_Bild_Komposition_Wandtattoo_Baby-e1506071191777.jpg\" alt=\"Galerie murale\" width=\"300\" height=\"200\" \/><\/a><\/p>\n<p><em>\u00a0<\/em><\/p>\n<h3><strong>3. Le polyptyque \u2013 Plusieurs \u00e9l\u00e9ments en un<\/strong><\/h3>\n<p>L&rsquo;id\u00e9e est de r\u00e9partir une photo sur plusieurs <a href=\"https:\/\/www.smartphoto.ch\/fr\/deco-photo\/polyptyque-une-photo\" target=\"_blank\" rel=\"noopener\">\u00e9l\u00e9ments<\/a>, ce\u00a0 qui permet de la mettre particuli\u00e8rement en \u00e9vidence et de donner au mur une dynamique tout en harmonie. Les \u00e9l\u00e9ments ne doivent pas obligatoirement \u00eatre tous de la m\u00eame taille, il en existe de divers formats. Le plus courant est le triptyque (3 parties, comme illustr\u00e9 ci-dessous), mais il y a aussi le quadriptyque (4 \u00e9l\u00e9ments), le pentaptyque (vague de 5 pi\u00e8ces) ou l&rsquo;hexaptyque (qui forme \u00e9galement un carr\u00e9). L\u2019important est que les photos soient align\u00e9es, avec des espaces r\u00e9duits mais r\u00e9guliers entre chacune.<\/p>\n<p><a href=\"https:\/\/storage.googleapis.com\/smartphoto-express-production-wp-blogs-com\/17\/2017\/09\/Fotowand_Split_Mehrteiler_Hochzeit_romantisch-e1506071295259.jpg\" target=\"_blank\" rel=\"noopener\"><img loading=\"lazy\" decoding=\"async\" class=\"alignnone wp-image-974 size-full\" src=\"https:\/\/storage.googleapis.com\/smartphoto-express-production-wp-blogs-com\/17\/2017\/09\/Fotowand_Split_Mehrteiler_Hochzeit_romantisch-e1506071295259.jpg\" alt=\"Tryptique photo\" width=\"300\" height=\"200\" \/><\/a>\u00a0<a href=\"https:\/\/storage.googleapis.com\/smartphoto-express-production-wp-blogs-com\/17\/2017\/09\/Fotowand_Split_Mehrteiler_Wedding_bohostyle-e1506071317739.jpg\" target=\"_blank\" rel=\"noopener\"><img loading=\"lazy\" decoding=\"async\" class=\"alignnone wp-image-975 size-full\" src=\"https:\/\/storage.googleapis.com\/smartphoto-express-production-wp-blogs-com\/17\/2017\/09\/Fotowand_Split_Mehrteiler_Wedding_bohostyle-e1506071317739.jpg\" alt=\"Polyptyque 1 photo\" width=\"300\" height=\"200\" \/><\/a><\/p>\n<p>&nbsp;<\/p>\n<h3><strong>4. Des photos et des mots<\/strong><\/h3>\n<p>De belles photos s&rsquo;accompagnent volontiers de jolis mots. Voici deux exemples qui me plaisent vraiment bien. Le premier consiste \u00e0 compl\u00e9ter la <a href=\"https:\/\/www.smartphoto.ch\/fr\/deco-photo\/polyptyque-toile-plusieurs-photos\" target=\"_blank\" rel=\"noopener\">composition<\/a> avec des mots. Je trouve que cela rend l\u2019ensemble plus expressif.<\/p>\n<p>L\u2019autre exemple est une forme de \u00abchaos organis\u00e9\u00bb: tu peux disposer tes photos sur le mur comme bon te semble, isol\u00e9es ou en groupe. Plus tu utilises de formes et de dimensions diff\u00e9rentes, plus ta composition sera int\u00e9ressante. Et si tu y ajoutes encore du texte, ton \u0153uvre sera encore plus originale. Choisis tout d&rsquo;abord une photo que tu aimerais mettre en valeur et dispose les autres photos tout autour.<\/p>\n<p><em>Astuce: fais d\u2019abord un essai en disposant tes photos par terre. Tu verras ainsi si la composition te convient ou si tu veux encore modifier quelque chose avant de l&rsquo;accrocher au mur.<\/em><\/p>\n<p><a href=\"https:\/\/storage.googleapis.com\/smartphoto-express-production-wp-blogs-com\/17\/2017\/09\/fotowand-gestalten-modern-leinwand-idee-bilder-botschaft-familie-2-e1506071382363.jpg\" target=\"_blank\" rel=\"noopener\"><img loading=\"lazy\" decoding=\"async\" class=\"alignnone wp-image-978\" src=\"https:\/\/storage.googleapis.com\/smartphoto-express-production-wp-blogs-com\/17\/2017\/09\/fotowand-gestalten-modern-leinwand-idee-bilder-botschaft-familie-2-e1506071382363.jpg\" alt=\"Composition murale avec photos et texte\" width=\"276\" height=\"226\" \/><\/a>\u00a0<a href=\"https:\/\/storage.googleapis.com\/smartphoto-express-production-wp-blogs-com\/17\/2017\/09\/fotowand-gestalten-bilderrahmen-schwarz-schriftzuege-baby-e1506071417410.jpg\" target=\"_blank\" rel=\"noopener\"><img loading=\"lazy\" decoding=\"async\" class=\"alignnone wp-image-976 size-full\" src=\"https:\/\/storage.googleapis.com\/smartphoto-express-production-wp-blogs-com\/17\/2017\/09\/fotowand-gestalten-bilderrahmen-schwarz-schriftzuege-baby-e1506071417410.jpg\" alt=\"Mur photos avec texte\" width=\"300\" height=\"225\" \/><\/a><\/p>\n<p>Cr\u00e9dit photo: <a href=\"https:\/\/deavita.com\/dekoration\/fotowand-gestalten-tipps-ideen.html\" target=\"_blank\" rel=\"noopener\">Deavita<\/a><\/p>\n<p>&nbsp;<\/p>\n<h3><strong>5. Formes g\u00e9om\u00e9triques \u2013 Une horloge murale avec photos<\/strong><\/h3>\n<p>Si tu as beaucoup de place sur ton mur et que tu aimes l&rsquo;originalit\u00e9, une horloge en photos sera du plus bel effet. Pour cela, il faut d\u2019abord r\u00e9fl\u00e9chir \u00e0 sa taille finale. Dans un second temps, il faut r\u00e9fl\u00e9chir \u00e0 la couleur du mur qui portera la cr\u00e9ation. Lorsque ces deux points seront d\u00e9finis, tu peux fixer les aiguilles au centre du mur puis \u00e9baucher le pourtour de l&rsquo;horloge avec du ruban de masquage. L\u2019\u00e9tape suivante consiste \u00e0 choisir les photos et les cadres et \u00e0 les disposer. Il s\u2019agit l\u00e0 d\u2019un projet assez cons\u00e9quent, mais le r\u00e9sultat est vraiment superbe et \u00e0 la fin, tu seras tr\u00e8s fier(e) de ton \u0153uvre.<\/p>\n<p>Si tu n&rsquo;as pas beaucoup de place et peu de temps, tu peux aussi commander <a href=\"https:\/\/www.smartphoto.ch\/fr\/cadeaux-photo\/horloge-photo\" target=\"_blank\" rel=\"noopener\">une horloge avec ta photo<\/a>.<\/p>\n<p><a href=\"https:\/\/storage.googleapis.com\/smartphoto-express-production-wp-blogs-com\/17\/2017\/09\/Fotowand-gestalten-forme-uhr-e1506071578946.jpg\" target=\"_blank\" rel=\"noopener\"><img loading=\"lazy\" decoding=\"async\" class=\"alignnone wp-image-977 size-full\" src=\"https:\/\/storage.googleapis.com\/smartphoto-express-production-wp-blogs-com\/17\/2017\/09\/Fotowand-gestalten-forme-uhr-e1506071578946.jpg\" alt=\"Horloge murale avec photos\" width=\"300\" height=\"201\" \/><\/a><\/p>\n<p>Cr\u00e9dit photo:\u00a0<a href=\"https:\/\/deavita.com\/dekoration\/fotowand-gestalten-tipps-ideen.html\" target=\"_blank\" rel=\"noopener\">Deavita<\/a><\/p>\n<p>&nbsp;<\/p>\n<h3><strong>6. Le p\u00eale-m\u00eale<\/strong><\/h3>\n<p>Tu aimerais agr\u00e9menter ton mur avec un <a href=\"https:\/\/www.smartphoto.ch\/fr\/deco-photo\/poster-pele-mele?options=FRAMEPOSTER40x40Black,FRAMEPOSTER60x60Black,FRAME20x30Black,FRAMEPOSTER30x45Black,FRAMEPOSTER40x60Black,FRAMEPOSTER60x90Black,FRAMEPOSTER30x30Black,FRAMEPOSTER30x80Black,FRAMEPOSTER40x105Black,FRAMEPOSTER50x75White\" target=\"_blank\" rel=\"noopener\">p\u00eale-m\u00eale<\/a>? L\u00e0 aussi, tu as plusieurs possibilit\u00e9s. Tu peux par exemple orner ton mur de toute une palette d\u2019images ou de photos,\u00a0<a href=\"https:\/\/www.smartphoto.ch\/fr\/deco-photo\" target=\"_blank\" rel=\"noopener\">commander<\/a> un p\u00eale-m\u00eale sur une toile, ou encore disposer plusieurs photos dans un cadre. Pour la derni\u00e8re variante, tu peux essayer diff\u00e9rentes configurations ou utiliser des cadres de tailles diff\u00e9rentes. Par contre, il est pr\u00e9f\u00e9rable de choisir toujours le m\u00eame mat\u00e9riau pour les cadres.<\/p>\n<p><em>Astuce: je suspendrais les cadres de mani\u00e8re \u00e0 ce que les bords soient align\u00e9s. Ainsi, tes photos formeront une \u0153uvre d&rsquo;art harmonieuse.<\/em><\/p>\n<p><a href=\"https:\/\/storage.googleapis.com\/smartphoto-express-production-wp-blogs-com\/17\/2017\/09\/Collage-e1506071649225.jpeg\" target=\"_blank\" rel=\"noopener\"><img loading=\"lazy\" decoding=\"async\" class=\"alignnone wp-image-968 size-full\" src=\"https:\/\/storage.googleapis.com\/smartphoto-express-production-wp-blogs-com\/17\/2017\/09\/Collage-e1506071649225.jpeg\" alt=\"P\u00eale-m\u00eale photos\" width=\"300\" height=\"300\" \/><\/a>\u00a0<a href=\"https:\/\/storage.googleapis.com\/smartphoto-express-production-wp-blogs-com\/17\/2017\/09\/collagfe_Bilderrahmen-schwarz-an-wand-e1506071678466.jpg\" target=\"_blank\" rel=\"noopener\"><img loading=\"lazy\" decoding=\"async\" class=\"alignnone wp-image-969 size-full\" src=\"https:\/\/storage.googleapis.com\/smartphoto-express-production-wp-blogs-com\/17\/2017\/09\/collagfe_Bilderrahmen-schwarz-an-wand-e1506071678466.jpg\" alt=\"P\u00eale-m\u00eale avec cadres photo\" width=\"226\" height=\"300\" \/><\/a><\/p>\n<p><em>\u00a0Cr\u00e9dit photo (photo de droite):\u00a0<a href=\"https:\/\/deavita.com\/dekoration\/fotowand-gestalten-tipps-ideen.html\" target=\"_blank\" rel=\"noopener\">Deavita<\/a><\/em><\/p>\n<p>&nbsp;<\/p>\n<h3><strong>7. Le pouvoir des mots<\/strong><\/h3>\n<p>Les tatouages et autocollants muraux ont le vent en poupe. Et les citations, expressions ou mots doux font une jolie d\u00e9coration d&rsquo;int\u00e9rieur. Personnellement, j&rsquo;aime beaucoup les affiches avec de petits textes d\u00e9finissant un terme.\u00a0Du coup, je m&rsquo;en suis <a href=\"https:\/\/www.smartphoto.ch\/fr\/deco-photo\/poster-pele-mele?options=FRAMEPOSTER40x40Black,FRAMEPOSTER60x60Black,FRAME20x30Black,FRAMEPOSTER30x45Black,FRAMEPOSTER40x60Black,FRAMEPOSTER60x90Black,FRAMEPOSTER30x30Black,FRAMEPOSTER30x80Black,FRAMEPOSTER40x105Black,FRAMEPOSTER50x75White\" target=\"_blank\" rel=\"noopener\">cr\u00e9\u00e9<\/a> une sur le mot \u00abBonheur\u00bb. Elle fait son petit effet sur le mur, seule ou associ\u00e9e \u00e0 d\u2019autres images.<\/p>\n<p><a href=\"https:\/\/storage.googleapis.com\/smartphoto-express-production-wp-blogs-com\/17\/2017\/09\/Die_Macht_der_Worte_Bilderleiste-Bilder-anordnen-mit-Dekoartikeln-e1506071810916.jpeg\" target=\"_blank\" rel=\"noopener\"><img loading=\"lazy\" decoding=\"async\" class=\"alignnone wp-image-970 size-full\" src=\"https:\/\/storage.googleapis.com\/smartphoto-express-production-wp-blogs-com\/17\/2017\/09\/Die_Macht_der_Worte_Bilderleiste-Bilder-anordnen-mit-Dekoartikeln-e1506071810916.jpeg\" alt=\"Affiche encadr\u00e9e avec texte\" width=\"300\" height=\"300\" \/><\/a>\u00a0<a href=\"https:\/\/storage.googleapis.com\/smartphoto-express-production-wp-blogs-com\/17\/2017\/09\/Die_Macht_der_Worte_Bilderleiste-Gl\u00fcck-Bilder-anordnen-e1506071840982.jpeg\" target=\"_blank\" rel=\"noopener\"><img loading=\"lazy\" decoding=\"async\" class=\"alignnone wp-image-971 size-full\" src=\"https:\/\/storage.googleapis.com\/smartphoto-express-production-wp-blogs-com\/17\/2017\/09\/Die_Macht_der_Worte_Bilderleiste-Gl\u00fcck-Bilder-anordnen-e1506071840982.jpeg\" alt=\"Posters photos et texte\" width=\"300\" height=\"300\" \/><\/a><\/p>\n<p>&nbsp;<\/p>\n<h3><strong>8. Grand angle<\/strong><\/h3>\n<p>Tu as beaucoup de photos et tu n\u2019arrives pas \u00e0 d\u00e9cider lesquelles tu aimerais accrocher? Voici une solution toute faite! Rep\u00e8re un angle vide. R\u00e9fl\u00e9chis au nombre de photos que tu voudrais utiliser, en l\u2019occurrence \u00e0 la taille que doit avoir ton collage au final. Tu peux \u00e0 pr\u00e9sent quadriller le mur avec du ruban de masquage ou tracer les cadres si tu souhaites faire encadrer les photos. Commence ensuite \u00e0 suspendre des photos.<\/p>\n<p>Bien entendu, tu peux aussi choisir un mur droit et disposer tes photos en c\u0153ur ou en dessinant la forme d&rsquo;un pays. Ta cr\u00e9ation ne manquera pas d&rsquo;attirer les regards! C&rsquo;est le moment de donner libre cours \u00e0 ta cr\u00e9ativit\u00e9!<\/p>\n<p><a href=\"https:\/\/storage.googleapis.com\/smartphoto-express-production-wp-blogs-com\/17\/2017\/09\/bers_eck_Bilder_anordnen_Ecke-e1506071897513.jpg\" target=\"_blank\" rel=\"noopener\"><img loading=\"lazy\" decoding=\"async\" class=\"alignnone wp-image-983 size-full\" src=\"https:\/\/storage.googleapis.com\/smartphoto-express-production-wp-blogs-com\/17\/2017\/09\/bers_eck_Bilder_anordnen_Ecke-e1506071897513.jpg\" alt=\"Photos coll\u00e9es dans un angle\" width=\"300\" height=\"200\" \/><\/a>\u00a0<a href=\"https:\/\/storage.googleapis.com\/smartphoto-express-production-wp-blogs-com\/17\/2017\/09\/bers_eck_Bilder_anordnen_Ecke2-e1506071923120.jpg\" target=\"_blank\" rel=\"noopener\"><img loading=\"lazy\" decoding=\"async\" class=\"alignnone wp-image-984 size-full\" src=\"https:\/\/storage.googleapis.com\/smartphoto-express-production-wp-blogs-com\/17\/2017\/09\/bers_eck_Bilder_anordnen_Ecke2-e1506071923120.jpg\" alt=\"Composition de photos dans un angle\" width=\"300\" height=\"200\" \/><\/a><\/p>\n<p>&nbsp;<\/p>\n<h3><strong>9. L\u2019\u00e9tag\u00e8re photo \u2013 interchangeable<\/strong><\/h3>\n<p>Si tu aimes la d\u00e9co et que tu veux te laisser une certaine flexibilit\u00e9, l\u2019\u00e9tag\u00e8re photo est sans doute un excellent choix. Tu peux en effet y disposer diverses photos selon tes go\u00fbts et tes envies, et les changer comme bon te semble, \u00e0 n\u2019importe quel moment. Les photos sont simplement appuy\u00e9es contre le mur: pas besoin de faire des trous ni de planter des clous! Des accessoires comme des plantes ou des bougies y trouveront \u00e9galement leur place. Personnellement, je suis totalement fan des \u00e9tag\u00e8res photo!<\/p>\n<p><a href=\"https:\/\/storage.googleapis.com\/smartphoto-express-production-wp-blogs-com\/17\/2017\/09\/Bilderleiste_wandelbar_Wand_dekorieren-e1506071978531.jpeg\" target=\"_blank\" rel=\"noopener\"><img loading=\"lazy\" decoding=\"async\" class=\"alignnone wp-image-967 size-full\" src=\"https:\/\/storage.googleapis.com\/smartphoto-express-production-wp-blogs-com\/17\/2017\/09\/Bilderleiste_wandelbar_Wand_dekorieren-e1506071978531.jpeg\" alt=\"Etag\u00e8re photo\" width=\"300\" height=\"300\" \/><\/a>\u00a0<a href=\"https:\/\/storage.googleapis.com\/smartphoto-express-production-wp-blogs-com\/17\/2017\/09\/Bilderleiste-wandelbar-1-e1506072034259.jpeg\" target=\"_blank\" rel=\"noopener\"><img loading=\"lazy\" decoding=\"async\" class=\"alignnone wp-image-986 size-full\" src=\"https:\/\/storage.googleapis.com\/smartphoto-express-production-wp-blogs-com\/17\/2017\/09\/Bilderleiste-wandelbar-1-e1506072034259.jpeg\" alt=\"Etag\u00e8re avec photos et plante\" width=\"300\" height=\"300\" \/><\/a><\/p>\n<p><a href=\"https:\/\/storage.googleapis.com\/smartphoto-express-production-wp-blogs-com\/17\/2017\/09\/Bilderleiste-Bilder-an-Wand-anordnen-e1506072074459.jpeg\" target=\"_blank\" rel=\"noopener\"><img loading=\"lazy\" decoding=\"async\" class=\"alignnone wp-image-964 size-full\" src=\"https:\/\/storage.googleapis.com\/smartphoto-express-production-wp-blogs-com\/17\/2017\/09\/Bilderleiste-Bilder-an-Wand-anordnen-e1506072074459.jpeg\" alt=\"Etag\u00e8re avec tableau photo alu\" width=\"300\" height=\"300\" \/><\/a>\u00a0<a href=\"https:\/\/storage.googleapis.com\/smartphoto-express-production-wp-blogs-com\/17\/2017\/09\/Bilderleiste-verschiedene-Bilder-und-Deko-e1506072106284.jpeg\" target=\"_blank\" rel=\"noopener\"><img loading=\"lazy\" decoding=\"async\" class=\"alignnone wp-image-965 size-full\" src=\"https:\/\/storage.googleapis.com\/smartphoto-express-production-wp-blogs-com\/17\/2017\/09\/Bilderleiste-verschiedene-Bilder-und-Deko-e1506072106284.jpeg\" alt=\"Photos et plantes sur \u00e9tag\u00e8re\" width=\"300\" height=\"300\" \/><\/a><\/p>\n<p><em>Astuce: j\u2019ai command\u00e9 le mot \u00abLove\u00bb sous forme de <a href=\"https:\/\/www.smartphoto.ch\/fr\/deco-photo\/tableau-photo-sur-aluminium\" target=\"_blank\" rel=\"noopener\">tableau photo\u00a0alu<\/a>. Je peux maintenant y coller des photos et \u00e9crire dessus avec des marqueurs effa\u00e7ables. Sympa, non? On peut aussi l\u2019utiliser comme tableau ou panneau d&rsquo;affichage.<\/em><\/p>\n<p>&nbsp;<\/p>\n<h3><strong>10. Scrabble \u2013 ABCDEFG\u2026..<\/strong><\/h3>\n<p>Tu aimes jouer au Scrabble? Alors tu appr\u00e9cieras sans doute aussi cette id\u00e9e. Tu peux former tes mots pr\u00e9f\u00e9r\u00e9s avec des pi\u00e8ces de Scrabble, les accrocher au mur et, selon tes go\u00fbts, les accompagner de photos, de panneaux de bois ou d\u2019accents color\u00e9s. Je trouve cette id\u00e9e absolument g\u00e9niale!<\/p>\n<p><a href=\"https:\/\/storage.googleapis.com\/smartphoto-express-production-wp-blogs-com\/17\/2017\/09\/Srabble-Buchstaben-e1506072159739.jpg\" target=\"_blank\" rel=\"noopener\"><img loading=\"lazy\" decoding=\"async\" class=\"alignnone wp-image-982 size-full\" src=\"https:\/\/storage.googleapis.com\/smartphoto-express-production-wp-blogs-com\/17\/2017\/09\/Srabble-Buchstaben-e1506072159739.jpg\" alt=\"D\u00e9coration murale Scrabble\" width=\"300\" height=\"300\" \/><\/a>\u00a0<a href=\"https:\/\/storage.googleapis.com\/smartphoto-express-production-wp-blogs-com\/17\/2017\/09\/scrabble-buchstaben-an-wand-e1506072184582.jpg\" target=\"_blank\" rel=\"noopener\"><img loading=\"lazy\" decoding=\"async\" class=\"alignnone wp-image-981 size-full\" src=\"https:\/\/storage.googleapis.com\/smartphoto-express-production-wp-blogs-com\/17\/2017\/09\/scrabble-buchstaben-an-wand-e1506072184582.jpg\" alt=\"Pi\u00e8ces de Scrabble pour d\u00e9coration murale\" width=\"227\" height=\"300\" \/><\/a><\/p>\n<p>Cr\u00e9dit photo:\u00a0<a href=\"https:\/\/www.pinterest.de\/pin\/350436414740574706\/\" target=\"_blank\" rel=\"noopener\">RusticLaneCa<\/a>\u00a0\/ <a href=\"https:\/\/www.pinterest.de\/pin\/515732594819393530\/\" target=\"_blank\" rel=\"noopener\">vtwonen<\/a><\/p>\n<p>&nbsp;<\/p>\n<h3>11. A Light in the Box<\/h3>\n<p>Cette id\u00e9e me pla\u00eet bien aussi. Tu peux fixer une \u00abLightbox\u00bb avec le texte de ton choix au centre de ton mur (ou sur une \u00e9tag\u00e8re) et disposer tout autour des photos et des accessoires que tu appr\u00e9cies ou qui se marient bien. Cool, tu ne trouves pas?!<\/p>\n<p><a href=\"https:\/\/storage.googleapis.com\/smartphoto-express-production-wp-blogs-com\/17\/2017\/09\/wand_dekorieren_lightbox.jpg\" target=\"_blank\" rel=\"noopener\"><img loading=\"lazy\" decoding=\"async\" class=\"col-2 col-2-1 alignnone wp-image-985 size-full\" src=\"https:\/\/storage.googleapis.com\/smartphoto-express-production-wp-blogs-com\/17\/2017\/09\/wand_dekorieren_lightbox.jpg\" alt=\"Etag\u00e8res avec Lightbox\" width=\"236\" height=\"236\" srcset=\"https:\/\/storage.googleapis.com\/smartphoto-express-production-wp-blogs-com\/17\/2017\/09\/wand_dekorieren_lightbox.jpg 236w, https:\/\/storage.googleapis.com\/smartphoto-express-production-wp-blogs-com\/17\/2017\/09\/wand_dekorieren_lightbox-150x150.jpg 150w\" sizes=\"auto, (max-width: 236px) 100vw, 236px\" \/><\/a><a href=\"https:\/\/storage.googleapis.com\/smartphoto-express-production-wp-blogs-com\/17\/2017\/09\/lightbox_walldeco_urban_outfitters-e1506682158735.jpg\" target=\"_blank\" rel=\"noopener\"><img loading=\"lazy\" decoding=\"async\" class=\"col-2 col-2-2 alignnone wp-image-979\" src=\"https:\/\/storage.googleapis.com\/smartphoto-express-production-wp-blogs-com\/17\/2017\/09\/lightbox_walldeco_urban_outfitters-e1506682158735.jpg\" alt=\"D\u00e9coration murale avec Lightbox\" width=\"208\" height=\"237\" \/><\/a><\/p>\n<p>Cr\u00e9dit photo: <a href=\"https:\/\/www.instagram.com\/p\/BJAvX_2A4kn\/\" target=\"_blank\" rel=\"noopener\">Instagram<\/a> \/ <a href=\"https:\/\/www.pinterest.ch\/pin\/259801472234119921\/\" target=\"_blank\" rel=\"noopener\">Urban Outfitters Malibu<\/a><\/p>\n<p>J\u2019esp\u00e8re t\u2019avoir donn\u00e9 quelques id\u00e9es ou pistes pour mettre en sc\u00e8ne tes photos et je te souhaite beaucoup de plaisir \u00e0 d\u00e9corer et am\u00e9nager ton nid douillet.<\/p>\n<p>Marie<\/p>\n","protected":false},"excerpt":{"rendered":"<p>L\u2019automne approche. Nous passons \u00e0 nouveau plus de temps \u00e0 la maison. C&rsquo;est donc le moment id\u00e9al pour faire de notre int\u00e9rieur un petit nid douillet. Chez nous par exemple, nous avons encore un mur blanc sur lequel il serait urgent d\u2019afficher un peu de cr\u00e9ativit\u00e9. Du coup, je me suis mise en qu\u00eate d&rsquo;id\u00e9es pour r\u00e9aliser une belle d\u00e9coration murale. Voici les 11 id\u00e9es que j&rsquo;ai s\u00e9lectionn\u00e9es. &nbsp; 1. Le panorama \u2013 Mettre une photo en sc\u00e8ne Tu as une grande photo ou une photo que tu aimes particuli\u00e8rement et que tu souhaites mettre en valeur? Si oui, donne-lui<\/p>\n","protected":false},"author":14,"featured_media":970,"comment_status":"open","ping_status":"open","sticky":false,"template":"","format":"standard","meta":{"om_disable_all_campaigns":false,"_monsterinsights_skip_tracking":false,"_monsterinsights_sitenote_active":false,"_monsterinsights_sitenote_note":"","_monsterinsights_sitenote_category":0,"footnotes":""},"categories":[27,28],"tags":[33,32,31,50,17,94,118,35,36,116,34,7,39,115,117,21],"class_list":["post-963","post","type-post","status-publish","format-standard","has-post-thumbnail","hentry","category-bricolage","category-idees-deco","tag-collage-photo","tag-deco","tag-decoration","tag-decoration-murale","tag-design","tag-diy","tag-horloge-photo","tag-idees-deco","tag-idees-decoration","tag-panoramique","tag-pele-mele","tag-photo","tag-photo-sur-toile","tag-polyptique","tag-scrabble","tag-smartphoto"],"yoast_head":"<!-- This site is optimized with the Yoast SEO plugin v23.8 - https:\/\/yoast.com\/wordpress\/plugins\/seo\/ -->\n<title>11 id\u00e9es de d\u00e9coration murale - Ton monde de cadeaux<\/title>\n<meta name=\"description\" content=\"Tu veux (re)d\u00e9corer ton int\u00e9rieur et tu cherches des id\u00e9es cr\u00e9atives? Dans cet article, tu trouveras quelques suggestions de d\u00e9coration murale.\" \/>\n<meta name=\"robots\" content=\"index, follow, max-snippet:-1, max-image-preview:large, max-video-preview:-1\" \/>\n<link rel=\"canonical\" href=\"https:\/\/www.smartphoto.ch\/blogue\/10-idees-organiser-images-mur\" \/>\n<meta property=\"og:locale\" content=\"fr_FR\" \/>\n<meta property=\"og:type\" content=\"article\" \/>\n<meta property=\"og:title\" content=\"11 id\u00e9es de d\u00e9coration murale - Ton monde de cadeaux\" \/>\n<meta property=\"og:description\" content=\"Tu veux (re)d\u00e9corer ton int\u00e9rieur et tu cherches des id\u00e9es cr\u00e9atives? Dans cet article, tu trouveras quelques suggestions de d\u00e9coration murale.\" \/>\n<meta property=\"og:url\" content=\"\/blogue\/10-idees-organiser-images-mur\" \/>\n<meta property=\"og:site_name\" content=\"Ton monde de cadeaux\" \/>\n<meta property=\"article:published_time\" content=\"2017-09-22T09:39:33+00:00\" \/>\n<meta property=\"article:modified_time\" content=\"2018-08-02T09:31:26+00:00\" \/>\n<meta property=\"og:image\" content=\"https:\/\/storage.googleapis.com\/smartphoto-express-production-wp-blogs-com\/17\/2017\/09\/Die_Macht_der_Worte_Bilderleiste-Bilder-anordnen-mit-Dekoartikeln-e1506071810916.jpeg\" \/>\n\t<meta property=\"og:image:width\" content=\"300\" \/>\n\t<meta property=\"og:image:height\" content=\"300\" \/>\n\t<meta property=\"og:image:type\" content=\"image\/jpeg\" \/>\n<meta name=\"author\" content=\"Marie\" \/>\n<meta name=\"twitter:card\" content=\"summary_large_image\" \/>\n<meta name=\"twitter:label1\" content=\"Written by\" \/>\n\t<meta name=\"twitter:data1\" content=\"Marie\" \/>\n\t<meta name=\"twitter:label2\" content=\"Est. reading time\" \/>\n\t<meta name=\"twitter:data2\" content=\"7 minutes\" \/>\n<script type=\"application\/ld+json\" class=\"yoast-schema-graph\">{\"@context\":\"https:\/\/schema.org\",\"@graph\":[{\"@type\":\"WebPage\",\"@id\":\"\/blogue\/10-idees-organiser-images-mur\",\"url\":\"https:\/\/www.smartphoto.ch\/blogue\/10-idees-organiser-images-mur\",\"name\":\"11 id\u00e9es de d\u00e9coration murale - Ton monde de cadeaux\",\"isPartOf\":{\"@id\":\"https:\/\/www.smartphoto.ch\/blogue\/#website\"},\"primaryImageOfPage\":{\"@id\":\"https:\/\/www.smartphoto.ch\/blogue\/10-idees-organiser-images-mur#primaryimage\"},\"image\":{\"@id\":\"https:\/\/www.smartphoto.ch\/blogue\/10-idees-organiser-images-mur#primaryimage\"},\"thumbnailUrl\":\"https:\/\/storage.googleapis.com\/smartphoto-express-production-wp-blogs-com\/17\/2017\/09\/Die_Macht_der_Worte_Bilderleiste-Bilder-anordnen-mit-Dekoartikeln-e1506071810916.jpeg\",\"datePublished\":\"2017-09-22T09:39:33+00:00\",\"dateModified\":\"2018-08-02T09:31:26+00:00\",\"author\":{\"@id\":\"https:\/\/www.smartphoto.ch\/blogue\/#\/schema\/person\/3628597c05f38a13da860d926db19a4d\"},\"description\":\"Tu veux (re)d\u00e9corer ton int\u00e9rieur et tu cherches des id\u00e9es cr\u00e9atives? Dans cet article, tu trouveras quelques suggestions de d\u00e9coration murale.\",\"breadcrumb\":{\"@id\":\"https:\/\/www.smartphoto.ch\/blogue\/10-idees-organiser-images-mur#breadcrumb\"},\"inLanguage\":\"fr-FR\",\"potentialAction\":[{\"@type\":\"ReadAction\",\"target\":[\"https:\/\/www.smartphoto.ch\/blogue\/10-idees-organiser-images-mur\"]}]},{\"@type\":\"ImageObject\",\"inLanguage\":\"fr-FR\",\"@id\":\"https:\/\/www.smartphoto.ch\/blogue\/10-idees-organiser-images-mur#primaryimage\",\"url\":\"https:\/\/storage.googleapis.com\/smartphoto-express-production-wp-blogs-com\/17\/2017\/09\/Die_Macht_der_Worte_Bilderleiste-Bilder-anordnen-mit-Dekoartikeln-e1506071810916.jpeg\",\"contentUrl\":\"https:\/\/storage.googleapis.com\/smartphoto-express-production-wp-blogs-com\/17\/2017\/09\/Die_Macht_der_Worte_Bilderleiste-Bilder-anordnen-mit-Dekoartikeln-e1506071810916.jpeg\",\"width\":300,\"height\":300},{\"@type\":\"BreadcrumbList\",\"@id\":\"https:\/\/www.smartphoto.ch\/blogue\/10-idees-organiser-images-mur#breadcrumb\",\"itemListElement\":[{\"@type\":\"ListItem\",\"position\":1,\"name\":\"Home\",\"item\":\"\/blogue\/\"},{\"@type\":\"ListItem\",\"position\":2,\"name\":\"11 id\u00e9es de d\u00e9coration murale\"}]},{\"@type\":\"WebSite\",\"@id\":\"https:\/\/www.smartphoto.ch\/blogue\/#website\",\"url\":\"https:\/\/www.smartphoto.ch\/blogue\/\",\"name\":\"Ton monde de cadeaux\",\"description\":\"Ton monde de cadeaux\",\"potentialAction\":[{\"@type\":\"SearchAction\",\"target\":{\"@type\":\"EntryPoint\",\"urlTemplate\":\"https:\/\/www.smartphoto.ch\/blogue\/?s={search_term_string}\"},\"query-input\":{\"@type\":\"PropertyValueSpecification\",\"valueRequired\":true,\"valueName\":\"search_term_string\"}}],\"inLanguage\":\"fr-FR\"},{\"@type\":\"Person\",\"@id\":\"https:\/\/www.smartphoto.ch\/blogue\/#\/schema\/person\/3628597c05f38a13da860d926db19a4d\",\"name\":\"Marie\",\"image\":{\"@type\":\"ImageObject\",\"inLanguage\":\"fr-FR\",\"@id\":\"https:\/\/www.smartphoto.ch\/blogue\/#\/schema\/person\/image\/\",\"url\":\"https:\/\/secure.gravatar.com\/avatar\/808adf273494c4707391b67c498b5617?s=96&d=mm&r=g\",\"contentUrl\":\"https:\/\/secure.gravatar.com\/avatar\/808adf273494c4707391b67c498b5617?s=96&d=mm&r=g\",\"caption\":\"Marie\"},\"url\":\"https:\/\/www.smartphoto.ch\/blogue\/author\/dennis\"}]}<\/script>\n<!-- \/ Yoast SEO plugin. -->","yoast_head_json":{"title":"11 id\u00e9es de d\u00e9coration murale - Ton monde de cadeaux","description":"Tu veux (re)d\u00e9corer ton int\u00e9rieur et tu cherches des id\u00e9es cr\u00e9atives? Dans cet article, tu trouveras quelques suggestions de d\u00e9coration murale.","robots":{"index":"index","follow":"follow","max-snippet":"max-snippet:-1","max-image-preview":"max-image-preview:large","max-video-preview":"max-video-preview:-1"},"canonical":"https:\/\/www.smartphoto.ch\/blogue\/10-idees-organiser-images-mur","og_locale":"fr_FR","og_type":"article","og_title":"11 id\u00e9es de d\u00e9coration murale - Ton monde de cadeaux","og_description":"Tu veux (re)d\u00e9corer ton int\u00e9rieur et tu cherches des id\u00e9es cr\u00e9atives? Dans cet article, tu trouveras quelques suggestions de d\u00e9coration murale.","og_url":"\/blogue\/10-idees-organiser-images-mur","og_site_name":"Ton monde de cadeaux","article_published_time":"2017-09-22T09:39:33+00:00","article_modified_time":"2018-08-02T09:31:26+00:00","og_image":[{"width":300,"height":300,"url":"https:\/\/storage.googleapis.com\/smartphoto-express-production-wp-blogs-com\/17\/2017\/09\/Die_Macht_der_Worte_Bilderleiste-Bilder-anordnen-mit-Dekoartikeln-e1506071810916.jpeg","type":"image\/jpeg"}],"author":"Marie","twitter_card":"summary_large_image","twitter_misc":{"Written by":"Marie","Est. reading time":"7 minutes"},"schema":{"@context":"https:\/\/schema.org","@graph":[{"@type":"WebPage","@id":"\/blogue\/10-idees-organiser-images-mur","url":"https:\/\/www.smartphoto.ch\/blogue\/10-idees-organiser-images-mur","name":"11 id\u00e9es de d\u00e9coration murale - Ton monde de cadeaux","isPartOf":{"@id":"https:\/\/www.smartphoto.ch\/blogue\/#website"},"primaryImageOfPage":{"@id":"https:\/\/www.smartphoto.ch\/blogue\/10-idees-organiser-images-mur#primaryimage"},"image":{"@id":"https:\/\/www.smartphoto.ch\/blogue\/10-idees-organiser-images-mur#primaryimage"},"thumbnailUrl":"https:\/\/storage.googleapis.com\/smartphoto-express-production-wp-blogs-com\/17\/2017\/09\/Die_Macht_der_Worte_Bilderleiste-Bilder-anordnen-mit-Dekoartikeln-e1506071810916.jpeg","datePublished":"2017-09-22T09:39:33+00:00","dateModified":"2018-08-02T09:31:26+00:00","author":{"@id":"https:\/\/www.smartphoto.ch\/blogue\/#\/schema\/person\/3628597c05f38a13da860d926db19a4d"},"description":"Tu veux (re)d\u00e9corer ton int\u00e9rieur et tu cherches des id\u00e9es cr\u00e9atives? Dans cet article, tu trouveras quelques suggestions de d\u00e9coration murale.","breadcrumb":{"@id":"https:\/\/www.smartphoto.ch\/blogue\/10-idees-organiser-images-mur#breadcrumb"},"inLanguage":"fr-FR","potentialAction":[{"@type":"ReadAction","target":["https:\/\/www.smartphoto.ch\/blogue\/10-idees-organiser-images-mur"]}]},{"@type":"ImageObject","inLanguage":"fr-FR","@id":"https:\/\/www.smartphoto.ch\/blogue\/10-idees-organiser-images-mur#primaryimage","url":"https:\/\/storage.googleapis.com\/smartphoto-express-production-wp-blogs-com\/17\/2017\/09\/Die_Macht_der_Worte_Bilderleiste-Bilder-anordnen-mit-Dekoartikeln-e1506071810916.jpeg","contentUrl":"https:\/\/storage.googleapis.com\/smartphoto-express-production-wp-blogs-com\/17\/2017\/09\/Die_Macht_der_Worte_Bilderleiste-Bilder-anordnen-mit-Dekoartikeln-e1506071810916.jpeg","width":300,"height":300},{"@type":"BreadcrumbList","@id":"https:\/\/www.smartphoto.ch\/blogue\/10-idees-organiser-images-mur#breadcrumb","itemListElement":[{"@type":"ListItem","position":1,"name":"Home","item":"\/blogue\/"},{"@type":"ListItem","position":2,"name":"11 id\u00e9es de d\u00e9coration murale"}]},{"@type":"WebSite","@id":"https:\/\/www.smartphoto.ch\/blogue\/#website","url":"https:\/\/www.smartphoto.ch\/blogue\/","name":"Ton monde de cadeaux","description":"Ton monde de cadeaux","potentialAction":[{"@type":"SearchAction","target":{"@type":"EntryPoint","urlTemplate":"https:\/\/www.smartphoto.ch\/blogue\/?s={search_term_string}"},"query-input":{"@type":"PropertyValueSpecification","valueRequired":true,"valueName":"search_term_string"}}],"inLanguage":"fr-FR"},{"@type":"Person","@id":"https:\/\/www.smartphoto.ch\/blogue\/#\/schema\/person\/3628597c05f38a13da860d926db19a4d","name":"Marie","image":{"@type":"ImageObject","inLanguage":"fr-FR","@id":"https:\/\/www.smartphoto.ch\/blogue\/#\/schema\/person\/image\/","url":"https:\/\/secure.gravatar.com\/avatar\/808adf273494c4707391b67c498b5617?s=96&d=mm&r=g","contentUrl":"https:\/\/secure.gravatar.com\/avatar\/808adf273494c4707391b67c498b5617?s=96&d=mm&r=g","caption":"Marie"},"url":"https:\/\/www.smartphoto.ch\/blogue\/author\/dennis"}]}},"_links":{"self":[{"href":"https:\/\/www.smartphoto.ch\/blogue\/wp-json\/wp\/v2\/posts\/963","targetHints":{"allow":["GET"]}}],"collection":[{"href":"https:\/\/www.smartphoto.ch\/blogue\/wp-json\/wp\/v2\/posts"}],"about":[{"href":"https:\/\/www.smartphoto.ch\/blogue\/wp-json\/wp\/v2\/types\/post"}],"author":[{"embeddable":true,"href":"https:\/\/www.smartphoto.ch\/blogue\/wp-json\/wp\/v2\/users\/14"}],"replies":[{"embeddable":true,"href":"https:\/\/www.smartphoto.ch\/blogue\/wp-json\/wp\/v2\/comments?post=963"}],"version-history":[{"count":16,"href":"https:\/\/www.smartphoto.ch\/blogue\/wp-json\/wp\/v2\/posts\/963\/revisions"}],"predecessor-version":[{"id":2385,"href":"https:\/\/www.smartphoto.ch\/blogue\/wp-json\/wp\/v2\/posts\/963\/revisions\/2385"}],"wp:featuredmedia":[{"embeddable":true,"href":"https:\/\/www.smartphoto.ch\/blogue\/wp-json\/wp\/v2\/media\/970"}],"wp:attachment":[{"href":"https:\/\/www.smartphoto.ch\/blogue\/wp-json\/wp\/v2\/media?parent=963"}],"wp:term":[{"taxonomy":"category","embeddable":true,"href":"https:\/\/www.smartphoto.ch\/blogue\/wp-json\/wp\/v2\/categories?post=963"},{"taxonomy":"post_tag","embeddable":true,"href":"https:\/\/www.smartphoto.ch\/blogue\/wp-json\/wp\/v2\/tags?post=963"}],"curies":[{"name":"wp","href":"https:\/\/api.w.org\/{rel}","templated":true}]}}