{"id":992,"date":"2017-09-29T14:57:51","date_gmt":"2017-09-29T12:57:51","guid":{"rendered":"\/blogue\/?p=992"},"modified":"2018-08-02T11:02:25","modified_gmt":"2018-08-02T09:02:25","slug":"levons-nos-tasses","status":"publish","type":"post","link":"https:\/\/www.smartphoto.ch\/blogue\/levons-nos-tasses","title":{"rendered":"Levons nos tasses\u2026"},"content":{"rendered":"<div id=\"bsf_rt_marker\"><\/div><p>Tasse \u00e0 caf\u00e9, tasse \u00e0 th\u00e9, tasse \u00e0 espresso, tasse \u00e0 cappuccino&#8230; grandes tasses, petites tasses, tasses blanches, tasses multicolores\u2026. Il existe une tr\u00e8s grande vari\u00e9t\u00e9 de tasses. Elles nous accompagnent pendant toute la journ\u00e9e que ce soit pour le caf\u00e9 ou le th\u00e9 du petit-d\u00e9jeuner, pour l\u2019espresso apr\u00e8s le repas de midi ou pour le chocolat chaud d\u2019une froide journ\u00e9e d\u2019hiver. La tasse est un compagnon fid\u00e8le.<\/p>\n<p>Comme les journ\u00e9es raccourcissent et se rafra\u00eechissent et que la p\u00e9riode de No\u00ebl approche, j\u2019ai collect\u00e9 des informations concernant les tasses ainsi que des id\u00e9es pour les transformer. J\u2019aimerais te faire d\u00e9couvrir mes pr\u00e9f\u00e9r\u00e9es. Qui sait, peut-\u00eatre que tu y trouveras, toi aussi, ton bonheur. Peut-\u00eatre m\u00eame une id\u00e9e pour un cadeau de No\u00ebl ou d\u2019anniversaire.<\/p>\n<h2><strong>1. Les tasses d\u00e9co<\/strong><\/h2>\n<p>Je trouve que c&rsquo;est une super id\u00e9e d\u2019utiliser une tasse \u00e0 caf\u00e9 pour d\u00e9corer. Pour cela, j\u2019ai scann\u00e9 un dessin de ma fille et l\u2019ai fait imprimer sur <a href=\"https:\/\/www.smartphoto.ch\/fr\/cadeaux-photo\/mugs\" target=\"_blank\" rel=\"noopener\">un mug personnalis\u00e9 avec photo<\/a>.\u00a0Lorsque la tasse est arriv\u00e9e chez nous (et apr\u00e8s l\u2019avoir utilis\u00e9e pour notre menu-tasse complet), nous l\u2019avons remplie avec un peu de terre et y avons install\u00e9 une petite plante. Maintenant, la tasse a trouv\u00e9 sa place au bureau de Papa. Sur Internet, tu d\u00e9couvriras de super id\u00e9es et sources d\u2019inspiration qui te montreront comment d\u00e9corer la maison avec une tasse et une plante. J\u2019ai trouv\u00e9 un autre exemple sur le blog \u00ab<a href=\"http:\/\/rosyandgrey.de\/diy-sukkulenten-in-tassen-pflanzen-bemalen\/\" target=\"_blank\" rel=\"noopener\">Rosy &amp; Grey<\/a>\u00bb. La blogueuse a d\u00e9cor\u00e9 elle-m\u00eame des tasses \u00e0 l\u2019aide de feutres \u00e0 peinture sur porcelaine puis y a mis des plantes. (Tu trouveras d&rsquo;autres id\u00e9es sur Pimp your cup).<\/p>\n<p><a href=\"https:\/\/storage.googleapis.com\/smartphoto-express-production-wp-blogs-com\/17\/2017\/09\/Fototasse_kinderzeichnung_bepflanzt-e1506687662180.jpeg\" target=\"_blank\" rel=\"noopener\"><img loading=\"lazy\" decoding=\"async\" class=\"col-2 col-2-1 alignnone wp-image-993 size-full\" src=\"https:\/\/storage.googleapis.com\/smartphoto-express-production-wp-blogs-com\/17\/2017\/09\/Fototasse_kinderzeichnung_bepflanzt-e1506687662180.jpeg\" alt=\"Mug personnalis\u00e9 avec plante\" width=\"360\" height=\"360\" \/><\/a><a href=\"https:\/\/storage.googleapis.com\/smartphoto-express-production-wp-blogs-com\/17\/2017\/09\/Sukkulenten-in-Tassen-pflanzen-DIY-Blog-Muenchen-Basteln-Selbermachen-5-684x1024-Kopie-e1506687683455.jpg\" target=\"_blank\" rel=\"noopener\"><img loading=\"lazy\" decoding=\"async\" class=\"col-2 col-2-2 alignnone wp-image-1014 size-full\" src=\"https:\/\/storage.googleapis.com\/smartphoto-express-production-wp-blogs-com\/17\/2017\/09\/Sukkulenten-in-Tassen-pflanzen-DIY-Blog-Muenchen-Basteln-Selbermachen-5-684x1024-Kopie-e1506687683455.jpg\" alt=\"Tasses personnalis\u00e9es avec plantes\" width=\"360\" height=\"360\" \/><\/a><\/p>\n<p>&nbsp;<\/p>\n<h2><strong>2. Les tasses cadeaux<\/strong><\/h2>\n<p>Comme tout le monde a besoin d\u2019une tasse que ce soit pour la maison ou au bureau, je trouve que les tasses sont une id\u00e9e cadeau \u00e0 la fois super et utile. De plus, on peut imprimer, d\u00e9corer et m\u00eame remplir les tasses de mani\u00e8re tr\u00e8s individuelle.<\/p>\n<p>Apr\u00e8s avoir r\u00e9fl\u00e9chi \u00e0 qui j\u2019allais faire une surprise, j\u2019ai command\u00e9 trois tasses diff\u00e9rentes. <a href=\"https:\/\/www.smartphoto.ch\/fr\/cadeaux-photo\/tasses-a-cafe-photo\" target=\"_blank\" rel=\"noopener\">Un set de tasses \u00e0 caf\u00e9 personnalis\u00e9es avec des photos<\/a>, <a href=\"https:\/\/www.smartphoto.ch\/fr\/cadeaux-photo\/mug-couleur-photo\" target=\"_blank\" rel=\"noopener\">un grand mug en couleur<\/a> avec photo et <a href=\"https:\/\/www.smartphoto.ch\/fr\/cadeaux-photo\/verre-the-grave\" target=\"_blank\" rel=\"noopener\">un verre \u00e0 th\u00e9 grav\u00e9<\/a>. Je me suis ensuite demand\u00e9 comment j\u2019allais remplir les tasses puis j\u2019ai command\u00e9 <a href=\"https:\/\/www.smartphoto.ch\/fr\/cadeaux-photo\/sachets-bonbons\" target=\"_blank\" rel=\"noopener\">des sachets de bonbons<\/a> avec des cartes.<\/p>\n<p><a href=\"https:\/\/storage.googleapis.com\/smartphoto-express-production-wp-blogs-com\/17\/2017\/09\/Kaffeeset-Pralinen-N\u00fcsse-Bonbonbeutel-e1506688071158.jpeg\" target=\"_blank\" rel=\"noopener\"><img loading=\"lazy\" decoding=\"async\" class=\"col-2 col-2-1 alignnone wp-image-997 size-full\" src=\"https:\/\/storage.googleapis.com\/smartphoto-express-production-wp-blogs-com\/17\/2017\/09\/Kaffeeset-Pralinen-N\u00fcsse-Bonbonbeutel-e1506688071158.jpeg\" alt=\"Tasses personnalis\u00e9es avec chocolats et fruits secs\" width=\"360\" height=\"360\" \/><\/a><a href=\"https:\/\/storage.googleapis.com\/smartphoto-express-production-wp-blogs-com\/17\/2017\/09\/Geschenk-Kaffeeset-Bonbonbeutel-Pralinen-e1506688091467.jpeg\" target=\"_blank\" rel=\"noopener\"><img loading=\"lazy\" decoding=\"async\" class=\"col-2 col-2-2 alignnone wp-image-995 size-full\" src=\"https:\/\/storage.googleapis.com\/smartphoto-express-production-wp-blogs-com\/17\/2017\/09\/Geschenk-Kaffeeset-Bonbonbeutel-Pralinen-e1506688091467.jpeg\" alt=\"Tasses personnalis\u00e9es avec photo \u00e0 offrir\" width=\"360\" height=\"360\" \/><\/a><\/p>\n<p>J\u2019ai rempli un sac avec des chocolats et sur la carte, on peut lire d\u2019un c\u00f4t\u00e9 \u00abMerci beaucoup\u00bb et de l\u2019autre c\u00f4t\u00e9 \u00abMonstre au chocolat\u00bb. J\u2019ai rempli le second petit sac avec des noix et des fruits secs. Sur la carte, il est \u00e9crit \u00abBonne chance\u00bb et \u00abCalmants \u00e0 grignoter\u00bb. J\u2019ai rempli le troisi\u00e8me sac avec des barres de muesli faites maison pour le petit-d\u00e9jeuner et sur la carte, on peut lire \u00abFabriqu\u00e9 avec amour\u00bb et \u00abMuesli-pour-bien-commencer-la-journ\u00e9e\u00a0just for you\u00bb. Tu peux voir le r\u00e9sultat sur les photos. J\u2019aime beaucoup, toi aussi?!<\/p>\n<p><a href=\"https:\/\/storage.googleapis.com\/smartphoto-express-production-wp-blogs-com\/17\/2017\/09\/Fototasse-Geschenk-M\u00fcslimischung-e1506688161736.jpeg\" target=\"_blank\" rel=\"noopener\"><img loading=\"lazy\" decoding=\"async\" class=\"col-2 col-2-1 alignnone wp-image-994 size-full\" src=\"https:\/\/storage.googleapis.com\/smartphoto-express-production-wp-blogs-com\/17\/2017\/09\/Fototasse-Geschenk-M\u00fcslimischung-e1506688161736.jpeg\" alt=\"Tasse personnalis\u00e9e avec m\u00fcesli\" width=\"360\" height=\"360\" \/><\/a><a href=\"https:\/\/storage.googleapis.com\/smartphoto-express-production-wp-blogs-com\/17\/2017\/09\/Kaffeeset-Fototasse-Bonbonbeutel-Geschenk-e1506688181247.jpeg\" target=\"_blank\" rel=\"noopener\"><img loading=\"lazy\" decoding=\"async\" class=\"col-2 col-2-2 alignnone wp-image-996 size-full\" src=\"https:\/\/storage.googleapis.com\/smartphoto-express-production-wp-blogs-com\/17\/2017\/09\/Kaffeeset-Fototasse-Bonbonbeutel-Geschenk-e1506688181247.jpeg\" alt=\"Tasses personnalis\u00e9es avec cartes\" width=\"360\" height=\"360\" \/><\/a><\/p>\n<p><a href=\"https:\/\/storage.googleapis.com\/smartphoto-express-production-wp-blogs-com\/17\/2017\/09\/Teeglas-graviert-Pralinen-Bonbonbeutel-Geschenk-e1506688220131.jpeg\" target=\"_blank\" rel=\"noopener\"><img loading=\"lazy\" decoding=\"async\" class=\"col-2 col-2-1 alignnone wp-image-1015 size-full\" src=\"https:\/\/storage.googleapis.com\/smartphoto-express-production-wp-blogs-com\/17\/2017\/09\/Teeglas-graviert-Pralinen-Bonbonbeutel-Geschenk-e1506688220131.jpeg\" alt=\"Verre \u00e0 th\u00e9 personnalis\u00e9 avec chocolats\" width=\"360\" height=\"360\" \/><\/a><a href=\"https:\/\/storage.googleapis.com\/smartphoto-express-production-wp-blogs-com\/17\/2017\/09\/Teeglas-graviert-Pralinen-Geschenk-e1506688235153.jpeg\" target=\"_blank\" rel=\"noopener\"><img loading=\"lazy\" decoding=\"async\" class=\"col-2 col-2-2 alignnone wp-image-1016 size-full\" src=\"https:\/\/storage.googleapis.com\/smartphoto-express-production-wp-blogs-com\/17\/2017\/09\/Teeglas-graviert-Pralinen-Geschenk-e1506688235153.jpeg\" alt=\"Verre \u00e0 th\u00e9 personnalis\u00e9 avec carte\" width=\"360\" height=\"360\" \/><\/a><\/p>\n<p>&nbsp;<\/p>\n<p>&nbsp;<\/p>\n<h2><strong>3. Pimp your cup \u2013 id\u00e9es bricolage<\/strong><\/h2>\n<p>Lors de mes recherches, j\u2019ai trouv\u00e9 diff\u00e9rentes id\u00e9es de bricolage pour d\u00e9corer les tasses. J\u2019ai particuli\u00e8rement aim\u00e9 deux d\u2019entre elles. C\u2019est pourquoi je les ai test\u00e9es.<\/p>\n<ol>\n<li>\n<h3><strong>Tasse marbr\u00e9e:<\/strong><\/h3>\n<\/li>\n<\/ol>\n<p>Pour la r\u00e9alisation, il te faut une vieille bassine (ou en plus un sac plastique), de l\u2019eau, une ou plusieurs tasses blanches, de la peinture \u00e0 marbrer, une baguette en bois ou un cure-dent ainsi que des gants jetables.<\/p>\n<p>Si tu as une vieille bassine, tu peux la remplir directement avec de l&rsquo;eau. Sinon, tu dois tout d\u2019abord prot\u00e9ger la bassine avec le sac en plastique avant de la remplir d\u2019eau. La tasse ne doit pas pr\u00e9senter de traces de graisse ni de poussi\u00e8re. Quand tout est pr\u00e9par\u00e9, tu peux mettre quelques gouttes de peinture d\u2019une ou de plusieurs couleurs dans l\u2019eau (plus on met de gouttes, plus la couleur sera intense) et faire des dessins \u00e0 l\u2019aide de la baguette en bois. Tu dois ensuite plonger doucement la tasse dans l&rsquo;eau en fonction de la fa\u00e7on dont tu veux marbrer la tasse puis la retirer rapidement. D\u00e9pose ensuite la tasse pour la faire s\u00e9cher sur du papier absorbant. Avec cette technique, tu peux \u00e9galement colorer des \u0153ufs de P\u00e2ques. Je conseille de mettre des gants jetables afin d\u2019\u00e9viter que les doigts soient marbr\u00e9s eux aussi.<\/p>\n<p><a href=\"https:\/\/storage.googleapis.com\/smartphoto-express-production-wp-blogs-com\/17\/2017\/09\/Kaffeetasse-marmoriert-e1506688333488.jpeg\" target=\"_blank\" rel=\"noopener\"><img loading=\"lazy\" decoding=\"async\" class=\"col-2 col-2-1 alignnone wp-image-999 size-full\" src=\"https:\/\/storage.googleapis.com\/smartphoto-express-production-wp-blogs-com\/17\/2017\/09\/Kaffeetasse-marmoriert-e1506688333488.jpeg\" alt=\"Tasse marbr\u00e9e\" width=\"360\" height=\"360\" \/><\/a><a href=\"https:\/\/storage.googleapis.com\/smartphoto-express-production-wp-blogs-com\/17\/2017\/09\/Kaffeetasse-marmoriert-DIY-e1506688359448.jpeg\" target=\"_blank\" rel=\"noopener\"><img loading=\"lazy\" decoding=\"async\" class=\"col-2 col-2-2 alignnone wp-image-1001 size-full\" src=\"https:\/\/storage.googleapis.com\/smartphoto-express-production-wp-blogs-com\/17\/2017\/09\/Kaffeetasse-marmoriert-DIY-e1506688359448.jpeg\" alt=\"Mug marbr\u00e9\" width=\"360\" height=\"360\" \/><\/a><\/p>\n<p><strong>\u00a0<\/strong><\/p>\n<ol start=\"2\">\n<li>\n<h3><strong>Peindre une tasse \u00e0 l&rsquo;aide de feutres \u00e0 porcelaine:<\/strong><\/h3>\n<\/li>\n<\/ol>\n<p>J\u2019ai achet\u00e9 des feutres \u00e0 porcelaine de la marque Edding et d\u00e9cor\u00e9 moi-m\u00eame ma tasse. Les feutres permettent d\u2019\u00e9crire et de dessiner tr\u00e8s facilement sur des tasses propres. Pour fixer le tout, la tasse doit \u00eatre pass\u00e9e pendant un court moment au four. Les instructions d\u00e9taill\u00e9es sont fournies avec les feutres. C\u2019est une possibilit\u00e9 simple et rapide pour personnaliser des tasses.<\/p>\n<p><a href=\"https:\/\/storage.googleapis.com\/smartphoto-express-production-wp-blogs-com\/17\/2017\/09\/Kaffeetasse-bemalt-DIY-e1506688438785.jpeg\" target=\"_blank\" rel=\"noopener\"><img loading=\"lazy\" decoding=\"async\" class=\"col-2 col-2-1 alignnone wp-image-998 size-full\" src=\"https:\/\/storage.googleapis.com\/smartphoto-express-production-wp-blogs-com\/17\/2017\/09\/Kaffeetasse-bemalt-DIY-e1506688438785.jpeg\" alt=\"Tasse d\u00e9cor\u00e9e avec des feutres \u00e0 porcelaine\" width=\"360\" height=\"360\" \/><\/a><a href=\"https:\/\/storage.googleapis.com\/smartphoto-express-production-wp-blogs-com\/17\/2017\/09\/Kaffeetasse-marmoriert-bemalt-DIY-e1506688460702.jpeg\" target=\"_blank\" rel=\"noopener\"><img loading=\"lazy\" decoding=\"async\" class=\"col-2 col-2-2 alignnone wp-image-1000 size-full\" src=\"https:\/\/storage.googleapis.com\/smartphoto-express-production-wp-blogs-com\/17\/2017\/09\/Kaffeetasse-marmoriert-bemalt-DIY-e1506688460702.jpeg\" alt=\"Tasse peinte et tasse marbr\u00e9e\" width=\"360\" height=\"360\" \/><\/a><\/p>\n<p>&nbsp;<\/p>\n<h2><strong>4. Le menu-tasse complet<\/strong><\/h2>\n<p>Avant d\u2019emballer les tasses comme cadeau, je voulais tester, avec ma coll\u00e8gue, quelques recettes au micro-ondes avec une tasse. Nous avons ainsi r\u00e9alis\u00e9, lors de notre pause de midi, un repas complet.<\/p>\n<ol>\n<li>\n<h3><strong>La quiche<\/strong> (la pr\u00e9sentation et le go\u00fbt rappellent plut\u00f4t un \u0153uf brouill\u00e9-omelette):<\/h3>\n<\/li>\n<\/ol>\n<p><em>Ingr\u00e9dients pour une tasse: 1 gros \u0153uf, 1 \u00bd cuiller\u00e9e \u00e0 soupe de lait, 1 cuiller\u00e9e \u00e0 caf\u00e9 de beurre mou ou fondu, une pinc\u00e9e de sel, une pinc\u00e9e de poivre, 4 petites tomates cocktail partag\u00e9es en deux, 1\/8 de tasse de pain \u00e9miett\u00e9 (frais), 1 cuiller\u00e9e \u00e0 soupe de fromage (nous avons pris de la mozzarella), des herbes fra\u00eeches selon les go\u00fbts<\/em><\/p>\n<p><a href=\"https:\/\/storage.googleapis.com\/smartphoto-express-production-wp-blogs-com\/17\/2017\/09\/Quiche-Tasse-Kaffeeset-Zutaten-e1506688585826.jpeg\" target=\"_blank\" rel=\"noopener\"><img loading=\"lazy\" decoding=\"async\" class=\"col-2 col-2-1 alignnone wp-image-1005 size-full\" src=\"https:\/\/storage.googleapis.com\/smartphoto-express-production-wp-blogs-com\/17\/2017\/09\/Quiche-Tasse-Kaffeeset-Zutaten-e1506688585826.jpeg\" alt=\"Ingr\u00e9dients pour recette dans une tasse\" width=\"360\" height=\"360\" \/><\/a><a href=\"https:\/\/storage.googleapis.com\/smartphoto-express-production-wp-blogs-com\/17\/2017\/09\/Quiche-Tasse-Kaffeeset-Tomaten-e1506688616883.jpeg\" target=\"_blank\" rel=\"noopener\"><img loading=\"lazy\" decoding=\"async\" class=\"col-2 col-2-2 alignnone wp-image-1004 size-full\" src=\"https:\/\/storage.googleapis.com\/smartphoto-express-production-wp-blogs-com\/17\/2017\/09\/Quiche-Tasse-Kaffeeset-Tomaten-e1506688616883.jpeg\" alt=\"Pr\u00e9paration d'une quiche dans un mug\" width=\"360\" height=\"360\" \/><\/a><\/p>\n<p>Choisis une grande tasse passant au micro-ondes (les n\u00f4tres \u00e9taient trop petites et la p\u00e2te a d\u00e9bord\u00e9 sur les soucoupes). Verse le lait, l&rsquo;\u0153uf, le beurre, le sel et le poivre puis remue le tout \u00e0 l\u2019aide d\u2019une fourchette. Tu peux ensuite ajouter les tomates cocktail, le pain, le fromage et les herbes sans m\u00e9langer. Place maintenant la tasse au micro-ondes et fais chauffer pendant 1 minute \u00e0 pleine puissance. Chez nous, une minute ne suffisait pas et l&rsquo;\u0153uf \u00e9tait encore liquide. Certainement que le temps varie selon les micro-ondes, il faut faire des essais. Mais c\u2019\u00e9tait dr\u00f4lement bon \u2013 miam miam!<\/p>\n<p><a href=\"https:\/\/storage.googleapis.com\/smartphoto-express-production-wp-blogs-com\/17\/2017\/09\/Quiche-Tasse-Kaffeeset-Mozzarella-quadrat-e1506688666738.jpeg\" target=\"_blank\" rel=\"noopener\"><img loading=\"lazy\" decoding=\"async\" class=\"col-2 col-2-1 alignnone wp-image-1003 size-full\" src=\"https:\/\/storage.googleapis.com\/smartphoto-express-production-wp-blogs-com\/17\/2017\/09\/Quiche-Tasse-Kaffeeset-Mozzarella-quadrat-e1506688666738.jpeg\" alt=\"Quiche dans une tasse avant cuisson\" width=\"360\" height=\"360\" \/><\/a><a href=\"https:\/\/storage.googleapis.com\/smartphoto-express-production-wp-blogs-com\/17\/2017\/09\/Quiche-Tasse-Kaffeeset-fertig-e1506688685521.jpeg\" target=\"_blank\" rel=\"noopener\"><img loading=\"lazy\" decoding=\"async\" class=\"col-2 col-2-2 alignnone wp-image-1002 size-full\" src=\"https:\/\/storage.googleapis.com\/smartphoto-express-production-wp-blogs-com\/17\/2017\/09\/Quiche-Tasse-Kaffeeset-fertig-e1506688685521.jpeg\" alt=\"Quiche dans une tasse apr\u00e8s cuisson\" width=\"360\" height=\"360\" \/><\/a><\/p>\n<p>Tu trouveras la recette originale <a href=\"http:\/\/fullthymestudent.com\/1-minute-microwave-quiche-in-a-mug\/#recipe\" target=\"_blank\" rel=\"noopener\">ici<\/a>.<\/p>\n<p>&nbsp;<\/p>\n<ol start=\"2\">\n<li>\n<h3><strong>Le risotto 10 minutes<\/strong>:<\/h3>\n<\/li>\n<\/ol>\n<p><em>Ingr\u00e9dients pour deux tasses: 1 cuiller\u00e9e \u00e0 soupe de beurre, \u00bc d\u2019oignon hach\u00e9 ou en granul\u00e9s, 1 gousse d\u2019ail hach\u00e9e ou en granul\u00e9s, \u00bd tasse de riz arborio, 1 tasse de bouillon de l\u00e9gumes, \u00bc de tasse de vin blanc puis, selon les go\u00fbts, des champignons, de la courgette, de la citrouille, des lardons, etc.<\/em><\/p>\n<p>Choisis deux grandes tasses passant au micro-ondes, d\u00e9pose dans chaque tasse du beurre et de l\u2019oignon. Mets la tasse pendant 1 \u00bd minute \u00e0 pleine puissance au micro-ondes. Apr\u00e8s 30 secondes, arr\u00eate un bref instant pour remuer. N\u2019aie pas peur, les oignons peuvent sauter. (Nous avons utilis\u00e9 de l\u2019oignon en granul\u00e9s. C\u2019est pourquoi nous avons saut\u00e9 cette \u00e9tape, car nous ne voulions pas salir totalement le micro-ondes du bureau.)<\/p>\n<p><a href=\"https:\/\/storage.googleapis.com\/smartphoto-express-production-wp-blogs-com\/17\/2017\/09\/Risotto-Fototasse-Zutaten-e1506688842648.jpeg\" target=\"_blank\" rel=\"noopener\"><img loading=\"lazy\" decoding=\"async\" class=\"col-2 col-2-1 alignnone wp-image-1009 size-full\" src=\"https:\/\/storage.googleapis.com\/smartphoto-express-production-wp-blogs-com\/17\/2017\/09\/Risotto-Fototasse-Zutaten-e1506688842648.jpeg\" alt=\"Ingr\u00e9dients pour risotto dans une tasse\" width=\"360\" height=\"360\" \/><\/a><a href=\"https:\/\/storage.googleapis.com\/smartphoto-express-production-wp-blogs-com\/17\/2017\/09\/Risotto-Fototasse-Gem\u00fcsebr\u00fche-e1506688869876.jpeg\" target=\"_blank\" rel=\"noopener\"><img loading=\"lazy\" decoding=\"async\" class=\"col-2 col-2-2 alignnone wp-image-1007 size-full\" src=\"https:\/\/storage.googleapis.com\/smartphoto-express-production-wp-blogs-com\/17\/2017\/09\/Risotto-Fototasse-Gem\u00fcsebr\u00fche-e1506688869876.jpeg\" alt=\"Pr\u00e9paration d'un risotto dans un mug\" width=\"360\" height=\"360\" \/><\/a><\/p>\n<p>Ajoute ensuite l\u2019ail, le riz et 2 \u00bc cuiller\u00e9es \u00e0 soupe de bouillon de l\u00e9gumes. Couvre la tasse avec du film alimentaire avant de la remettre au micro-ondes pendant 2 minutes \u00e0 moiti\u00e9 de la puissance maximale (notre micro-ondes n\u2019avait qu\u2019une seule puissance, mais cela a march\u00e9 quand m\u00eame). Lorsque les deux minutes sont pass\u00e9es, sors la tasse du micro-ondes, remue bien et ajoute encore un peu de bouillon de l\u00e9gumes. Place ensuite la tasse encore pour 2 minutes au micro-ondes. (Apr\u00e8s les quatre minutes, comme nous avons trouv\u00e9 que le riz \u00e9tait encore un peu trop ferme, nous avons ajout\u00e9 du bouillon de l\u00e9gumes et fait chauffer \u00e0 nouveau les tasses pendant 2 minutes.)<\/p>\n<p>\u00c0 la fin de ces deux minutes, sors les tasses du micro-ondes, remue bien le tout avant d\u2019ajouter 1 \u00e0 2 cuill\u00e8res \u00e0 soupe de vin blanc. C\u2019est le moment o\u00f9 tu peux \u00e9galement ajouter des champignons, de la courgette, de la citrouille, etc. Couvre \u00e0 nouveau avec du film alimentaire et fais chauffer encore pendant 2 minutes au micro-ondes.<\/p>\n<p>Saupoudre enfin le dessus de parmesan et d\u2019herbes selon tes go\u00fbts puis place \u00e0 nouveau le risotto pendant une minute au micro-ondes. Buon appetito!<\/p>\n<p>Nous avons \u00e9t\u00e9 tr\u00e8s impressionn\u00e9es \u2013 la cuisson \u00e9tait bonne et le risotto \u00e9tait m\u00eame d\u00e9licieux. Une bonne alternative pour un repas de midi au bureau.<\/p>\n<p><a href=\"https:\/\/storage.googleapis.com\/smartphoto-express-production-wp-blogs-com\/17\/2017\/09\/Risotto-Fototasse-Pilze-e1506688957996.jpeg\" target=\"_blank\" rel=\"noopener\"><img loading=\"lazy\" decoding=\"async\" class=\"col-2 col-2-1 alignnone wp-image-1008 size-full\" src=\"https:\/\/storage.googleapis.com\/smartphoto-express-production-wp-blogs-com\/17\/2017\/09\/Risotto-Fototasse-Pilze-e1506688957996.jpeg\" alt=\"Risotto dans une tasse avant cuisson\" width=\"360\" height=\"360\" \/><\/a><a href=\"https:\/\/storage.googleapis.com\/smartphoto-express-production-wp-blogs-com\/17\/2017\/09\/Risotto-Fototasse-fertig-e1506688984285.jpeg\" target=\"_blank\" rel=\"noopener\"><img loading=\"lazy\" decoding=\"async\" class=\"col-2 col-2-2 alignnone wp-image-1006 size-full\" src=\"https:\/\/storage.googleapis.com\/smartphoto-express-production-wp-blogs-com\/17\/2017\/09\/Risotto-Fototasse-fertig-e1506688984285.jpeg\" alt=\"Risotto dans une tasse apr\u00e8s cuisson\" width=\"360\" height=\"360\" \/><\/a><\/p>\n<p>Tu trouveras la recette originale <a href=\"https:\/\/www.brit.co\/microwave-risotto\/\" target=\"_blank\" rel=\"noopener\">ici<\/a>.<\/p>\n<p>&nbsp;<\/p>\n<ol start=\"3\">\n<li>\n<h3><strong>Mug-cake au chocolat<\/strong>:<\/h3>\n<\/li>\n<\/ol>\n<p><em>Ingr\u00e9dients pour deux tasses: 4 cuiller\u00e9es \u00e0 soupe de farine, 5 cuiller\u00e9es \u00e0 soupe de sucre, 2 cuiller\u00e9es \u00e0 soupe de cacao en poudre, 1 cuiller\u00e9e \u00e0 caf\u00e9 de levure, 1 pinc\u00e9e de sel, 3 cuiller\u00e9es \u00e0 soupe de lait, 3 cuiller\u00e9es \u00e0 soupe d\u2019huile, 3 cuiller\u00e9es \u00e0 soupe de chocolat en morceaux, quelques gouttes d&rsquo;ar\u00f4me de vanille<\/em><\/p>\n<p><a href=\"https:\/\/storage.googleapis.com\/smartphoto-express-production-wp-blogs-com\/17\/2017\/09\/Schokokuchen-Fototasse-Teeglas-graviert-Zutaten-e1506689099857.jpeg\" target=\"_blank\" rel=\"noopener\"><img loading=\"lazy\" decoding=\"async\" class=\"col-2 col-2-1 alignnone wp-image-1012 size-full\" src=\"https:\/\/storage.googleapis.com\/smartphoto-express-production-wp-blogs-com\/17\/2017\/09\/Schokokuchen-Fototasse-Teeglas-graviert-Zutaten-e1506689099857.jpeg\" alt=\"Ingr\u00e9dients pour mug-cake au chocolat\" width=\"360\" height=\"360\" \/><\/a><a href=\"https:\/\/storage.googleapis.com\/smartphoto-express-production-wp-blogs-com\/17\/2017\/09\/Schokokuchen-Fototasse-Teeglas-graviert-Mehl-e1506689114142.jpeg\" target=\"_blank\" rel=\"noopener\"><img loading=\"lazy\" decoding=\"async\" class=\"col-2 col-2-2 alignnone wp-image-1011 size-full\" src=\"https:\/\/storage.googleapis.com\/smartphoto-express-production-wp-blogs-com\/17\/2017\/09\/Schokokuchen-Fototasse-Teeglas-graviert-Mehl-e1506689114142.jpeg\" alt=\"Pr\u00e9paration d'un mug-cake au chocolat\" width=\"360\" height=\"360\" \/><\/a><\/p>\n<p>Pour le dessert, il te faut \u00e9galement deux grandes tasses passant au micro-ondes. R\u00e9partis les ingr\u00e9dients secs dans les deux tasses et m\u00e9lange bien le tout. Incorpore ensuite les ingr\u00e9dients restants jusqu\u2019\u00e0 l\u2019obtention d\u2019une p\u00e2te bien lisse. (Comme nous avons utilis\u00e9 des petits morceaux de chocolat, notre p\u00e2te n\u2019\u00e9tait naturellement pas lisse). Passe ensuite les tasses \u00e0 puissance moyenne pendant 1 \u00bd minute au micro-ondes. Si n\u00e9cessaire remets \u00e0 cuire pendant une demi-minute (notre g\u00e2teau dans le verre \u00e0 th\u00e9 \u00e9tait encore tr\u00e8s humide, c&rsquo;est pourquoi nous l\u2019avons repass\u00e9 au micro-ondes. Mais, visiblement, c\u2019\u00e9tait trop long, car la p\u00e2te \u00e9tait ensuite br\u00fbl\u00e9e). Le g\u00e2teau dans la tasse \u00e0 caf\u00e9 \u00e9tait super bon \u2013 miam!<\/p>\n<p><a href=\"https:\/\/storage.googleapis.com\/smartphoto-express-production-wp-blogs-com\/17\/2017\/09\/Schokokuchen-Teeglas-graviert-Schokostreusel-e1506689189635.jpeg\" target=\"_blank\" rel=\"noopener\"><img loading=\"lazy\" decoding=\"async\" class=\"col-2 col-2-1 alignnone wp-image-1013 size-full\" src=\"https:\/\/storage.googleapis.com\/smartphoto-express-production-wp-blogs-com\/17\/2017\/09\/Schokokuchen-Teeglas-graviert-Schokostreusel-e1506689189635.jpeg\" alt=\"Mug-cake au chocolat avant cuisson\" width=\"360\" height=\"360\" \/><\/a><a href=\"https:\/\/storage.googleapis.com\/smartphoto-express-production-wp-blogs-com\/17\/2017\/09\/Schokokuchen-Fototasse-fertig-e1506689215708.jpeg\" target=\"_blank\" rel=\"noopener\"><img loading=\"lazy\" decoding=\"async\" class=\"col-2 col-2-2 alignnone wp-image-1010 size-full\" src=\"https:\/\/storage.googleapis.com\/smartphoto-express-production-wp-blogs-com\/17\/2017\/09\/Schokokuchen-Fototasse-fertig-e1506689215708.jpeg\" alt=\"Mug-cake au chocolat apr\u00e8s cuisson\" width=\"360\" height=\"360\" \/><\/a><\/p>\n<p>Tu trouveras la recette originale <a href=\"http:\/\/www.chefkoch.de\/rezepte\/1835751297704112\/Mug-Cake-Tassen-Mikrowellenkuchen.html\" target=\"_blank\" rel=\"noopener\">ici<\/a>.<\/p>\n<p>Je te souhaite de passer de tr\u00e8s bons moments \u00e0 d\u00e9corer, bricoler et cuisiner!<\/p>\n<p>Marie<\/p>\n","protected":false},"excerpt":{"rendered":"<p>Tasse \u00e0 caf\u00e9, tasse \u00e0 th\u00e9, tasse \u00e0 espresso, tasse \u00e0 cappuccino&#8230; grandes tasses, petites tasses, tasses blanches, tasses multicolores\u2026. Il existe une tr\u00e8s grande vari\u00e9t\u00e9 de tasses. Elles nous accompagnent pendant toute la journ\u00e9e que ce soit pour le caf\u00e9 ou le th\u00e9 du petit-d\u00e9jeuner, pour l\u2019espresso apr\u00e8s le repas de midi ou pour le chocolat chaud d\u2019une froide journ\u00e9e d\u2019hiver. La tasse est un compagnon fid\u00e8le. Comme les journ\u00e9es raccourcissent et se rafra\u00eechissent et que la p\u00e9riode de No\u00ebl approche, j\u2019ai collect\u00e9 des informations concernant les tasses ainsi que des id\u00e9es pour les transformer. J\u2019aimerais te faire d\u00e9couvrir<\/p>\n","protected":false},"author":14,"featured_media":993,"comment_status":"open","ping_status":"open","sticky":false,"template":"","format":"standard","meta":{"om_disable_all_campaigns":false,"_monsterinsights_skip_tracking":false,"_monsterinsights_sitenote_active":false,"_monsterinsights_sitenote_note":"","_monsterinsights_sitenote_category":0,"footnotes":""},"categories":[27,10,28],"tags":[91,56,32,31,94,35,36,134,136,130,133,132,131,138,137,21,60,135],"class_list":["post-992","post","type-post","status-publish","format-standard","has-post-thumbnail","hentry","category-bricolage","category-cadeaux-photos","category-idees-deco","tag-bricoler","tag-cadeaux-photo","tag-deco","tag-decoration","tag-diy","tag-idees-deco","tag-idees-decoration","tag-ides-bricolage","tag-mug-en-couleur","tag-mug-cake-au-chocolat","tag-pimp-your-cup","tag-quiche","tag-risotto","tag-sachets-de-bonbons","tag-set-des-tasses-a-cafe-personnalises","tag-smartphoto","tag-tasse-photo","tag-verre-a-the-grave"],"yoast_head":"<!-- This site is optimized with the Yoast SEO plugin v23.8 - https:\/\/yoast.com\/wordpress\/plugins\/seo\/ -->\n<title>Levons nos tasses\u2026 - Ton monde de cadeaux<\/title>\n<meta name=\"description\" content=\"Dans cet article, nous avons collect\u00e9 des id\u00e9es pour transformer des tasses en \u00e9l\u00e9ments d\u00e9coratifs. Sympa pour un cadeau de No\u00ebl ou d&#039;anniversaire!\" \/>\n<meta name=\"robots\" content=\"index, follow, max-snippet:-1, max-image-preview:large, max-video-preview:-1\" \/>\n<link rel=\"canonical\" href=\"https:\/\/www.smartphoto.ch\/blogue\/levons-nos-tasses\" \/>\n<meta property=\"og:locale\" content=\"fr_FR\" \/>\n<meta property=\"og:type\" content=\"article\" \/>\n<meta property=\"og:title\" content=\"Levons nos tasses\u2026 - Ton monde de cadeaux\" \/>\n<meta property=\"og:description\" content=\"Dans cet article, nous avons collect\u00e9 des id\u00e9es pour transformer des tasses en \u00e9l\u00e9ments d\u00e9coratifs. Sympa pour un cadeau de No\u00ebl ou d&#039;anniversaire!\" \/>\n<meta property=\"og:url\" content=\"\/blogue\/levons-nos-tasses\" \/>\n<meta property=\"og:site_name\" content=\"Ton monde de cadeaux\" \/>\n<meta property=\"article:published_time\" content=\"2017-09-29T12:57:51+00:00\" \/>\n<meta property=\"article:modified_time\" content=\"2018-08-02T09:02:25+00:00\" \/>\n<meta property=\"og:image\" content=\"https:\/\/storage.googleapis.com\/smartphoto-express-production-wp-blogs-com\/17\/2017\/09\/Fototasse_kinderzeichnung_bepflanzt-e1506687662180.jpeg\" \/>\n\t<meta property=\"og:image:width\" content=\"360\" \/>\n\t<meta property=\"og:image:height\" content=\"360\" \/>\n\t<meta property=\"og:image:type\" content=\"image\/jpeg\" \/>\n<meta name=\"author\" content=\"Marie\" \/>\n<meta name=\"twitter:card\" content=\"summary_large_image\" \/>\n<meta name=\"twitter:label1\" content=\"Written by\" \/>\n\t<meta name=\"twitter:data1\" content=\"Marie\" \/>\n\t<meta name=\"twitter:label2\" content=\"Est. reading time\" \/>\n\t<meta name=\"twitter:data2\" content=\"8 minutes\" \/>\n<script type=\"application\/ld+json\" class=\"yoast-schema-graph\">{\"@context\":\"https:\/\/schema.org\",\"@graph\":[{\"@type\":\"WebPage\",\"@id\":\"\/blogue\/levons-nos-tasses\",\"url\":\"https:\/\/www.smartphoto.ch\/blogue\/levons-nos-tasses\",\"name\":\"Levons nos tasses\u2026 - Ton monde de cadeaux\",\"isPartOf\":{\"@id\":\"https:\/\/www.smartphoto.ch\/blogue\/#website\"},\"primaryImageOfPage\":{\"@id\":\"https:\/\/www.smartphoto.ch\/blogue\/levons-nos-tasses#primaryimage\"},\"image\":{\"@id\":\"https:\/\/www.smartphoto.ch\/blogue\/levons-nos-tasses#primaryimage\"},\"thumbnailUrl\":\"https:\/\/storage.googleapis.com\/smartphoto-express-production-wp-blogs-com\/17\/2017\/09\/Fototasse_kinderzeichnung_bepflanzt-e1506687662180.jpeg\",\"datePublished\":\"2017-09-29T12:57:51+00:00\",\"dateModified\":\"2018-08-02T09:02:25+00:00\",\"author\":{\"@id\":\"https:\/\/www.smartphoto.ch\/blogue\/#\/schema\/person\/3628597c05f38a13da860d926db19a4d\"},\"description\":\"Dans cet article, nous avons collect\u00e9 des id\u00e9es pour transformer des tasses en \u00e9l\u00e9ments d\u00e9coratifs. Sympa pour un cadeau de No\u00ebl ou d'anniversaire!\",\"breadcrumb\":{\"@id\":\"https:\/\/www.smartphoto.ch\/blogue\/levons-nos-tasses#breadcrumb\"},\"inLanguage\":\"fr-FR\",\"potentialAction\":[{\"@type\":\"ReadAction\",\"target\":[\"https:\/\/www.smartphoto.ch\/blogue\/levons-nos-tasses\"]}]},{\"@type\":\"ImageObject\",\"inLanguage\":\"fr-FR\",\"@id\":\"https:\/\/www.smartphoto.ch\/blogue\/levons-nos-tasses#primaryimage\",\"url\":\"https:\/\/storage.googleapis.com\/smartphoto-express-production-wp-blogs-com\/17\/2017\/09\/Fototasse_kinderzeichnung_bepflanzt-e1506687662180.jpeg\",\"contentUrl\":\"https:\/\/storage.googleapis.com\/smartphoto-express-production-wp-blogs-com\/17\/2017\/09\/Fototasse_kinderzeichnung_bepflanzt-e1506687662180.jpeg\",\"width\":360,\"height\":360},{\"@type\":\"BreadcrumbList\",\"@id\":\"https:\/\/www.smartphoto.ch\/blogue\/levons-nos-tasses#breadcrumb\",\"itemListElement\":[{\"@type\":\"ListItem\",\"position\":1,\"name\":\"Home\",\"item\":\"\/blogue\/\"},{\"@type\":\"ListItem\",\"position\":2,\"name\":\"Levons nos tasses\u2026\"}]},{\"@type\":\"WebSite\",\"@id\":\"https:\/\/www.smartphoto.ch\/blogue\/#website\",\"url\":\"https:\/\/www.smartphoto.ch\/blogue\/\",\"name\":\"Ton monde de cadeaux\",\"description\":\"Ton monde de cadeaux\",\"potentialAction\":[{\"@type\":\"SearchAction\",\"target\":{\"@type\":\"EntryPoint\",\"urlTemplate\":\"https:\/\/www.smartphoto.ch\/blogue\/?s={search_term_string}\"},\"query-input\":{\"@type\":\"PropertyValueSpecification\",\"valueRequired\":true,\"valueName\":\"search_term_string\"}}],\"inLanguage\":\"fr-FR\"},{\"@type\":\"Person\",\"@id\":\"https:\/\/www.smartphoto.ch\/blogue\/#\/schema\/person\/3628597c05f38a13da860d926db19a4d\",\"name\":\"Marie\",\"image\":{\"@type\":\"ImageObject\",\"inLanguage\":\"fr-FR\",\"@id\":\"https:\/\/www.smartphoto.ch\/blogue\/#\/schema\/person\/image\/\",\"url\":\"https:\/\/secure.gravatar.com\/avatar\/808adf273494c4707391b67c498b5617?s=96&d=mm&r=g\",\"contentUrl\":\"https:\/\/secure.gravatar.com\/avatar\/808adf273494c4707391b67c498b5617?s=96&d=mm&r=g\",\"caption\":\"Marie\"},\"url\":\"https:\/\/www.smartphoto.ch\/blogue\/author\/dennis\"}]}<\/script>\n<!-- \/ Yoast SEO plugin. -->","yoast_head_json":{"title":"Levons nos tasses\u2026 - Ton monde de cadeaux","description":"Dans cet article, nous avons collect\u00e9 des id\u00e9es pour transformer des tasses en \u00e9l\u00e9ments d\u00e9coratifs. Sympa pour un cadeau de No\u00ebl ou d'anniversaire!","robots":{"index":"index","follow":"follow","max-snippet":"max-snippet:-1","max-image-preview":"max-image-preview:large","max-video-preview":"max-video-preview:-1"},"canonical":"https:\/\/www.smartphoto.ch\/blogue\/levons-nos-tasses","og_locale":"fr_FR","og_type":"article","og_title":"Levons nos tasses\u2026 - Ton monde de cadeaux","og_description":"Dans cet article, nous avons collect\u00e9 des id\u00e9es pour transformer des tasses en \u00e9l\u00e9ments d\u00e9coratifs. Sympa pour un cadeau de No\u00ebl ou d'anniversaire!","og_url":"\/blogue\/levons-nos-tasses","og_site_name":"Ton monde de cadeaux","article_published_time":"2017-09-29T12:57:51+00:00","article_modified_time":"2018-08-02T09:02:25+00:00","og_image":[{"width":360,"height":360,"url":"https:\/\/storage.googleapis.com\/smartphoto-express-production-wp-blogs-com\/17\/2017\/09\/Fototasse_kinderzeichnung_bepflanzt-e1506687662180.jpeg","type":"image\/jpeg"}],"author":"Marie","twitter_card":"summary_large_image","twitter_misc":{"Written by":"Marie","Est. reading time":"8 minutes"},"schema":{"@context":"https:\/\/schema.org","@graph":[{"@type":"WebPage","@id":"\/blogue\/levons-nos-tasses","url":"https:\/\/www.smartphoto.ch\/blogue\/levons-nos-tasses","name":"Levons nos tasses\u2026 - Ton monde de cadeaux","isPartOf":{"@id":"https:\/\/www.smartphoto.ch\/blogue\/#website"},"primaryImageOfPage":{"@id":"https:\/\/www.smartphoto.ch\/blogue\/levons-nos-tasses#primaryimage"},"image":{"@id":"https:\/\/www.smartphoto.ch\/blogue\/levons-nos-tasses#primaryimage"},"thumbnailUrl":"https:\/\/storage.googleapis.com\/smartphoto-express-production-wp-blogs-com\/17\/2017\/09\/Fototasse_kinderzeichnung_bepflanzt-e1506687662180.jpeg","datePublished":"2017-09-29T12:57:51+00:00","dateModified":"2018-08-02T09:02:25+00:00","author":{"@id":"https:\/\/www.smartphoto.ch\/blogue\/#\/schema\/person\/3628597c05f38a13da860d926db19a4d"},"description":"Dans cet article, nous avons collect\u00e9 des id\u00e9es pour transformer des tasses en \u00e9l\u00e9ments d\u00e9coratifs. Sympa pour un cadeau de No\u00ebl ou d'anniversaire!","breadcrumb":{"@id":"https:\/\/www.smartphoto.ch\/blogue\/levons-nos-tasses#breadcrumb"},"inLanguage":"fr-FR","potentialAction":[{"@type":"ReadAction","target":["https:\/\/www.smartphoto.ch\/blogue\/levons-nos-tasses"]}]},{"@type":"ImageObject","inLanguage":"fr-FR","@id":"https:\/\/www.smartphoto.ch\/blogue\/levons-nos-tasses#primaryimage","url":"https:\/\/storage.googleapis.com\/smartphoto-express-production-wp-blogs-com\/17\/2017\/09\/Fototasse_kinderzeichnung_bepflanzt-e1506687662180.jpeg","contentUrl":"https:\/\/storage.googleapis.com\/smartphoto-express-production-wp-blogs-com\/17\/2017\/09\/Fototasse_kinderzeichnung_bepflanzt-e1506687662180.jpeg","width":360,"height":360},{"@type":"BreadcrumbList","@id":"https:\/\/www.smartphoto.ch\/blogue\/levons-nos-tasses#breadcrumb","itemListElement":[{"@type":"ListItem","position":1,"name":"Home","item":"\/blogue\/"},{"@type":"ListItem","position":2,"name":"Levons nos tasses\u2026"}]},{"@type":"WebSite","@id":"https:\/\/www.smartphoto.ch\/blogue\/#website","url":"https:\/\/www.smartphoto.ch\/blogue\/","name":"Ton monde de cadeaux","description":"Ton monde de cadeaux","potentialAction":[{"@type":"SearchAction","target":{"@type":"EntryPoint","urlTemplate":"https:\/\/www.smartphoto.ch\/blogue\/?s={search_term_string}"},"query-input":{"@type":"PropertyValueSpecification","valueRequired":true,"valueName":"search_term_string"}}],"inLanguage":"fr-FR"},{"@type":"Person","@id":"https:\/\/www.smartphoto.ch\/blogue\/#\/schema\/person\/3628597c05f38a13da860d926db19a4d","name":"Marie","image":{"@type":"ImageObject","inLanguage":"fr-FR","@id":"https:\/\/www.smartphoto.ch\/blogue\/#\/schema\/person\/image\/","url":"https:\/\/secure.gravatar.com\/avatar\/808adf273494c4707391b67c498b5617?s=96&d=mm&r=g","contentUrl":"https:\/\/secure.gravatar.com\/avatar\/808adf273494c4707391b67c498b5617?s=96&d=mm&r=g","caption":"Marie"},"url":"https:\/\/www.smartphoto.ch\/blogue\/author\/dennis"}]}},"_links":{"self":[{"href":"https:\/\/www.smartphoto.ch\/blogue\/wp-json\/wp\/v2\/posts\/992","targetHints":{"allow":["GET"]}}],"collection":[{"href":"https:\/\/www.smartphoto.ch\/blogue\/wp-json\/wp\/v2\/posts"}],"about":[{"href":"https:\/\/www.smartphoto.ch\/blogue\/wp-json\/wp\/v2\/types\/post"}],"author":[{"embeddable":true,"href":"https:\/\/www.smartphoto.ch\/blogue\/wp-json\/wp\/v2\/users\/14"}],"replies":[{"embeddable":true,"href":"https:\/\/www.smartphoto.ch\/blogue\/wp-json\/wp\/v2\/comments?post=992"}],"version-history":[{"count":4,"href":"https:\/\/www.smartphoto.ch\/blogue\/wp-json\/wp\/v2\/posts\/992\/revisions"}],"predecessor-version":[{"id":2384,"href":"https:\/\/www.smartphoto.ch\/blogue\/wp-json\/wp\/v2\/posts\/992\/revisions\/2384"}],"wp:featuredmedia":[{"embeddable":true,"href":"https:\/\/www.smartphoto.ch\/blogue\/wp-json\/wp\/v2\/media\/993"}],"wp:attachment":[{"href":"https:\/\/www.smartphoto.ch\/blogue\/wp-json\/wp\/v2\/media?parent=992"}],"wp:term":[{"taxonomy":"category","embeddable":true,"href":"https:\/\/www.smartphoto.ch\/blogue\/wp-json\/wp\/v2\/categories?post=992"},{"taxonomy":"post_tag","embeddable":true,"href":"https:\/\/www.smartphoto.ch\/blogue\/wp-json\/wp\/v2\/tags?post=992"}],"curies":[{"name":"wp","href":"https:\/\/api.w.org\/{rel}","templated":true}]}}